{"id":138054,"date":"2025-11-03T16:21:10","date_gmt":"2025-11-03T16:21:10","guid":{"rendered":"https:\/\/www.europesays.com\/pt\/138054\/"},"modified":"2025-11-03T16:21:10","modified_gmt":"2025-11-03T16:21:10","slug":"ii-liga-penafiel-muda-relvado-pela-primeira-vez-em-40-anos","status":"publish","type":"post","link":"https:\/\/www.europesays.com\/pt\/138054\/","title":{"rendered":"II Liga: Penafiel muda relvado pela primeira vez em 40 anos"},"content":{"rendered":"<p style=\"margin-bottom:11px\">O Penafiel vai sentindo os efeitos da compra da SAD pelo multimilion\u00e1rio espanhol Juan Carlos Escotet. \u00a0Atrav\u00e9s das redes sociais, o clube informou que o relvado do\u00a0Municipal 25 de Abril, com mais de 40 anos, vai ser substitu\u00eddo por um h\u00edbrido de \u00faltima gera\u00e7\u00e3o. O novo tapete vai ser instalado pela empresa italiana Limonta, antiga respons\u00e1vel pelos relvados de Real Madrid e Milan.<\/p>\n<p>Recorde-se que, este ver\u00e3o, Juan Carlos Escotet adquiriu 90 por cento da SAD do Penafiel por 12 milh\u00f5es de euros. O magnata espanhol, de 65 anos, \u00e9 dono do Deportivo Coru\u00f1a, presidente do banco ABANCA e do conselho de administra\u00e7\u00e3o do Kopke Group, empresa ligada ao Vinho do Porto.<\/p>\n<p>\u00abA interven\u00e7\u00e3o inclui ainda a renova\u00e7\u00e3o completa dos sistemas de drenagem e rega, integrada no plano estrat\u00e9gico de investimento liderado pela nova propriedade, orientado para refor\u00e7ar as condi\u00e7\u00f5es desportivas e operacionais do clube. (&#8230;)\u00a0Enquanto decorrem os trabalhos, o jogo frente ao Sporting B (&#8230;) ser\u00e1 disputado no Est\u00e1dio do Vizela, no s\u00e1bado, 8 de novembro, \u00e0s 11:00 horas\u00bb, esclarece o clube.<\/p>\n<p>O <a href=\"https:\/\/maisfutebol.iol.pt\/resultadoseclassificacoes\/291\/Portugal\/Liga-de-Honra\" rel=\"nofollow noopener\" target=\"_blank\">Penafiel \u00e9 nono da II Liga, com 12 pontos<\/a>, a cinco dos lugares de promo\u00e7\u00e3o direta, e com quatro pontos de vantagem sobre a \u201czona proibida\u201d.<\/p>\n","protected":false},"excerpt":{"rendered":"O Penafiel vai sentindo os efeitos da compra da SAD pelo multimilion\u00e1rio espanhol Juan Carlos Escotet. \u00a0Atrav\u00e9s das&hellip;\n","protected":false},"author":2,"featured_media":138055,"comment_status":"","ping_status":"","sticky":false,"template":"","format":"standard","meta":{"footnotes":""},"categories":[87],"tags":[135,5919,30823,46,30824,56,32,33,47,134],"class_list":{"0":"post-138054","1":"post","2":"type-post","3":"status-publish","4":"format-standard","5":"has-post-thumbnail","7":"category-desporto","8":"tag-desporto","9":"tag-ii-liga","10":"tag-juan-carlos-escotet","11":"tag-maisfutebol","12":"tag-municipal-25-de-abril","13":"tag-penafiel","14":"tag-portugal","15":"tag-pt","16":"tag-pura-paixao","17":"tag-sports"},"share_on_mastodon":{"url":"https:\/\/pubeurope.com\/@pt\/115486686197343605","error":""},"_links":{"self":[{"href":"https:\/\/www.europesays.com\/pt\/wp-json\/wp\/v2\/posts\/138054","targetHints":{"allow":["GET"]}}],"collection":[{"href":"https:\/\/www.europesays.com\/pt\/wp-json\/wp\/v2\/posts"}],"about":[{"href":"https:\/\/www.europesays.com\/pt\/wp-json\/wp\/v2\/types\/post"}],"author":[{"embeddable":true,"href":"https:\/\/www.europesays.com\/pt\/wp-json\/wp\/v2\/users\/2"}],"replies":[{"embeddable":true,"href":"https:\/\/www.europesays.com\/pt\/wp-json\/wp\/v2\/comments?post=138054"}],"version-history":[{"count":0,"href":"https:\/\/www.europesays.com\/pt\/wp-json\/wp\/v2\/posts\/138054\/revisions"}],"wp:featuredmedia":[{"embeddable":true,"href":"https:\/\/www.europesays.com\/pt\/wp-json\/wp\/v2\/media\/138055"}],"wp:attachment":[{"href":"https:\/\/www.europesays.com\/pt\/wp-json\/wp\/v2\/media?parent=138054"}],"wp:term":[{"taxonomy":"category","embeddable":true,"href":"https:\/\/www.europesays.com\/pt\/wp-json\/wp\/v2\/categories?post=138054"},{"taxonomy":"post_tag","embeddable":true,"href":"https:\/\/www.europesays.com\/pt\/wp-json\/wp\/v2\/tags?post=138054"}],"curies":[{"name":"wp","href":"https:\/\/api.w.org\/{rel}","templated":true}]}}