{"id":138072,"date":"2025-11-03T16:35:05","date_gmt":"2025-11-03T16:35:05","guid":{"rendered":"https:\/\/www.europesays.com\/pt\/138072\/"},"modified":"2025-11-03T16:35:05","modified_gmt":"2025-11-03T16:35:05","slug":"nem-haaland-nem-mbappe-conheca-o-avancado-que-lidera-a-corrida-pela-bota-de-ouro-zerozero-pt","status":"publish","type":"post","link":"https:\/\/www.europesays.com\/pt\/138072\/","title":{"rendered":"Nem Haaland, nem Mbapp\u00e9: conhe\u00e7a o avan\u00e7ado que lidera a corrida pela Bota de Ouro &#8211; zerozero.pt"},"content":{"rendered":"<ol>\n<li><a href=\"https:\/\/news.google.com\/rss\/articles\/CBMivAFBVV95cUxPWEtIcFZfc2hsS0VxWkFha0oxSUZ2M0JVRFgxWXpxUF9vWDhSaHY1ajZyZHZmVkhFeG56Y25pVnFJNWRucFBoT2ZBRHJLSUZrYTFncXJNSloxUHhOUk1jOEUxcHotcnZyZHpPNVVfLU5lRUl4QUc1cG0wRG9nT3lFZ1huQlhMNVhTZnJOdzhMM3UwSzNsWkU0RnhhdjY3Z21KQU9SY0VrSWc0Ykx2VEtqMHg2VE43Sk9yYkpicQ?oc=5\" target=\"_blank\" rel=\"nofollow noopener\">Nem Haaland, nem Mbapp\u00e9: conhe\u00e7a o avan\u00e7ado que lidera a corrida pela Bota de Ouro<\/a>&nbsp;&nbsp;zerozero.pt<\/li>\n<li><a href=\"https:\/\/news.google.com\/rss\/articles\/CBMi-gFBVV95cUxQSWhZdWpjLUE0Uzg2OEV6T3BOZDBnYVlSY2ZWUXFvZUM1a2ZDeGdLWlVTWGdhUWExUnlDRE1TbW9aY3FFNWZ5cUpROGd6amp3NkZjYXctR2pYazk1VXZZZkRlUDBGRkRzM2psRElmdjFnMjdCeVdYd2VaTGthMnlZX196QnhNd3dXRmFXX21vbmQzWWg3dndEbk5BWlpMMjczOTJIRWJtVmZxbThhYU9ObThEcF9za2UxQkloS2FjbTFCSHRBdWJMNVFJenNPQW1ueDVWbnk0VUNMZnd3V1lVWk5vT0o2V05GOHpTNlN6NFAxOW9NMVpWLTNR?oc=5\" target=\"_blank\" rel=\"nofollow noopener\">Conhe\u00e7a o atacante que lidera corrida de artilheiro da Europa \u00e0 frente de Haaland e Mbapp\u00e9<\/a>&nbsp;&nbsp;ge<\/li>\n<li><a href=\"https:\/\/news.google.com\/rss\/articles\/CBMiswFBVV95cUxOVnRjVzVMN20xZU03R3RPVEI2LV9LOURRM3JvazVxMllRSVNoellmeHl2UC1VbXVtQUZyNDVib294N1NRVThxRHU1ZGE4aDREenVMNkNZWjQ0ZWZHUDEzSVIzX21HQmcwMlZfRS14MUhOVk5OYnZZWGtWbTc1RmZIZEhMTDE4a2ZYbXNmZnJzMkRSV2hrNmdiMTkxYkJfdFNNWXhrLVdneTdqOWVXWjNDb2I5VdIBtwFBVV95cUxOVDI3c05oRXZDS2VLbk0yR1RqSEx0LVNvRU1hbWRfcFBzckxUdHRmUmpQSGFuUGhFNk1QTUZhYWhjcGdNdzhmR0lnUmdKOG96S21sNml3TXpLX2ZtVll1VFBQdFM4QVBQdFZlOUljUXFkZXZVT2FINEk5WTZKYjRzR2JzMGN0S3ppQlpzbWdrYlVoZXZwQk1YRjhCVll6MnllVTl6RlhlY2cySjY0RkRJT09sSVo2ZTg?oc=5\" target=\"_blank\" rel=\"nofollow noopener\">Haaland e Mbapp\u00e9 empatam na corrida pela Bota de Ouro, mas atacante da Let\u00f4nia lidera a disputa<\/a>&nbsp;&nbsp;Folha PE<\/li>\n<li><a href=\"https:\/\/news.google.com\/rss\/articles\/CBMi1gFBVV95cUxObHZiOF9VM19vMDQ4dktSZDZhM2phM0pXWTFySGk0WWZBVE5FbjJkVnM1TzliYlhpZUIzYW5TVElxWDkwS09zZS10NF9ybTZLak5iYXdpVnNKeWlXaW55NHJpRkdDYW9GTjM4WDhrclFXM18tRjZWSlBiMmVNY0ZNamVvU0RnY21FbFRhU1FoVjFESmJSVURJU25pVTdHdTE3UXlZSlA2UVduZ2U1YnlsT0o1NjMxM21lUDVIWVNZUWhIUy1XTzFNNWxBbTNMbGpncWFvRmlR?oc=5\" target=\"_blank\" rel=\"nofollow noopener\">Melhores marcadores da Champions League: Harry Kane iguala Kylian Mbapp\u00e9<\/a>&nbsp;&nbsp;UEFA.com<\/li>\n<li><a href=\"https:\/\/news.google.com\/rss\/articles\/CBMiugFBVV95cUxQZldEMm9sdkFtUUhHZzVjcW5QRDQtRWtVT1FOeFVqdHRyS2pIbloyZElvVE5CbkstODdXMEFyVllqSlVualBCTE42MVdpSHpRMFFsTGRXYnl2NmRXUk90bXN0dEgxN3RtMW56Z0l5T2pTcGhmclNwMzRVcHdaWUtlTjM3LUhoSS1HZ09wRnhDS3JQQWY5aW5hdGNmNVFFbEN3Q2xfVUNqak5IMDVpVkk2a0JudWJwZ3lyRUE?oc=5\" target=\"_blank\" rel=\"nofollow noopener\">J\u00e1 viu quem lidera a corrida \u00e0 Bota de Ouro? N\u00e3o \u00e9 Haaland, nem Mbapp\u00e9<\/a>&nbsp;&nbsp;A Bola<\/li>\n<\/ol>\n","protected":false},"excerpt":{"rendered":"Nem Haaland, nem Mbapp\u00e9: conhe\u00e7a o avan\u00e7ado que lidera a corrida pela Bota de Ouro&nbsp;&nbsp;zerozero.pt Conhe\u00e7a o atacante&hellip;\n","protected":false},"author":2,"featured_media":138073,"comment_status":"","ping_status":"","sticky":false,"template":"","format":"standard","meta":{"footnotes":""},"categories":[87],"tags":[135,526,524,13,32,33,527,525,134,523],"class_list":{"0":"post-138072","1":"post","2":"type-post","3":"status-publish","4":"format-standard","5":"has-post-thumbnail","7":"category-desporto","8":"tag-desporto","9":"tag-football","10":"tag-futebol","11":"tag-noticias","12":"tag-portugal","13":"tag-pt","14":"tag-resultados","15":"tag-soccer","16":"tag-sports","17":"tag-zerozero"},"share_on_mastodon":{"url":"https:\/\/pubeurope.com\/@pt\/115486741254071901","error":""},"_links":{"self":[{"href":"https:\/\/www.europesays.com\/pt\/wp-json\/wp\/v2\/posts\/138072","targetHints":{"allow":["GET"]}}],"collection":[{"href":"https:\/\/www.europesays.com\/pt\/wp-json\/wp\/v2\/posts"}],"about":[{"href":"https:\/\/www.europesays.com\/pt\/wp-json\/wp\/v2\/types\/post"}],"author":[{"embeddable":true,"href":"https:\/\/www.europesays.com\/pt\/wp-json\/wp\/v2\/users\/2"}],"replies":[{"embeddable":true,"href":"https:\/\/www.europesays.com\/pt\/wp-json\/wp\/v2\/comments?post=138072"}],"version-history":[{"count":0,"href":"https:\/\/www.europesays.com\/pt\/wp-json\/wp\/v2\/posts\/138072\/revisions"}],"wp:featuredmedia":[{"embeddable":true,"href":"https:\/\/www.europesays.com\/pt\/wp-json\/wp\/v2\/media\/138073"}],"wp:attachment":[{"href":"https:\/\/www.europesays.com\/pt\/wp-json\/wp\/v2\/media?parent=138072"}],"wp:term":[{"taxonomy":"category","embeddable":true,"href":"https:\/\/www.europesays.com\/pt\/wp-json\/wp\/v2\/categories?post=138072"},{"taxonomy":"post_tag","embeddable":true,"href":"https:\/\/www.europesays.com\/pt\/wp-json\/wp\/v2\/tags?post=138072"}],"curies":[{"name":"wp","href":"https:\/\/api.w.org\/{rel}","templated":true}]}}