{"id":138080,"date":"2025-11-03T16:42:15","date_gmt":"2025-11-03T16:42:15","guid":{"rendered":"https:\/\/www.europesays.com\/pt\/138080\/"},"modified":"2025-11-03T16:42:15","modified_gmt":"2025-11-03T16:42:15","slug":"presidente-do-governo-de-valencia-reconhece-erros-e-demite-se-um-ano-depois","status":"publish","type":"post","link":"https:\/\/www.europesays.com\/pt\/138080\/","title":{"rendered":"Presidente do Governo de Val\u00eancia reconhece erros e demite-se um ano depois"},"content":{"rendered":"<p>&#13;<br \/>\n\u00a0&#13;\n<\/p>\n<p>&#8220;Decidi pela primeira vez em 12 meses fazer um balan\u00e7o mais pessoal&#8221;, disse Carlos Maz\u00f3n, numa declara\u00e7\u00e3o na sede do governo auton\u00f3mico da Comunidade Valenciana, no leste de Espanha.<\/p>\n<p>&#8220;\u00c9 o momento de reconhecer erros pr\u00f3prios&#8221;, acrescentou, assumindo que neste ano se tornou no &#8220;centro da cr\u00edtica pol\u00edtica&#8221; por causa do temporal e das inunda\u00e7\u00f5es de h\u00e1 um ano, em que morreram 229 pessoas na Comunidade Valenciana.<\/p>\n<p>Maz\u00f3n, dirigente local do Partido Popular (PP, direita) assumiu que errou ao n\u00e3o pedir a declara\u00e7\u00e3o de emerg\u00eancia nacional na regi\u00e3o (o que impediu que fosse o Governo nacional, liderado pelos socialistas, a assumir a gest\u00e3o) e em ocultar inicialmente onde estava no dia das inunda\u00e7\u00f5es, quando s\u00f3 se dirigiu ao centro de comando ao final do dia.<\/p>\n<p>O at\u00e9 agora presidente do governo regional valenciano reconheceu ainda que os dias do anivers\u00e1rio das inunda\u00e7\u00f5es, na semana passada, quando foi insultado na presen\u00e7a dos Reis de Espanha por familiares das v\u00edtimas durante um funeral de Estado, foram &#8220;duros, profundos, dilacerantes, crispados e, por vezes cru\u00e9is&#8221;.<\/p>\n<p>&#8220;J\u00e1 n\u00e3o aguento mais&#8221;, afirmou Carlos Maz\u00f3n, numa declara\u00e7\u00e3o em que apesar de ter assumido erros pr\u00f3prios deixou sobretudo acusa\u00e7\u00f5es ao Governo de Espanha e a outras entidades, considerando que n\u00e3o foi disponibilizada no dia das inunda\u00e7\u00f5es a informa\u00e7\u00e3o adequada para tomada de decis\u00f5es e que, posteriormente, foi negada a ajuda necess\u00e1ria \u00e0 regi\u00e3o por parte do Estado central.<\/p>\n<p>&#8220;Sei que o ru\u00eddo que h\u00e1 em redor da minha pessoa \u00e9 a desculpa perfeita para ocultar a assun\u00e7\u00e3o de responsabilidades do Governo&#8221;, afirmou.<\/p>\n<p>Carlos Maz\u00f3n deu nos \u00faltimos 12 meses diversas vers\u00f5es sobre a sua agenda no dia 29 de outubro, quando se sabe hoje que teve um almo\u00e7o de mais de quatro horas com uma jornalista num espa\u00e7o reservado de um restaurante da cidade de Val\u00eancia.<\/p>\n<p>A demiss\u00e3o de hoje ocorreu poucos minutos antes de a jornalista com quem almo\u00e7ou naquele dia ser ouvida, como testemunha, perante a ju\u00edza que est\u00e1 a instruir a investiga\u00e7\u00e3o judicial para apurar eventuais responsabilidades penais nas mortes nas cheias.<\/p>\n<p>O primeiro relat\u00f3rio da ju\u00edza foi conhecido em fevereiro e concluiu que a maioria das 229 v\u00edtimas morreu antes de ser enviado um alerta para os telem\u00f3veis da popula\u00e7\u00e3o pela prote\u00e7\u00e3o civil, que \u00e9 tutelada pelo governo auton\u00f3mico.<\/p>\n<p>&#8220;A aus\u00eancia flagrante de avisos \u00e0 popula\u00e7\u00e3o&#8221; pode ter causado um &#8220;n\u00famero avassalador de mortos&#8221;, escreveu a ju\u00edza.<\/p>\n<p>Para a magistrada, o problema no dia das cheias n\u00e3o foi a &#8220;falta de informa\u00e7\u00e3o&#8221;, mas a informa\u00e7\u00e3o dispon\u00edvel ter sido ignorada ou &#8220;as decis\u00f5es relevantes n\u00e3o terem sido tomadas por quem tinha poder de decis\u00e3o&#8221;.<\/p>\n<p>A ag\u00eancia de meteorologia de Espanha (Aemet) tinha acionado um aviso vermelho desde as 07:00 da manh\u00e3 para a regi\u00e3o de Val\u00eancia, mas s\u00f3 \u00e0s 20:11 as popula\u00e7\u00f5es receberam nos telem\u00f3veis o alerta da prote\u00e7\u00e3o civil.<\/p>\n<p>Maz\u00f3n tornou-se no principal alvo das cr\u00edticas das popula\u00e7\u00f5es e foram convocadas 12 manifesta\u00e7\u00f5es em 12 meses em Val\u00eancia pedindo a sua demiss\u00e3o, que mobilizaram dezenas de milhares de pessoas.<\/p>\n<p>As maiores ocorreram logo a seguir \u00e0s cheias, em 09 de novembro (130 mil pessoas) e 30 de novembro (100 mil). A \u00faltima, no final de outubro, levou 50 mil pessoas \u00e0s ruas, segundo as autoridades locais.<\/p>\n<p>No funeral de Estado da semana passada, Maz\u00f3n foi recebido por gritos de familiares das v\u00edtimas que, antes da entrada dos Reis de Espanha no espa\u00e7o do Museu das Ci\u00eancias de Val\u00eancia onde decorreu a cerim\u00f3nia, lhe chamaram &#8220;assassino&#8221; e &#8220;cobarde&#8221;.<\/p>\n<p>Associa\u00e7\u00f5es de v\u00edtimas das inunda\u00e7\u00f5es e familiares de pessoas que morreram nas cheias tinham pedido a Carlos Maz\u00f3n para n\u00e3o ir ao funeral de Estado.<\/p>\n<p>O Rei de Espanha, Felipe VI, pediu na mesma cerim\u00f3nia para serem analisadas as causas e circunst\u00e2ncias das inunda\u00e7\u00f5es.<\/p>\n<p>&#8220;Todos desejamos que algo assim n\u00e3o volte a acontecer. Vamos todos esfor\u00e7ar-nos para impedir que se repita&#8221;, disse o chefe de Estado de Espanha.&#13;\n<\/p>\n<p>&#13;<br \/>\n\u00a0&#13;<\/p>\n","protected":false},"excerpt":{"rendered":"&#13; \u00a0&#13; &#8220;Decidi pela primeira vez em 12 meses fazer um balan\u00e7o mais pessoal&#8221;, disse Carlos Maz\u00f3n, numa&hellip;\n","protected":false},"author":2,"featured_media":138081,"comment_status":"","ping_status":"","sticky":false,"template":"","format":"standard","meta":{"footnotes":""},"categories":[8],"tags":[27,28,15,16,14,25,26,21,22,12,13,19,20,30825,32,23,24,33,17,18,29,30,31,323],"class_list":{"0":"post-138080","1":"post","2":"type-post","3":"status-publish","4":"format-standard","5":"has-post-thumbnail","7":"category-principais-noticias","8":"tag-breaking-news","9":"tag-breakingnews","10":"tag-featured-news","11":"tag-featurednews","12":"tag-headlines","13":"tag-latest-news","14":"tag-latestnews","15":"tag-main-news","16":"tag-mainnews","17":"tag-news","18":"tag-noticias","19":"tag-noticias-principais","20":"tag-noticiasprincipais","21":"tag-popular-pp","22":"tag-portugal","23":"tag-principais-noticias","24":"tag-principaisnoticias","25":"tag-pt","26":"tag-top-stories","27":"tag-topstories","28":"tag-ultimas","29":"tag-ultimas-noticias","30":"tag-ultimasnoticias","31":"tag-valencia"},"share_on_mastodon":{"url":"https:\/\/pubeurope.com\/@pt\/115486768843747604","error":""},"_links":{"self":[{"href":"https:\/\/www.europesays.com\/pt\/wp-json\/wp\/v2\/posts\/138080","targetHints":{"allow":["GET"]}}],"collection":[{"href":"https:\/\/www.europesays.com\/pt\/wp-json\/wp\/v2\/posts"}],"about":[{"href":"https:\/\/www.europesays.com\/pt\/wp-json\/wp\/v2\/types\/post"}],"author":[{"embeddable":true,"href":"https:\/\/www.europesays.com\/pt\/wp-json\/wp\/v2\/users\/2"}],"replies":[{"embeddable":true,"href":"https:\/\/www.europesays.com\/pt\/wp-json\/wp\/v2\/comments?post=138080"}],"version-history":[{"count":0,"href":"https:\/\/www.europesays.com\/pt\/wp-json\/wp\/v2\/posts\/138080\/revisions"}],"wp:featuredmedia":[{"embeddable":true,"href":"https:\/\/www.europesays.com\/pt\/wp-json\/wp\/v2\/media\/138081"}],"wp:attachment":[{"href":"https:\/\/www.europesays.com\/pt\/wp-json\/wp\/v2\/media?parent=138080"}],"wp:term":[{"taxonomy":"category","embeddable":true,"href":"https:\/\/www.europesays.com\/pt\/wp-json\/wp\/v2\/categories?post=138080"},{"taxonomy":"post_tag","embeddable":true,"href":"https:\/\/www.europesays.com\/pt\/wp-json\/wp\/v2\/tags?post=138080"}],"curies":[{"name":"wp","href":"https:\/\/api.w.org\/{rel}","templated":true}]}}