{"id":138088,"date":"2025-11-03T16:49:11","date_gmt":"2025-11-03T16:49:11","guid":{"rendered":"https:\/\/www.europesays.com\/pt\/138088\/"},"modified":"2025-11-03T16:49:11","modified_gmt":"2025-11-03T16:49:11","slug":"filhos-mais-velhos-de-simao-sabrosa-ausentes-do-aniversario-do-pai-nem-sequer-foram-convidados","status":"publish","type":"post","link":"https:\/\/www.europesays.com\/pt\/138088\/","title":{"rendered":"Filhos mais velhos de Sim\u00e3o Sabrosa ausentes do anivers\u00e1rio do pai: &#8220;Nem sequer foram convidados&#8230;&#8221;"},"content":{"rendered":"<p>Sim\u00e3o Sabrosa celebrou o seu 46\u00ba anivers\u00e1rio na passada sexta-feira, 31 de outubro, e viveu uma noite especial ao festejar na companhia da mulher, Vanessa Rebelo, familiares e amigos do casal.<\/p>\n<p>No programa \u2018V+ Fama\u2019, transmitido no V+ TVI, desta segunda-feira, 3 de novembro, Adriano Silva Martins destacou as \u201c<strong>duas sonoras aus\u00eancias<\/strong>\u201c: Mariana e Martim, filhos mais velhos de Sim\u00e3o.<\/p>\n<p>Por sua vez, Pimpinha Jardim lamentou esta aus\u00eancia do anivers\u00e1rio do ex-futebolista e atual Diretor T\u00e9cnico do futebol profissional do Benfica: \u201c<strong>N<\/strong><strong>\u00e3o quero dizer que n\u00e3o \u00e9 um tema, mas n\u00f3s j\u00e1 sabemos que n\u00e3o h\u00e1 rela\u00e7\u00e3o, h\u00e1 cerca de quatro anos que deixou de haver rela\u00e7\u00e3o entre este pai e entre estes filhos. Portanto, para mim, n\u00e3o \u00e9 uma surpresa, com muita pena obviamente. A verdade \u00e9 que n\u00e3o se d\u00e3o h\u00e1 quatro anos, portanto, n\u00e3o haveria raz\u00e3o para os filhos estarem presentes, sendo que sabemos que eles tamb\u00e9m n\u00e3o estavam c\u00e1, eles estavam fora<\/strong>\u201c.<\/p>\n<p>Depois, Adriano Silva Martins revelou o que conseguiu apurar: \u201c<strong>Pela informa\u00e7\u00e3o que tenho, obviamente que os filhos nem sequer foram convidados, porque n\u00e3o h\u00e1 esta comunica\u00e7\u00e3o entre o pai e os filhos e, nesta ocasi\u00e3o, nem sequer houve uma tentativa do pai em convidar os filhos porque, pela informa\u00e7\u00e3o que eu tenho, este pai sempre tentou que houvesse essa aproxima\u00e7\u00e3o e que foram os filhos, de certa maneira, aqueles que disseram: \u201cChega! At\u00e9 aqui n\u00f3s n\u00e3o queremos manter contacto com o pai\u201d<\/strong>\u201c.<\/p>\n<p>Veja as imagens do anivers\u00e1rio de Sim\u00e3o Sabrosa em baixo:<\/p>\n<blockquote class=\"instagram-media\" style=\"background: #FFF; border: 0; border-radius: 3px; box-shadow: 0 0 1px 0 rgba(0,0,0,0.5),0 1px 10px 0 rgba(0,0,0,0.15); margin: 1px; max-width: 540px; min-width: 326px; padding: 0; width: calc(100% - 2px);\" data-instgrm-captioned=\"\" data-instgrm-permalink=\"https:\/\/www.instagram.com\/p\/DQhiEe5CJ-d\/?utm_source=ig_embed&amp;utm_campaign=loading\" data-instgrm-version=\"14\">\n<\/blockquote>\n<p>\t\t\t\t\t\t\t\t\t\t\t\t\t\t\t\t\t\t\t\t\t\t\t\t\t\t\t<script async src=\"\/\/www.instagram.com\/embed.js\"><\/script><\/p>\n","protected":false},"excerpt":{"rendered":"Sim\u00e3o Sabrosa celebrou o seu 46\u00ba anivers\u00e1rio na passada sexta-feira, 31 de outubro, e viveu uma noite especial&hellip;\n","protected":false},"author":2,"featured_media":138089,"comment_status":"","ping_status":"","sticky":false,"template":"","format":"standard","meta":{"footnotes":""},"categories":[87],"tags":[30826,30827,1722,135,1870,10562,32,33,30828,134],"class_list":{"0":"post-138088","1":"post","2":"type-post","3":"status-publish","4":"format-standard","5":"has-post-thumbnail","7":"category-desporto","8":"tag-aniversu00e1rio","9":"tag-ausentes","10":"tag-convidados","11":"tag-desporto","12":"tag-filhos","13":"tag-pai","14":"tag-portugal","15":"tag-pt","16":"tag-simu00e3o-sabrosa","17":"tag-sports"},"share_on_mastodon":{"url":"https:\/\/pubeurope.com\/@pt\/115486796680843276","error":""},"_links":{"self":[{"href":"https:\/\/www.europesays.com\/pt\/wp-json\/wp\/v2\/posts\/138088","targetHints":{"allow":["GET"]}}],"collection":[{"href":"https:\/\/www.europesays.com\/pt\/wp-json\/wp\/v2\/posts"}],"about":[{"href":"https:\/\/www.europesays.com\/pt\/wp-json\/wp\/v2\/types\/post"}],"author":[{"embeddable":true,"href":"https:\/\/www.europesays.com\/pt\/wp-json\/wp\/v2\/users\/2"}],"replies":[{"embeddable":true,"href":"https:\/\/www.europesays.com\/pt\/wp-json\/wp\/v2\/comments?post=138088"}],"version-history":[{"count":0,"href":"https:\/\/www.europesays.com\/pt\/wp-json\/wp\/v2\/posts\/138088\/revisions"}],"wp:featuredmedia":[{"embeddable":true,"href":"https:\/\/www.europesays.com\/pt\/wp-json\/wp\/v2\/media\/138089"}],"wp:attachment":[{"href":"https:\/\/www.europesays.com\/pt\/wp-json\/wp\/v2\/media?parent=138088"}],"wp:term":[{"taxonomy":"category","embeddable":true,"href":"https:\/\/www.europesays.com\/pt\/wp-json\/wp\/v2\/categories?post=138088"},{"taxonomy":"post_tag","embeddable":true,"href":"https:\/\/www.europesays.com\/pt\/wp-json\/wp\/v2\/tags?post=138088"}],"curies":[{"name":"wp","href":"https:\/\/api.w.org\/{rel}","templated":true}]}}