{"id":138094,"date":"2025-11-03T16:54:09","date_gmt":"2025-11-03T16:54:09","guid":{"rendered":"https:\/\/www.europesays.com\/pt\/138094\/"},"modified":"2025-11-03T16:54:09","modified_gmt":"2025-11-03T16:54:09","slug":"trump-tem-garantias-de-que-a-china-nao-vai-invadir-taiwan-enquanto-ele-for-presidente-eua","status":"publish","type":"post","link":"https:\/\/www.europesays.com\/pt\/138094\/","title":{"rendered":"Trump tem garantias de que a China n\u00e3o vai invadir Taiwan enquanto ele for Presidente | EUA"},"content":{"rendered":"<p>Donald Trump, Presidente dos Estados Unidos, diz que recebeu garantias do seu hom\u00f3logo chin\u00eas, Xi Jinping, e de membros do seu Governo, de que a Rep\u00fablica Popular da China n\u00e3o vai invadir a Taiwan enquanto ele estiver no cargo. Estando Trump proibido pela Constitui\u00e7\u00e3o norte-americana de concorrer a um terceiro mandato, a sua presid\u00eancia termina oficialmente em Janeiro de 2029.<\/p>\n<p>Em entrevista ao programa 60 Minutes, da CBS News, reproduzida no domingo, o chefe de Estado norte-americano garante que o debate sobre a ilha reivindicada por Pequim como uma prov\u00edncia chinesa n\u00e3o entrou na <a href=\"https:\/\/www.publico.pt\/2025\/10\/30\/economia\/noticia\/eua-china-acordam-tregua-ano-tarifas-2152681\" target=\"_blank\" rel=\"nofollow noopener\">reuni\u00e3o que teve na semana passada com Xi<\/a>, na Coreia do Sul, mas assegura que obteve essas garantias noutros \u201cencontros\u201d.<\/p>\n<p>\u201cEle [o Presidente chin\u00eas] disse abertamente \u2013 e a sua equipa j\u00e1 disse abertamente \u2013 em encontros: \u2018Nunca far\u00edamos nada enquanto o Presidente Trump for Presidente\u2019, porque eles compreendem as consequ\u00eancias\u201d, afirmou Trump.<\/p>\n<p>        &#13;<\/p>\n<p>&#13;<br \/>\n                &#13;\n            <\/p>\n<p>&#13;<\/p>\n<p>Questionado sobre se os EUA interviriam militarmente em defesa de Taiwan se o territ\u00f3rio fosse atacado pela China, o Presidente respondeu de forma evasiva, mas na mesma linha.<\/p>\n<p>\u201cV\u00e3o saber, se isso acontecer, e [Xi] sabe a resposta a essa pergunta. Ele nunca tocou no assunto [no encontro]. As pessoas ficaram um pouco surpreendidas por isso. Mas ele nunca tocou no assunto porque compreende e compreende muito bem\u201d, disse Trump. \u201cN\u00e3o posso revelar os meus segredos (\u2026), mas o outro lado sabe.\u201d<\/p>\n<p>Donald Trump e Xi Jinping encontraram-se na quinta-feira da semana passada em Busan, na Coreia do Sul, antes da cimeira da Coopera\u00e7\u00e3o Econ\u00f3mica \u00c1sia-Pac\u00edfico (APEC), tendo chegado a acordo para uma pausa de um ano na guerra comercial entre EUA e China, para a suspens\u00e3o das taxas sobre materiais raros e para a necessidade de uma reavalia\u00e7\u00e3o do com\u00e9rcio de semicondutores.<\/p>\n<p>A quest\u00e3o de Taiwan, ilha governada de <a href=\"https:\/\/www.publico.pt\/2024\/01\/13\/mundo\/analise\/pertence-taiwan-china-2076740\" target=\"_blank\" rel=\"nofollow noopener\">forma aut\u00f3noma desde 1949<\/a> e democr\u00e1tica desde a segunda metade dos anos 1980, para onde fugiram os derrotados da guerra civil chinesa, contra Mao Tsetung, n\u00e3o foi referida em nenhum dos comunicados das partes ap\u00f3s o encontro.<\/p>\n<p>No dia seguinte, por\u00e9m, <a href=\"https:\/\/www.publico.pt\/2025\/10\/31\/mundo\/noticia\/hegseth-ministro-defesa-china-eua-nao-procuram-conflitos-2152913\" target=\"_blank\" rel=\"nofollow noopener\">Pete Hegseth<\/a>, secret\u00e1rio da Defesa dos EUA, revelou que falou com Dong Jung, seu hom\u00f3logo chin\u00eas, sobre as \u201cpreocupa\u00e7\u00f5es\u201d norte-americanas \u201ccom as actividades da China no mar do Sul da China, em redor de Taiwan e em rela\u00e7\u00e3o aos aliados e parceiros dos EUA na regi\u00e3o Indo-Pac\u00edfico\u201d.<\/p>\n<p>Sem se referir directamente \u00e0s declara\u00e7\u00f5es do Presidente norte-americano na CBS, Liu Pengyu, porta-voz da embaixada da China em Washington D.C., afian\u00e7ou, citado pela ABC News, que a China \u201cnunca ir\u00e1 permitir que qualquer pessoa ou for\u00e7a separe Taiwan da China, de nenhuma forma\u201d, insistindo que apenas \u201cdiz respeito ao pr\u00f3prio povo chin\u00eas e somente o povo chin\u00eas pode decidir\u201d sobre a resolu\u00e7\u00e3o da \u201cquest\u00e3o de Taiwan\u201d, um \u201cassunto interno da China\u201d.<\/p>\n<p>Receios de Taiwan<\/p>\n<p>As autoridades pol\u00edticas e militares de Taiwan acreditam que o Ex\u00e9rcito da Liberta\u00e7\u00e3o do Povo chin\u00eas est\u00e1 a preparar-se para <a href=\"https:\/\/www.publico.pt\/2023\/12\/08\/mundo\/reportagem\/taiwan-licoes-ucrania-melhor-forma-deter-china-prepararmonos-pior-cenario-2072728\" target=\"_blank\" rel=\"nofollow noopener\">invadir a ilha at\u00e9 ao final da d\u00e9cada<\/a> e que tem utilizado os cada vez mais recorrentes <a href=\"https:\/\/www.publico.pt\/2025\/04\/01\/mundo\/noticia\/china-lanca-exercicios-militares-redor-taiwan-chama-parasita-diabo-presidente-2128130\" target=\"_blank\" rel=\"nofollow noopener\">exerc\u00edcios militares<\/a> na regi\u00e3o para preparar esse ataque.<\/p>\n<p>O facto de Xi Jinping e de outras figuras de topo do Governo e do Partido Comunista Chin\u00eas dizerem v\u00e1rias vezes que a China \u201c<a href=\"https:\/\/www.publico.pt\/2024\/10\/16\/mundo\/noticia\/china-reitera-ira-renunciar-uso-forca-reunificar-taiwan-2108161\" target=\"_blank\" rel=\"nofollow noopener\">nunca ir\u00e1 renunciar ao uso da for\u00e7a<\/a>\u201d para cumprir o \u201cdes\u00edgnio hist\u00f3rico\u201d da \u201c<a href=\"https:\/\/www.publico.pt\/2024\/10\/01\/mundo\/noticia\/xi-reunificacao-taiwan-china-ninguem-parar-marcha-historia-2106106\" target=\"_blank\" rel=\"nofollow noopener\">reunifica\u00e7\u00e3o<\/a>\u201d com Taiwan, tem levado Taip\u00e9 a intensificar os seus apelos aos EUA e \u00e0 comunidade internacional para que a ajudem a <a href=\"https:\/\/www.publico.pt\/2025\/07\/09\/mundo\/noticia\/taiwan-simula-ataque-china-maiores-exercicios-militares-2139547\" target=\"_blank\" rel=\"nofollow noopener\">resistir \u00e0 \u201camea\u00e7a\u201d<\/a> de Pequim.<\/p>\n<p>As v\u00e1rias administra\u00e7\u00f5es norte-americanas que tiveram de lidar com a quest\u00e3o taiwanesa desde que os EUA passaram a reconhecer a Rep\u00fablica Popular da China, em vez da Rep\u00fablica da China (Taiwan), como detentora do poder pol\u00edtico e constitucional chin\u00eas, em 1979, t\u00eam adoptado a chamada pol\u00edtica de \u201cambiguidade estrat\u00e9gica\u201d.<\/p>\n<p>        &#13;<\/p>\n<p>&#13;<br \/>\n                &#13;\n            <\/p>\n<p>&#13;<\/p>\n<p>Atrav\u00e9s desta abordagem, a Casa Branca respeita o princ\u00edpio \u201cuma s\u00f3 China\u201d, segundo o qual a China continental e Taiwan fazem parte do mesmo espa\u00e7o soberano, mas n\u00e3o deixa de fornecer meios, nomeadamente armas, para que o territ\u00f3rio se possa defender num cen\u00e1rio de ataque.<\/p>\n<p>O <a href=\"https:\/\/www.publico.pt\/2025\/04\/05\/mundo\/noticia\/posicao-trump-ucrania-preocupou-taiwan-foco-china-trouxe-alivio-2128546\" target=\"_blank\" rel=\"nofollow noopener\">interesse pela posi\u00e7\u00e3o norte-americana<\/a> num potencial cen\u00e1rio de agress\u00e3o chinesa a Taiwan ganhou novo \u00edmpeto n\u00e3o s\u00f3 porque Trump afirma sempre que pode que, consigo na presid\u00eancia, os EUA n\u00e3o v\u00e3o envolver-se em nenhum conflito armado, mas tamb\u00e9m porque o seu antecessor, Joe Biden, admitiu a possibilidade de o pa\u00eds <a href=\"https:\/\/www.publico.pt\/2022\/05\/23\/mundo\/noticia\/biden-admite-eua-podem-usar-forca-defender-taiwan-2007275\" target=\"_blank\" rel=\"nofollow noopener\">recorrer \u00e0 for\u00e7a<\/a> para defender a ilha tamb\u00e9m conhecida como Formosa.<\/p>\n<p>Com 23 milh\u00f5es de habitantes, Taiwan \u00e9 a principal produtora de semicondutores a n\u00edvel mundial, e est\u00e1 <a href=\"https:\/\/www.publico.pt\/2023\/12\/17\/mundo\/reportagem\/guerra-paz-taiwan-prepara-eleicoes-potencias-querem-influenciar-2073727\" target=\"_blank\" rel=\"nofollow noopener\">estrategicamente localizada<\/a> na chamada primeira cadeia de ilhas, entre o mar do Sul da China, o mar Oriental da China e o mar das Filipinas.<\/p>\n","protected":false},"excerpt":{"rendered":"Donald Trump, Presidente dos Estados Unidos, diz que recebeu garantias do seu hom\u00f3logo chin\u00eas, Xi Jinping, e de&hellip;\n","protected":false},"author":2,"featured_media":138095,"comment_status":"","ping_status":"","sticky":false,"template":"","format":"standard","meta":{"footnotes":""},"categories":[50],"tags":[367,27,28,358,92,413,15,16,14,25,26,21,22,62,12,13,19,20,23,24,2365,17,18,29,30,31,63,64,65,7719],"class_list":{"0":"post-138094","1":"post","2":"type-post","3":"status-publish","4":"format-standard","5":"has-post-thumbnail","7":"category-mundo","8":"tag-asia","9":"tag-breaking-news","10":"tag-breakingnews","11":"tag-china","12":"tag-donald-trump","13":"tag-eua","14":"tag-featured-news","15":"tag-featurednews","16":"tag-headlines","17":"tag-latest-news","18":"tag-latestnews","19":"tag-main-news","20":"tag-mainnews","21":"tag-mundo","22":"tag-news","23":"tag-noticias","24":"tag-noticias-principais","25":"tag-noticiasprincipais","26":"tag-principais-noticias","27":"tag-principaisnoticias","28":"tag-taiwan","29":"tag-top-stories","30":"tag-topstories","31":"tag-ultimas","32":"tag-ultimas-noticias","33":"tag-ultimasnoticias","34":"tag-world","35":"tag-world-news","36":"tag-worldnews","37":"tag-xi-jinping"},"share_on_mastodon":{"url":"https:\/\/pubeurope.com\/@pt\/115486815905238784","error":""},"_links":{"self":[{"href":"https:\/\/www.europesays.com\/pt\/wp-json\/wp\/v2\/posts\/138094","targetHints":{"allow":["GET"]}}],"collection":[{"href":"https:\/\/www.europesays.com\/pt\/wp-json\/wp\/v2\/posts"}],"about":[{"href":"https:\/\/www.europesays.com\/pt\/wp-json\/wp\/v2\/types\/post"}],"author":[{"embeddable":true,"href":"https:\/\/www.europesays.com\/pt\/wp-json\/wp\/v2\/users\/2"}],"replies":[{"embeddable":true,"href":"https:\/\/www.europesays.com\/pt\/wp-json\/wp\/v2\/comments?post=138094"}],"version-history":[{"count":0,"href":"https:\/\/www.europesays.com\/pt\/wp-json\/wp\/v2\/posts\/138094\/revisions"}],"wp:featuredmedia":[{"embeddable":true,"href":"https:\/\/www.europesays.com\/pt\/wp-json\/wp\/v2\/media\/138095"}],"wp:attachment":[{"href":"https:\/\/www.europesays.com\/pt\/wp-json\/wp\/v2\/media?parent=138094"}],"wp:term":[{"taxonomy":"category","embeddable":true,"href":"https:\/\/www.europesays.com\/pt\/wp-json\/wp\/v2\/categories?post=138094"},{"taxonomy":"post_tag","embeddable":true,"href":"https:\/\/www.europesays.com\/pt\/wp-json\/wp\/v2\/tags?post=138094"}],"curies":[{"name":"wp","href":"https:\/\/api.w.org\/{rel}","templated":true}]}}