{"id":138110,"date":"2025-11-03T17:08:19","date_gmt":"2025-11-03T17:08:19","guid":{"rendered":"https:\/\/www.europesays.com\/pt\/138110\/"},"modified":"2025-11-03T17:08:19","modified_gmt":"2025-11-03T17:08:19","slug":"algo-atingiu-o-para-brisas-de-um-tesla-pode-ter-sido-uma-colisao-de-um-meteorito","status":"publish","type":"post","link":"https:\/\/www.europesays.com\/pt\/138110\/","title":{"rendered":"Algo atingiu o para-brisas de um Tesla. Pode ter sido uma colis\u00e3o de um meteorito"},"content":{"rendered":"<p class=\"wp-caption-text top\">Andrew Melville-Smith<\/p>\n<p><img decoding=\"async\" loading=\"lazy\" class=\"wp-image-708897 size-kopa-image-size-3\" src=\"https:\/\/www.europesays.com\/pt\/wp-content\/uploads\/2025\/11\/fa916429b37ff465c565e6e649a98e91-783x450.jpg\" alt=\"\" width=\"700\" height=\"402\"  \/><\/p>\n<p><strong>Uma verdadeira cratera no para-brisas de um carro rec\u00e9m comprado. Algo derreteu e afundou num Tesla australiano, e a ci\u00eancia aponta para o Espa\u00e7o.<\/strong><\/p>\n<p>O veterin\u00e1rio Andrew Melville-Smith conduzia o seu Tesla pela Austr\u00e1lia a 19 de outubro quando algo atingiu o para-brisas da sua nova viatura.<\/p>\n<p>\u201cPensei que t\u00ednhamos batido\u201d, relatou Melville-Smith, citado pela <a href=\"https:\/\/www.iflscience.com\/something-melted-this-teslas-windscreen-could-it-have-been-a-world-first-meteorite-collision-81390\" data-wpel-link=\"external\" target=\"_blank\" rel=\"nofollow external noopener noreferrer\" class=\"ext-link\">IFLS<\/a>. \u201cFiquei em choque; lembro-me de limpar part\u00edculas de vidro da cara e de estar completamente desorientado.\u201d O carro, um Tesla Model Y, encheu-se de fumo branco e cheiro a queimado, aumentando a confus\u00e3o.<\/p>\n<p>\u201cA minha esposa disse: \u2018O carro explodiu\u2019\u201d, contou Melville-Smith ao site IFLScience. \u201cPensei que algu\u00e9m nos tinha disparado com uma ca\u00e7adeira.\u201d Contudo, ap\u00f3s uma r\u00e1pida verifica\u00e7\u00e3o, ambas as hip\u00f3teses foram descartadas. \u00c0 exce\u00e7\u00e3o do para-brisas destru\u00eddo, o carro estava perfeitamente funcional \u2014 e continuou a andar. N\u00e3o havia qualquer ind\u00edcio de bala, e a possibilidade de algu\u00e9m estar numa zona t\u00e3o remota para disparar era m\u00ednima.<\/p>\n<p>Ainda que os cangurus sejam um perigo comum nas estradas daquela regi\u00e3o, o caso \u00e9 diferente \u2014 nenhum animal conseguiria<strong> provocar uma cratera no para-brisas, que tinha derretido e afundado para dentro do carro.<\/strong><\/p>\n<p>Nenhuma conseguia reparar as c\u00e2maras do modo de condu\u00e7\u00e3o aut\u00f3noma e todas referiram nunca terem visto um para-brisas parcialmente derretido. A destrui\u00e7\u00e3o foi grande: Um dos t\u00e9cnicos comentou que o vidro autom\u00f3vel funde a cerca de 1.500 \u00b0C e que n\u00e3o fazia ideia do que poderia causar tal dano.<\/p>\n<p>Agora, p\u00f5em-se todas as cartas em cima da mesa, e a mais forte \u00e9 a possibilidade de o ve\u00edculo ter sido alvo da<strong> primeira colis\u00e3o de que h\u00e1 registos de um meteorito<\/strong>. O Museu da Austr\u00e1lia do Sul, que inicialmente suspeitou de tudo menos de uma rocha espacial, investiga.\u201dRecebemos muitos pedidos sobre meteoritos no museu e, na maioria das vezes, trata-se apenas de uma pedra terrestre que imita muito bem um meteorito\u201d, explicou o curador Kieran Meaney. Todas as possibilidades est\u00e3o ainda em aberto.<\/p>\n<p>    <a href=\"https:\/\/zap.aeiou.pt\/subscrever-newsletter\" data-wpel-link=\"internal\" rel=\"nofollow noopener\" target=\"_blank\">&#13;<br \/>\n        <img loading=\"lazy\" decoding=\"async\" class=\"aligncenter size-full wp-image-575475\" src=\"https:\/\/www.europesays.com\/pt\/wp-content\/uploads\/2025\/10\/1759862234_971_2d51fe4a0ba54894421ead1809309ed9-1-450x140.jpg\" alt=\"Subscreva a Newsletter ZAP\" width=\"450\" height=\"140\"\/>&#13;<br \/>\n    <\/a><\/p>\n<p>                <a href=\"https:\/\/whatsapp.com\/channel\/0029VaIC4EE2f3EJZPPSbR34\" data-wpel-link=\"external\" target=\"_blank\" rel=\"nofollow external noopener noreferrer\" class=\"ext-link\">&#13;<br \/>\n                    <img loading=\"lazy\" decoding=\"async\" class=\"aligncenter size-full wp-image-575475\" src=\"https:\/\/www.europesays.com\/pt\/wp-content\/uploads\/2025\/10\/1759862234_512_c68c559d956d4ca20f435ed74a6e71e6.png\" alt=\"Siga-nos no WhatsApp\" width=\"175\" height=\"64\"\/>&#13;<br \/>\n                <\/a><\/p>\n<p>                <a href=\"https:\/\/news.google.com\/publications\/CAAiEHRwZondIV71PDjWNoqMduEqFAgKIhB0cGaJ3SFe9Tw41jaKjHbh?hl=en-US&amp;gl=US&amp;ceid=US%3Aen\" data-wpel-link=\"external\" target=\"_blank\" rel=\"nofollow external noopener noreferrer\" class=\"ext-link\">&#13;<br \/>\n                    <img loading=\"lazy\" decoding=\"async\" class=\"aligncenter size-full wp-image-575475\" src=\"https:\/\/www.europesays.com\/pt\/wp-content\/uploads\/2025\/10\/1759862235_242_5123dd8b087b644fdb8f8603acd1bad4.png\" alt=\"Siga-nos no Google News\" width=\"176\" height=\"64\"\/>&#13;<br \/>\n                <\/a><\/p>\n","protected":false},"excerpt":{"rendered":"Andrew Melville-Smith Uma verdadeira cratera no para-brisas de um carro rec\u00e9m comprado. Algo derreteu e afundou num Tesla&hellip;\n","protected":false},"author":2,"featured_media":138111,"comment_status":"","ping_status":"","sticky":false,"template":"","format":"standard","meta":{"footnotes":""},"categories":[50],"tags":[122,27,28,3981,15,16,14,25,26,21,22,3089,62,12,13,19,20,23,24,296,17,18,29,30,31,63,64,65],"class_list":{"0":"post-138110","1":"post","2":"type-post","3":"status-publish","4":"format-standard","5":"has-post-thumbnail","7":"category-mundo","8":"tag-astrofisica","9":"tag-breaking-news","10":"tag-breakingnews","11":"tag-carro","12":"tag-featured-news","13":"tag-featurednews","14":"tag-headlines","15":"tag-latest-news","16":"tag-latestnews","17":"tag-main-news","18":"tag-mainnews","19":"tag-meteorito","20":"tag-mundo","21":"tag-news","22":"tag-noticias","23":"tag-noticias-principais","24":"tag-noticiasprincipais","25":"tag-principais-noticias","26":"tag-principaisnoticias","27":"tag-tesla","28":"tag-top-stories","29":"tag-topstories","30":"tag-ultimas","31":"tag-ultimas-noticias","32":"tag-ultimasnoticias","33":"tag-world","34":"tag-world-news","35":"tag-worldnews"},"share_on_mastodon":{"url":"https:\/\/pubeurope.com\/@pt\/115486871284787107","error":""},"_links":{"self":[{"href":"https:\/\/www.europesays.com\/pt\/wp-json\/wp\/v2\/posts\/138110","targetHints":{"allow":["GET"]}}],"collection":[{"href":"https:\/\/www.europesays.com\/pt\/wp-json\/wp\/v2\/posts"}],"about":[{"href":"https:\/\/www.europesays.com\/pt\/wp-json\/wp\/v2\/types\/post"}],"author":[{"embeddable":true,"href":"https:\/\/www.europesays.com\/pt\/wp-json\/wp\/v2\/users\/2"}],"replies":[{"embeddable":true,"href":"https:\/\/www.europesays.com\/pt\/wp-json\/wp\/v2\/comments?post=138110"}],"version-history":[{"count":0,"href":"https:\/\/www.europesays.com\/pt\/wp-json\/wp\/v2\/posts\/138110\/revisions"}],"wp:featuredmedia":[{"embeddable":true,"href":"https:\/\/www.europesays.com\/pt\/wp-json\/wp\/v2\/media\/138111"}],"wp:attachment":[{"href":"https:\/\/www.europesays.com\/pt\/wp-json\/wp\/v2\/media?parent=138110"}],"wp:term":[{"taxonomy":"category","embeddable":true,"href":"https:\/\/www.europesays.com\/pt\/wp-json\/wp\/v2\/categories?post=138110"},{"taxonomy":"post_tag","embeddable":true,"href":"https:\/\/www.europesays.com\/pt\/wp-json\/wp\/v2\/tags?post=138110"}],"curies":[{"name":"wp","href":"https:\/\/api.w.org\/{rel}","templated":true}]}}