{"id":138119,"date":"2025-11-03T17:17:06","date_gmt":"2025-11-03T17:17:06","guid":{"rendered":"https:\/\/www.europesays.com\/pt\/138119\/"},"modified":"2025-11-03T17:17:06","modified_gmt":"2025-11-03T17:17:06","slug":"nao-foste-ao-funeral-de-diogo-jota-o-trailler-da-entrevista-de-piers-morgan-a-ronaldo","status":"publish","type":"post","link":"https:\/\/www.europesays.com\/pt\/138119\/","title":{"rendered":"\u00abN\u00e3o foste ao funeral de Diogo Jota\u00bb: o trailler da entrevista de Piers Morgan a Ronaldo"},"content":{"rendered":"<p>A primeira parte da entrevista de Cristiano Ronaldo a Piers Morgan sai esta ter\u00e7a-feira e um dos temas abordados pelo internacional portugu\u00eas \u00e9 a morte de Diogo Jota&#8230; e o porqu\u00ea de n\u00e3o ter marcado presen\u00e7a no funeral do companheiro de equipa.<\/p>\n<p>Al\u00e9m disso, o avan\u00e7ado do Al Nassr comenta a rela\u00e7\u00e3o com Georgina Rodr\u00edguez e o pedido de casamento, assim como a camisola assinada que enviou a Donald Trump, juntamente com uma mensagem de \u00abpaz\u00bb.<\/p>\n<p>Esta \u00e9 a segunda vez que Cristiano Ronaldo se disponibiliza para dar uma entrevista a Piers Morgan, ap\u00f3s ter falado com o jornalista brit\u00e2nico aquando da sua sa\u00edda do Manchester United, em janeiro de 2023.<\/p>\n<p><strong>Assista ao excerto da entrevista de Piers Morgan:<\/strong>\u00a0<\/p>\n","protected":false},"excerpt":{"rendered":"A primeira parte da entrevista de Cristiano Ronaldo a Piers Morgan sai esta ter\u00e7a-feira e um dos temas&hellip;\n","protected":false},"author":2,"featured_media":138120,"comment_status":"","ping_status":"","sticky":false,"template":"","format":"standard","meta":{"footnotes":""},"categories":[87],"tags":[667,135,1691,741,46,30833,32,33,47,134],"class_list":{"0":"post-138119","1":"post","2":"type-post","3":"status-publish","4":"format-standard","5":"has-post-thumbnail","7":"category-desporto","8":"tag-cristiano-ronaldo","9":"tag-desporto","10":"tag-diogo-jota","11":"tag-entrevista","12":"tag-maisfutebol","13":"tag-piers-morgan","14":"tag-portugal","15":"tag-pt","16":"tag-pura-paixao","17":"tag-sports"},"share_on_mastodon":{"url":"https:\/\/pubeurope.com\/@pt\/115486906490356282","error":""},"_links":{"self":[{"href":"https:\/\/www.europesays.com\/pt\/wp-json\/wp\/v2\/posts\/138119","targetHints":{"allow":["GET"]}}],"collection":[{"href":"https:\/\/www.europesays.com\/pt\/wp-json\/wp\/v2\/posts"}],"about":[{"href":"https:\/\/www.europesays.com\/pt\/wp-json\/wp\/v2\/types\/post"}],"author":[{"embeddable":true,"href":"https:\/\/www.europesays.com\/pt\/wp-json\/wp\/v2\/users\/2"}],"replies":[{"embeddable":true,"href":"https:\/\/www.europesays.com\/pt\/wp-json\/wp\/v2\/comments?post=138119"}],"version-history":[{"count":0,"href":"https:\/\/www.europesays.com\/pt\/wp-json\/wp\/v2\/posts\/138119\/revisions"}],"wp:featuredmedia":[{"embeddable":true,"href":"https:\/\/www.europesays.com\/pt\/wp-json\/wp\/v2\/media\/138120"}],"wp:attachment":[{"href":"https:\/\/www.europesays.com\/pt\/wp-json\/wp\/v2\/media?parent=138119"}],"wp:term":[{"taxonomy":"category","embeddable":true,"href":"https:\/\/www.europesays.com\/pt\/wp-json\/wp\/v2\/categories?post=138119"},{"taxonomy":"post_tag","embeddable":true,"href":"https:\/\/www.europesays.com\/pt\/wp-json\/wp\/v2\/tags?post=138119"}],"curies":[{"name":"wp","href":"https:\/\/api.w.org\/{rel}","templated":true}]}}