{"id":138130,"date":"2025-11-03T17:23:14","date_gmt":"2025-11-03T17:23:14","guid":{"rendered":"https:\/\/www.europesays.com\/pt\/138130\/"},"modified":"2025-11-03T17:23:14","modified_gmt":"2025-11-03T17:23:14","slug":"reclusa-transexual-provoca-incendio-na-prisao-de-tires-cinco-guardas-ficaram-feridos","status":"publish","type":"post","link":"https:\/\/www.europesays.com\/pt\/138130\/","title":{"rendered":"Reclusa transexual provoca inc\u00eandio na pris\u00e3o de Tires. Cinco guardas ficaram feridos"},"content":{"rendered":"<p>Um inc\u00eandio deflagrou, esta segunda-feira, numa cela da pris\u00e3o de Tires, em Cascais, provocando ferimentos em cinco guardas prisionais e numa reclusa. Uma das guardas ficou em estado grave e foi transportada para o Hospital de Cascais.<\/p>\n<p>Segundo o Comando Sub-Regional de Lisboa, o alerta foi dado pouco antes do meio-dia e mobilizou 12 bombeiros, apoiados por cinco viaturas.<\/p>\n<p>O fogo, numa cela da zona conhecida como \u2018Casa das M\u00e3es\u2019, foi controlado rapidamente, mas v\u00e1rios elementos pelo menos cinco guardas prisionais sofreram queimaduras e inalaram fumos.<\/p>\n<p>As causas do inc\u00eandio ainda est\u00e3o a ser investigadas, mas segundo o Correio da Manh\u00e3, existem fortes suspeitas de que o fogo tenha sido intencionalmente provocado por uma reclusa transexual, recentemente transferida da cadeia de Santa Cruz do Bispo, que j\u00e1 tinha protagonizado outros incidentes.<\/p>\n<p>Fontes do corpo da guarda prisional adiantaram ao mesmo jornal que a reclusa em causa ter\u00e1 ateado o fogo ap\u00f3s ter sido conduzida de volta \u00e0 cela, por estar a causar dist\u00farbios no p\u00e1tio.<\/p>\n<p>O Sindicato Nacional do Corpo da Guarda Prisional (SNCGP) tamb\u00e9m j\u00e1 reagiu, considerando que esta situa\u00e7\u00e3o \u201ccoloca em causa a seguran\u00e7a prisional\u201d e defendendo que a reclusa \u201cdeveria ter sido colocada numa ala de seguran\u00e7a da cadeia de Monsanto, e n\u00e3o junto de mulheres e crian\u00e7as na \u2018Casa das M\u00e3es\u2019\u201d.<\/p>\n","protected":false},"excerpt":{"rendered":"Um inc\u00eandio deflagrou, esta segunda-feira, numa cela da pris\u00e3o de Tires, em Cascais, provocando ferimentos em cinco guardas&hellip;\n","protected":false},"author":2,"featured_media":138131,"comment_status":"","ping_status":"","sticky":false,"template":"","format":"standard","meta":{"footnotes":""},"categories":[10],"tags":[27,28,15,16,14,625,25,26,21,22,12,13,19,20,32,23,24,30835,33,30836,17,18,13965,29,30,31],"class_list":{"0":"post-138130","1":"post","2":"type-post","3":"status-publish","4":"format-standard","5":"has-post-thumbnail","7":"category-portugal","8":"tag-breaking-news","9":"tag-breakingnews","10":"tag-featured-news","11":"tag-featurednews","12":"tag-headlines","13":"tag-incendio","14":"tag-latest-news","15":"tag-latestnews","16":"tag-main-news","17":"tag-mainnews","18":"tag-news","19":"tag-noticias","20":"tag-noticias-principais","21":"tag-noticiasprincipais","22":"tag-portugal","23":"tag-principais-noticias","24":"tag-principaisnoticias","25":"tag-prisao-de-tires","26":"tag-pt","27":"tag-reclusa","28":"tag-top-stories","29":"tag-topstories","30":"tag-transexual","31":"tag-ultimas","32":"tag-ultimas-noticias","33":"tag-ultimasnoticias"},"share_on_mastodon":{"url":"https:\/\/pubeurope.com\/@pt\/115486929930130633","error":""},"_links":{"self":[{"href":"https:\/\/www.europesays.com\/pt\/wp-json\/wp\/v2\/posts\/138130","targetHints":{"allow":["GET"]}}],"collection":[{"href":"https:\/\/www.europesays.com\/pt\/wp-json\/wp\/v2\/posts"}],"about":[{"href":"https:\/\/www.europesays.com\/pt\/wp-json\/wp\/v2\/types\/post"}],"author":[{"embeddable":true,"href":"https:\/\/www.europesays.com\/pt\/wp-json\/wp\/v2\/users\/2"}],"replies":[{"embeddable":true,"href":"https:\/\/www.europesays.com\/pt\/wp-json\/wp\/v2\/comments?post=138130"}],"version-history":[{"count":0,"href":"https:\/\/www.europesays.com\/pt\/wp-json\/wp\/v2\/posts\/138130\/revisions"}],"wp:featuredmedia":[{"embeddable":true,"href":"https:\/\/www.europesays.com\/pt\/wp-json\/wp\/v2\/media\/138131"}],"wp:attachment":[{"href":"https:\/\/www.europesays.com\/pt\/wp-json\/wp\/v2\/media?parent=138130"}],"wp:term":[{"taxonomy":"category","embeddable":true,"href":"https:\/\/www.europesays.com\/pt\/wp-json\/wp\/v2\/categories?post=138130"},{"taxonomy":"post_tag","embeddable":true,"href":"https:\/\/www.europesays.com\/pt\/wp-json\/wp\/v2\/tags?post=138130"}],"curies":[{"name":"wp","href":"https:\/\/api.w.org\/{rel}","templated":true}]}}