{"id":138132,"date":"2025-11-03T17:25:22","date_gmt":"2025-11-03T17:25:22","guid":{"rendered":"https:\/\/www.europesays.com\/pt\/138132\/"},"modified":"2025-11-03T17:25:22","modified_gmt":"2025-11-03T17:25:22","slug":"helicoptero-nao-levou-bebe-a-lisboa-devido-a-mau-tempo-observador","status":"publish","type":"post","link":"https:\/\/www.europesays.com\/pt\/138132\/","title":{"rendered":"helic\u00f3ptero n\u00e3o levou beb\u00e9 a Lisboa devido a mau tempo \u2013 Observador"},"content":{"rendered":"<p>Um beb\u00e9 que nasceu esta sexta-feira com uma hemorragia cerebral cong\u00e9nita no Hospital de Portim\u00e3o teve de ser transportado de emerg\u00eancia para Lisboa numa ambul\u00e2ncia por n\u00e3o haver helic\u00f3pteros do INEM dispon\u00edveis, avan\u00e7ou a CNN. No entanto, ao Observador, o INEM confirmou que o aparelho, estacionado na base de Loul\u00e9, n\u00e3o podia levantar voo devido \u00e0s <strong>condi\u00e7\u00f5es meteorol\u00f3gicas<\/strong> adversas que se faziam sentir e n\u00e3o por falta de material como tinha sido inicialmente noticiado.<\/p>\n<p>O rec\u00e9m-nascido est\u00e1 atualmente em estado cr\u00edtico, internado na unidade de cuidados intensivos de neonatologia do Hospital Dona Estef\u00e2nia, depois de ter percorrido cerca de 270 quil\u00f3metros desde o Hospital de Faro, para onde tinha sido transferido antes com uma refer\u00eancia para neurocirurgia.<\/p>\n<p>De acordo com a CNN, foi solicitado ao INEM que o rec\u00e9m-nascido fosse helitransportado para Lisboa, mas o helic\u00f3ptero, estacionado em Loul\u00e9, foi dado como indispon\u00edvel. Em causa estar\u00e1 a falta de material e equipamento m\u00e9dico indispens\u00e1vel para a miss\u00e3o. Sem justificar o porqu\u00ea de estar indispon\u00edvel, o INEM confirmou apenas que o meio a\u00e9reo n\u00e3o estava em condi\u00e7\u00f5es para transportar o beb\u00e9 e que vai ficar operacional at\u00e9, pelo menos, segunda-feira.<\/p>\n<p>O helic\u00f3ptero \u00e9 um dos quatro destacados no pa\u00eds para estar operacional 24 horas, com a capacidade de transportar incubadoras, podendo assim levar rec\u00e9m-nascidos com seguran\u00e7a e estabilidade cl\u00ednica entre hospitais. Foi ainda solicitado o helic\u00f3ptero estacionado em \u00c9vora, no entanto, assim como o primeiro, o aparelho n\u00e3o conseguiu levantar voo devido \u00e0s condi\u00e7\u00f5es meteorol\u00f3gicas.<\/p>\n<p>(Artigo atualizado \u00e0s 21h55 com informa\u00e7\u00e3o de que o helic\u00f3ptero n\u00e3o levantou voo devido ao mau tempo)<\/p>\n","protected":false},"excerpt":{"rendered":"Um beb\u00e9 que nasceu esta sexta-feira com uma hemorragia cerebral cong\u00e9nita no Hospital de Portim\u00e3o teve de ser&hellip;\n","protected":false},"author":2,"featured_media":138133,"comment_status":"","ping_status":"","sticky":false,"template":"","format":"standard","meta":{"footnotes":""},"categories":[8],"tags":[27,28,15,16,14,7923,25,26,21,22,12,13,19,20,32,23,24,33,2946,17,18,29,30,31],"class_list":{"0":"post-138132","1":"post","2":"type-post","3":"status-publish","4":"format-standard","5":"has-post-thumbnail","7":"category-principais-noticias","8":"tag-breaking-news","9":"tag-breakingnews","10":"tag-featured-news","11":"tag-featurednews","12":"tag-headlines","13":"tag-inem","14":"tag-latest-news","15":"tag-latestnews","16":"tag-main-news","17":"tag-mainnews","18":"tag-news","19":"tag-noticias","20":"tag-noticias-principais","21":"tag-noticiasprincipais","22":"tag-portugal","23":"tag-principais-noticias","24":"tag-principaisnoticias","25":"tag-pt","26":"tag-sau00fade","27":"tag-top-stories","28":"tag-topstories","29":"tag-ultimas","30":"tag-ultimas-noticias","31":"tag-ultimasnoticias"},"share_on_mastodon":{"url":"https:\/\/pubeurope.com\/@pt\/115486937934583020","error":""},"_links":{"self":[{"href":"https:\/\/www.europesays.com\/pt\/wp-json\/wp\/v2\/posts\/138132","targetHints":{"allow":["GET"]}}],"collection":[{"href":"https:\/\/www.europesays.com\/pt\/wp-json\/wp\/v2\/posts"}],"about":[{"href":"https:\/\/www.europesays.com\/pt\/wp-json\/wp\/v2\/types\/post"}],"author":[{"embeddable":true,"href":"https:\/\/www.europesays.com\/pt\/wp-json\/wp\/v2\/users\/2"}],"replies":[{"embeddable":true,"href":"https:\/\/www.europesays.com\/pt\/wp-json\/wp\/v2\/comments?post=138132"}],"version-history":[{"count":0,"href":"https:\/\/www.europesays.com\/pt\/wp-json\/wp\/v2\/posts\/138132\/revisions"}],"wp:featuredmedia":[{"embeddable":true,"href":"https:\/\/www.europesays.com\/pt\/wp-json\/wp\/v2\/media\/138133"}],"wp:attachment":[{"href":"https:\/\/www.europesays.com\/pt\/wp-json\/wp\/v2\/media?parent=138132"}],"wp:term":[{"taxonomy":"category","embeddable":true,"href":"https:\/\/www.europesays.com\/pt\/wp-json\/wp\/v2\/categories?post=138132"},{"taxonomy":"post_tag","embeddable":true,"href":"https:\/\/www.europesays.com\/pt\/wp-json\/wp\/v2\/tags?post=138132"}],"curies":[{"name":"wp","href":"https:\/\/api.w.org\/{rel}","templated":true}]}}