{"id":138156,"date":"2025-11-03T17:46:16","date_gmt":"2025-11-03T17:46:16","guid":{"rendered":"https:\/\/www.europesays.com\/pt\/138156\/"},"modified":"2025-11-03T17:46:16","modified_gmt":"2025-11-03T17:46:16","slug":"ator-surge-irreconhecivel-apos-abandonar-a-carreira-artistica-midianews","status":"publish","type":"post","link":"https:\/\/www.europesays.com\/pt\/138156\/","title":{"rendered":"Ator surge irreconhec\u00edvel ap\u00f3s abandonar a carreira art\u00edstica &#8211; MidiaNews"},"content":{"rendered":"<ol>\n<li><a href=\"https:\/\/news.google.com\/rss\/articles\/CBMirAFBVV95cUxOXzBNb2JOUTdZUzRsVkhCRUNmVUhfYkVLZzNEYWFfUUZieHRObkxEV0E1X2pfU045TmhPYkhHM2F5cUJKQWNmOC1JcTRhOW1NclZHTjR4QkRiQldnclUzc3o3ckFVdHJldFFpOVBGTXl6Q0hPV2Z2b3FqNllvYk02OXREVkZ2TWRqQWlFUzZsVjF4SGd6dEZsV3RqdFRwdWpqSnhkdGFkei13RW5J?oc=5\" target=\"_blank\" rel=\"nofollow noopener\">Ator surge irreconhec\u00edvel ap\u00f3s abandonar a carreira art\u00edstica<\/a>&nbsp;&nbsp;MidiaNews<\/li>\n<li><a href=\"https:\/\/news.google.com\/rss\/articles\/CBMinwFBVV95cUxNS1J1RElZRXM2bGxqYjFwemRBUW1vUXF5eHFGSnctMkVxZ3dHOENMd29RYkZReWdScGhydlF2aG5nRUQxMFFuVm5UQUQyZktHMEtXVUdfV2YzbDNESi1rcUY3dE9VZ2NWbk92dE15bWtGQVFTeVQzSlZ3aDhZUFZ3Zm9NZnlQc1RId2FwQVBPa2Q4RkhycEo2aV9rTVk2a2M?oc=5\" target=\"_blank\" rel=\"nofollow noopener\">Ator de \u2018Harry Potter\u2019 surge irreconhec\u00edvel ap\u00f3s abandonar a carreira art\u00edstica<\/a>&nbsp;&nbsp;ISTO\u00c9 Independente<\/li>\n<li><a href=\"https:\/\/news.google.com\/rss\/articles\/CBMivgFBVV95cUxNRXcyZFVxenp3THVwYk42UUZRZkhRVmpFSHV6dEdXNDB6Wkhra2FrcFhiT3ZIZElZUmllRXd2VHQzSXd0aC1PNHRwTzVJRTg4ajhOdUhueUNXYWhNQlNVUktsNWRSVUhuSDd4aU5aWHczbTVHc2dLYko5cUpEVWVidS1aUXFJcHZLdjJYM2FfSHRRTjhhV2g2c2d5NkY5SFhHT2dFQnBjdGZzU0FhVkotZWRBbGQ0QUdvVFVkODdB?oc=5\" target=\"_blank\" rel=\"nofollow noopener\">Ator de Harry Potter surpreende com visual e nova carreira; veja<\/a>&nbsp;&nbsp;O TEMPO<\/li>\n<li><a href=\"https:\/\/news.google.com\/rss\/articles\/CBMingFBVV95cUxQMTdlV0NzVmViSkFySW5TRWstclFJeUViTDhhZ1lrZzBQLXZaMm9fQUFlRUNVa0pHNmJUcG41UjlfNTZSRUtmaURTNXVBX25RUnV0dlo2ZVJFbmlsSHVqaUtYQ2huUkNDWEM4eDF1WGhJelhEOGtnT0lZcFZEVWtqbDhoQWRwdzQxN2NCTGFKb1FLNldBVXV0RFgyNVJydw?oc=5\" target=\"_blank\" rel=\"nofollow noopener\">Astro de Harry Potter muda de profiss\u00e3o e aparece irreconhec\u00edvel<\/a>&nbsp;&nbsp;Bahia.Ba<\/li>\n<li><a href=\"https:\/\/news.google.com\/rss\/articles\/CBMivgFBVV95cUxQYmwwcTEtR0xCbkRtTUdvbnE1QURKS25wMjF6QkNzY0E3dkNYU2JwdDQxQ0lnVHhkZ0Q4ckI5X2dIV1ZiMzg2VGNacWFrSlZnTU1RRHMtRTlsWEFDTm9Fb1VjdklNd2ZsQXZ3XzdmYWh1NWVNelcxaGpMY1JaUUwtZXhSR0hkZklMeXN6VU5WdEMxakZUWmtnY3ZpVmRDSHl3YnBETWRKOHFCV3BkLW1NbExCYUJtRjV1U0MydGl3?oc=5\" target=\"_blank\" rel=\"nofollow noopener\">Ex-ator de &#8216;Harry Potter&#8217; muda de vida e surge irreconhec\u00edvel; confira<\/a>&nbsp;&nbsp;UOL<\/li>\n<\/ol>\n","protected":false},"excerpt":{"rendered":"Ator surge irreconhec\u00edvel ap\u00f3s abandonar a carreira art\u00edstica&nbsp;&nbsp;MidiaNews Ator de \u2018Harry Potter\u2019 surge irreconhec\u00edvel ap\u00f3s abandonar a carreira&hellip;\n","protected":false},"author":2,"featured_media":138157,"comment_status":"","ping_status":"","sticky":false,"template":"","format":"standard","meta":{"footnotes":""},"categories":[140],"tags":[114,115,147,148,146,3724,3723,32,33,3725],"class_list":{"0":"post-138156","1":"post","2":"type-post","3":"status-publish","4":"format-standard","5":"has-post-thumbnail","7":"category-filmes","8":"tag-entertainment","9":"tag-entretenimento","10":"tag-film","11":"tag-filmes","12":"tag-movies","13":"tag-noticias-da-capital","14":"tag-noticias-de-cuiaba","15":"tag-portugal","16":"tag-pt","17":"tag-urgente-cuiaba"},"share_on_mastodon":{"url":"https:\/\/pubeurope.com\/@pt\/115487020370501864","error":""},"_links":{"self":[{"href":"https:\/\/www.europesays.com\/pt\/wp-json\/wp\/v2\/posts\/138156","targetHints":{"allow":["GET"]}}],"collection":[{"href":"https:\/\/www.europesays.com\/pt\/wp-json\/wp\/v2\/posts"}],"about":[{"href":"https:\/\/www.europesays.com\/pt\/wp-json\/wp\/v2\/types\/post"}],"author":[{"embeddable":true,"href":"https:\/\/www.europesays.com\/pt\/wp-json\/wp\/v2\/users\/2"}],"replies":[{"embeddable":true,"href":"https:\/\/www.europesays.com\/pt\/wp-json\/wp\/v2\/comments?post=138156"}],"version-history":[{"count":0,"href":"https:\/\/www.europesays.com\/pt\/wp-json\/wp\/v2\/posts\/138156\/revisions"}],"wp:featuredmedia":[{"embeddable":true,"href":"https:\/\/www.europesays.com\/pt\/wp-json\/wp\/v2\/media\/138157"}],"wp:attachment":[{"href":"https:\/\/www.europesays.com\/pt\/wp-json\/wp\/v2\/media?parent=138156"}],"wp:term":[{"taxonomy":"category","embeddable":true,"href":"https:\/\/www.europesays.com\/pt\/wp-json\/wp\/v2\/categories?post=138156"},{"taxonomy":"post_tag","embeddable":true,"href":"https:\/\/www.europesays.com\/pt\/wp-json\/wp\/v2\/tags?post=138156"}],"curies":[{"name":"wp","href":"https:\/\/api.w.org\/{rel}","templated":true}]}}