{"id":138184,"date":"2025-11-03T18:12:08","date_gmt":"2025-11-03T18:12:08","guid":{"rendered":"https:\/\/www.europesays.com\/pt\/138184\/"},"modified":"2025-11-03T18:12:08","modified_gmt":"2025-11-03T18:12:08","slug":"e-a-ministra-da-saude","status":"publish","type":"post","link":"https:\/\/www.europesays.com\/pt\/138184\/","title":{"rendered":"\u00e9 a ministra da Sa\u00fade&#8221;"},"content":{"rendered":"<p>                \u201cQuantas mais pessoas t\u00eam de morrer sem atendimento do INEM? Quantos mais helic\u00f3pteros aqui no Algarve t\u00eam de ficar inoperacionais e sem capacidade de atua\u00e7\u00e3o at\u00e9 que a ministra perceba que \u00e9 a respons\u00e1vel pelo estado em que o pa\u00eds est\u00e1?\u201d, questionou o l\u00edder do Chega.<\/p>\n<p>Em declara\u00e7\u00f5es aos jornalistas em Loul\u00e9, Andr\u00e9 Ventura disse ainda ser importante, na pol\u00edtica, \u201cassumir a responsabilidade\u201d.<\/p>\n<p><b>\u201cN\u00e3o pode haver mortes de pessoas que est\u00e3o a contar com o servi\u00e7o de sa\u00fade sem que ningu\u00e9m seja respons\u00e1vel\u201d<\/b>, defendeu, acrescentando que o Governo \u201cresponsabiliza toda a gente menos a ele pr\u00f3prio\u201d.<\/p>\n<p>\u201cEu j\u00e1 vi a senhora ministra da Sa\u00fade aceitar responsabilidade de outras pessoas pela falha de atendimento do INEM, j\u00e1 vi aceitar pelos nascimentos fora dos hospitais e maternidades, e agora at\u00e9 por falhas de informa\u00e7\u00e3o. <b>S\u00f3 h\u00e1 uma pessoa que nunca assume responsabilidade: \u00e9 a ministra da Sa\u00fade<\/b>\u201d.<\/p>\n<p>\u201cPodem continuar a morrer pessoas, podem continuar a nascer beb\u00e9s fora da maternidade, podem continuar a haver falhas de atendimento pelo INEM, pelas linhas de Sa\u00fade 24 e o Governo nunca assume responsabilidade\u201d, declarou.<br \/>&#13;\n<\/p>\n<p>          <img decoding=\"async\" itemprop=\"image\" class=\"img-fluid\"   src=\"https:\/\/www.europesays.com\/pt\/wp-content\/uploads\/2025\/11\/75337c83cb50aa3813d33a61e2650a56_N.jpg\"\/><\/p>\n<p>\nVentura apontou tamb\u00e9m culpas ao presidente da Rep\u00fablica. <b>\u201cTodos n\u00f3s assistimos durante v\u00e1rios anos a um presidente da Rep\u00fablica que em rela\u00e7\u00e3o a outros ministros e ministras da Sa\u00fade criticava, exigia responsabilidade\u201d<\/b>, vincou.<\/p>\n<p>\u201cEu recordo que a doutora Marta Temido se demitiu na sequ\u00eancia de uma morte num hospital. E agora temos um presidente da Rep\u00fablica que desapareceu porque o Governo \u00e9 da sua cor pol\u00edtica\u201d.&#13;\n            <\/p>\n","protected":false},"excerpt":{"rendered":"\u201cQuantas mais pessoas t\u00eam de morrer sem atendimento do INEM? Quantos mais helic\u00f3pteros aqui no Algarve t\u00eam de&hellip;\n","protected":false},"author":2,"featured_media":138185,"comment_status":"","ping_status":"","sticky":false,"template":"","format":"standard","meta":{"footnotes":""},"categories":[10],"tags":[22114,3386,27,28,1736,15,16,14,25,26,21,22,588,12,13,19,20,32,23,24,33,117,850,17,18,29,30,31],"class_list":{"0":"post-138184","1":"post","2":"type-post","3":"status-publish","4":"format-standard","5":"has-post-thumbnail","7":"category-portugal","8":"tag-ana-paula-martins","9":"tag-andre-ventura","10":"tag-breaking-news","11":"tag-breakingnews","12":"tag-chega","13":"tag-featured-news","14":"tag-featurednews","15":"tag-headlines","16":"tag-latest-news","17":"tag-latestnews","18":"tag-main-news","19":"tag-mainnews","20":"tag-marcelo-rebelo-de-sousa","21":"tag-news","22":"tag-noticias","23":"tag-noticias-principais","24":"tag-noticiasprincipais","25":"tag-portugal","26":"tag-principais-noticias","27":"tag-principaisnoticias","28":"tag-pt","29":"tag-saude","30":"tag-servico-nacional-de-saude","31":"tag-top-stories","32":"tag-topstories","33":"tag-ultimas","34":"tag-ultimas-noticias","35":"tag-ultimasnoticias"},"share_on_mastodon":{"url":"https:\/\/pubeurope.com\/@pt\/115487122737161809","error":""},"_links":{"self":[{"href":"https:\/\/www.europesays.com\/pt\/wp-json\/wp\/v2\/posts\/138184","targetHints":{"allow":["GET"]}}],"collection":[{"href":"https:\/\/www.europesays.com\/pt\/wp-json\/wp\/v2\/posts"}],"about":[{"href":"https:\/\/www.europesays.com\/pt\/wp-json\/wp\/v2\/types\/post"}],"author":[{"embeddable":true,"href":"https:\/\/www.europesays.com\/pt\/wp-json\/wp\/v2\/users\/2"}],"replies":[{"embeddable":true,"href":"https:\/\/www.europesays.com\/pt\/wp-json\/wp\/v2\/comments?post=138184"}],"version-history":[{"count":0,"href":"https:\/\/www.europesays.com\/pt\/wp-json\/wp\/v2\/posts\/138184\/revisions"}],"wp:featuredmedia":[{"embeddable":true,"href":"https:\/\/www.europesays.com\/pt\/wp-json\/wp\/v2\/media\/138185"}],"wp:attachment":[{"href":"https:\/\/www.europesays.com\/pt\/wp-json\/wp\/v2\/media?parent=138184"}],"wp:term":[{"taxonomy":"category","embeddable":true,"href":"https:\/\/www.europesays.com\/pt\/wp-json\/wp\/v2\/categories?post=138184"},{"taxonomy":"post_tag","embeddable":true,"href":"https:\/\/www.europesays.com\/pt\/wp-json\/wp\/v2\/tags?post=138184"}],"curies":[{"name":"wp","href":"https:\/\/api.w.org\/{rel}","templated":true}]}}