{"id":138238,"date":"2025-11-03T19:03:09","date_gmt":"2025-11-03T19:03:09","guid":{"rendered":"https:\/\/www.europesays.com\/pt\/138238\/"},"modified":"2025-11-03T19:03:09","modified_gmt":"2025-11-03T19:03:09","slug":"rita-ferro-rodrigues-rendida-a-homem-especial-adoro-o","status":"publish","type":"post","link":"https:\/\/www.europesays.com\/pt\/138238\/","title":{"rendered":"Rita Ferro Rodrigues rendida a homem especial: &#8220;Adoro-o&#8221;"},"content":{"rendered":"<p>Esta segunda-feira, dia 3 \u00e9 de festa para <a href=\"https:\/\/selfie.iol.pt\/famosos\/rita-ferro-rodrigues\/rita-ferro-rodrigues-devastada-tragedia-imensa\/20250904\/68b94e20d34ef72ee44a234d\" target=\"_blank\" rel=\"nofollow noopener\">Rita Ferro Rodrigues<\/a>, que celebra o anivers\u00e1rio do pai, Ferro Rodrigues.<\/p>\n<p>No Instagram, a apresentadora assinalou a data especial. &#8220;S\u00f3cio 202 do Sporting Clube de Portugal, h\u00e1 76 anos de Le\u00e3o ao peito (na fotografia com a camisola comemorativa dos 75&#8230; mas j\u00e1 s\u00e3o 76!)&#8221;, afirmou Rita Ferro Rodrigues, na legenda da imagem.<\/p>\n<p>&#8220;Faz anos hoje, o meu querido pai. Adoro-o e admiro-o profundamente. Parab\u00e9ns&#8221;, completou.<\/p>\n<p>Veja, agora, a imagem partilhada por Rita Ferro Rodrigues na galeria de fotografias que prepar\u00e1mos para si.<\/p>\n","protected":false},"excerpt":{"rendered":"Esta segunda-feira, dia 3 \u00e9 de festa para Rita Ferro Rodrigues, que celebra o anivers\u00e1rio do pai, Ferro&hellip;\n","protected":false},"author":2,"featured_media":138239,"comment_status":"","ping_status":"","sticky":false,"template":"","format":"standard","meta":{"footnotes":""},"categories":[145],"tags":[996,211,210,114,115,981,980,3680,1015,619,32,33,6894,1012],"class_list":{"0":"post-138238","1":"post","2":"type-post","3":"status-publish","4":"format-standard","5":"has-post-thumbnail","7":"category-celebridades","8":"tag-aniversario","9":"tag-celebridades","10":"tag-celebrities","11":"tag-entertainment","12":"tag-entretenimento","13":"tag-familia","14":"tag-famosos","15":"tag-ferro-rodrigues","16":"tag-instagram","17":"tag-nacional","18":"tag-portugal","19":"tag-pt","20":"tag-rita-ferro-rodrigues","21":"tag-selfie"},"share_on_mastodon":{"url":"https:\/\/pubeurope.com\/@pt\/115487323133219605","error":""},"_links":{"self":[{"href":"https:\/\/www.europesays.com\/pt\/wp-json\/wp\/v2\/posts\/138238","targetHints":{"allow":["GET"]}}],"collection":[{"href":"https:\/\/www.europesays.com\/pt\/wp-json\/wp\/v2\/posts"}],"about":[{"href":"https:\/\/www.europesays.com\/pt\/wp-json\/wp\/v2\/types\/post"}],"author":[{"embeddable":true,"href":"https:\/\/www.europesays.com\/pt\/wp-json\/wp\/v2\/users\/2"}],"replies":[{"embeddable":true,"href":"https:\/\/www.europesays.com\/pt\/wp-json\/wp\/v2\/comments?post=138238"}],"version-history":[{"count":0,"href":"https:\/\/www.europesays.com\/pt\/wp-json\/wp\/v2\/posts\/138238\/revisions"}],"wp:featuredmedia":[{"embeddable":true,"href":"https:\/\/www.europesays.com\/pt\/wp-json\/wp\/v2\/media\/138239"}],"wp:attachment":[{"href":"https:\/\/www.europesays.com\/pt\/wp-json\/wp\/v2\/media?parent=138238"}],"wp:term":[{"taxonomy":"category","embeddable":true,"href":"https:\/\/www.europesays.com\/pt\/wp-json\/wp\/v2\/categories?post=138238"},{"taxonomy":"post_tag","embeddable":true,"href":"https:\/\/www.europesays.com\/pt\/wp-json\/wp\/v2\/tags?post=138238"}],"curies":[{"name":"wp","href":"https:\/\/api.w.org\/{rel}","templated":true}]}}