{"id":138278,"date":"2025-11-03T19:31:17","date_gmt":"2025-11-03T19:31:17","guid":{"rendered":"https:\/\/www.europesays.com\/pt\/138278\/"},"modified":"2025-11-03T19:31:17","modified_gmt":"2025-11-03T19:31:17","slug":"marcia-soares-deixa-apelo-a-voz-apos-mais-uma-acesa-discussao-de-pedro-e-marisa","status":"publish","type":"post","link":"https:\/\/www.europesays.com\/pt\/138278\/","title":{"rendered":"Marcia Soares deixa apelo \u00e0 &#8216;VOZ&#8217; ap\u00f3s mais uma acesa discuss\u00e3o de Pedro e Marisa"},"content":{"rendered":"<p>\t\t\t\t\t\t\t\t\t\t\t\t<a href=\"#\" onclick=\"window.open('http:\/\/www.facebook.com\/sharer.php?u=https:\/\/cusquices.com\/marcia-soares-deixa-apelo-a-voz-apos-mais-uma-acesa-discussao-de-pedro-e-marisa\/&amp;t=Marcia Soares deixa apelo \u00e0 \u2018VOZ\u2019 ap\u00f3s mais uma acesa discuss\u00e3o de Pedro e Marisa', 'facebookShare', 'width=626,height=436'); return false;\" title=\"Share on Facebook\"><\/p>\n<p>Share<\/p>\n<p><\/a><br \/>\n\t\t\t\t\t\t\t\t\t\t\t\t<a href=\"#\" onclick=\"window.open('http:\/\/twitter.com\/share?text=Marcia Soares deixa apelo \u00e0 \u2018VOZ\u2019 ap\u00f3s mais uma acesa discuss\u00e3o de Pedro e Marisa -&amp;url=https:\/\/cusquices.com\/marcia-soares-deixa-apelo-a-voz-apos-mais-uma-acesa-discussao-de-pedro-e-marisa\/', 'twitterShare', 'width=626,height=436'); return false;\" title=\"Tweet This Post\"><\/p>\n<p>Tweet<\/p>\n<p><\/a><br \/>\n\t\t\t\t\t\t\t\t\t\t\t\t<a href=\"whatsapp:\/\/send?text=Marcia Soares deixa apelo \u00e0 \u2018VOZ\u2019 ap\u00f3s mais uma acesa discuss\u00e3o de Pedro e Marisa https:\/\/cusquices.com\/marcia-soares-deixa-apelo-a-voz-apos-mais-uma-acesa-discussao-de-pedro-e-marisa\/\" rel=\"nofollow\"><\/p>\n<p>Share<\/p>\n<p><\/a><br \/>\n\t\t\t\t\t\t\t\t\t\t\t\t<a href=\"#\" onclick=\"window.open('http:\/\/pinterest.com\/pin\/create\/button\/?url=https:\/\/cusquices.com\/marcia-soares-deixa-apelo-a-voz-apos-mais-uma-acesa-discussao-de-pedro-e-marisa\/&amp;media=https:\/\/cusquices.com\/wp-content\/uploads\/2025\/11\/marcia-marisapedro-1000x600.jpg&amp;description=Marcia Soares deixa apelo \u00e0 \u2018VOZ\u2019 ap\u00f3s mais uma acesa discuss\u00e3o de Pedro e Marisa', 'pinterestShare', 'width=750,height=350'); return false;\" title=\"Pin This Post\"><\/p>\n<p>Share<\/p>\n<p><\/a><br \/>\n\t\t\t\t\t\t\t\t\t\t\t\t<a href=\"mailto:?subject=Marcia Soares deixa apelo \u00e0 \u2018VOZ\u2019 ap\u00f3s mais uma acesa discuss\u00e3o de Pedro e Marisa&amp;BODY=I found this article interesting and thought of sharing it with you. Check it out: https:\/\/cusquices.com\/marcia-soares-deixa-apelo-a-voz-apos-mais-uma-acesa-discussao-de-pedro-e-marisa\/\"><\/p>\n<p>Email<\/p>\n<p><\/a><br \/>\n\t\t\t\t\t\t\t\t\t\t\t\t\t\t\t\t\t\t\t\t\t\t\t\t\t\t\t\t\t\t\t\t\t\t\t\t\t\t\t\t\t\t\t\t\t\t\t\t\t\t\t\t\t<a href=\"https:\/\/cusquices.com\/marcia-soares-deixa-apelo-a-voz-apos-mais-uma-acesa-discussao-de-pedro-e-marisa\/#respond\" rel=\"nofollow noopener\" target=\"_blank\"><\/p>\n<p>Marisa e Pedro voltaram a entrar numa acesa discuss\u00e3o esta manh\u00e3, 3 de novembro, onde os ci\u00fames voltaram a reinar e as acusa\u00e7\u00f5es m\u00fatuas levaram a que palavras menos bonitas fossem ditas.<\/p>\n<p>Marisa continua magoada, ap\u00f3s descobrir que o marido pagou por um jantar com Liliana e diante de todos atirou: \u201c<strong>H\u00e1 pessoas que aqui se fazem de grandes garanh\u00f5es e n\u00e3o passam de uma ratazana de esgoto.<\/strong>\u201d Pedro n\u00e3o gostou e acusou a esposa de estar a mudar de postura e de se aliar aos \u2018inimigos\u2019 e ainda atirou: \u201c<strong>Eu nunca te ofendi, essa \u00e9 a diferen\u00e7a. Ratazana de esgoto \u00e9s tu. \u00c9s uma triste. Como mulher, \u00e9s triste. Criticas os outros e fazes igual ou pior.<\/strong>\u201c.<\/p>\n<p>Mais tarde, a conversa ficou ainda mais intensa, com Pedro a passar-se completamente com Marisa: \u201c<strong>Tu precisas de falar com o chefe [Bruno]\u2026 Falas baixo para mim. Falas baixo porque foste ali falar com o teu \u2018chefezinho\u2019 e lambeste-lhe as botas. Lambe-lhe outra coisa se quiseres. N\u00e3o tens respeito por ningu\u00e9m.\u201d<\/strong><\/p>\n<p>Pedro foi mais longe e acrescentou: <strong>\u201cLambe-lhe outras coisas. Eu sei que tu queres, mas n\u00e3o precisas de lamber as botas.<\/strong>\u201d\u00a0<\/p>\n<p>Marcia Soares n\u00e3o ficou indiferente \u00e0s discuss\u00f5es do casalinho e deixou um apelo \u00e0 VOZ: <strong>\u201cOh Voz come\u00e7a maz\u00e9 a organizar o pedido de casamento dos Maped [Marisa e Pedro] antes de o casal ceder \u00e0 press\u00e3o do jogo\u201d, <\/strong>apelou a comentadora da TVI.<\/p>\n<blockquote class=\"twitter-tweet\">\n<p lang=\"pt\" dir=\"ltr\">Oh Voz come\u00e7a maz\u00e9 a organizar o pedido de casamento dos Maped antes de o casal ceder \u00e0 press\u00e3o do jogo <a href=\"https:\/\/twitter.com\/hashtag\/sstvi?src=hash&amp;ref_src=twsrc%5Etfw\" rel=\"nofollow noopener\" target=\"_blank\">#sstvi<\/a><\/p>\n<p>\u2014 Marcia Soares (@MarciaSoaresbb) <a href=\"https:\/\/twitter.com\/MarciaSoaresbb\/status\/1985344081363378607?ref_src=twsrc%5Etfw\" rel=\"nofollow noopener\" target=\"_blank\">November 3, 2025<\/a><\/p><\/blockquote>\n<p><strong>Leia tamb\u00e9m:<\/strong><\/p>\n<p>\t\t\t\t\t\t\t\t\t\t\t\t\t\t\t\t\t\t\t\t\t\t\t\t\t<img decoding=\"async\" src=\"https:\/\/www.europesays.com\/pt\/wp-content\/uploads\/2025\/10\/cusquices-logo-52x.png\" class=\"webpexpress-processed\"\/><\/p>\n<p>\t\t\t\t\t\t\t\t\t\t\t\t\t\t\t\t\t\t\t\t\t            \t\t\t\t\t\t\t\t\t\t\t\t\t\t\t\t\t\t\t\t\t\t\t\t\t\t\t\t\t\t\t\t\t\t\t\t\t\t\t<script async src=\"https:\/\/platform.twitter.com\/widgets.js\" charset=\"utf-8\"><\/script><\/p>\n","protected":false},"excerpt":{"rendered":"Share Tweet Share Share Email Marisa e Pedro voltaram a entrar numa acesa discuss\u00e3o esta manh\u00e3, 3 de&hellip;\n","protected":false},"author":2,"featured_media":138279,"comment_status":"","ping_status":"","sticky":false,"template":"","format":"standard","meta":{"footnotes":""},"categories":[8],"tags":[27,28,2632,49,15,16,14,25,26,21,22,2038,19184,12,13,19,20,14646,32,23,24,33,17,18,29,30,31],"class_list":{"0":"post-138278","1":"post","2":"type-post","3":"status-publish","4":"format-standard","5":"has-post-thumbnail","7":"category-principais-noticias","8":"tag-breaking-news","9":"tag-breakingnews","10":"tag-casa-dos-segredos","11":"tag-destaques","12":"tag-featured-news","13":"tag-featurednews","14":"tag-headlines","15":"tag-latest-news","16":"tag-latestnews","17":"tag-main-news","18":"tag-mainnews","19":"tag-marcia-soares","20":"tag-marisa","21":"tag-news","22":"tag-noticias","23":"tag-noticias-principais","24":"tag-noticiasprincipais","25":"tag-pedro","26":"tag-portugal","27":"tag-principais-noticias","28":"tag-principaisnoticias","29":"tag-pt","30":"tag-top-stories","31":"tag-topstories","32":"tag-ultimas","33":"tag-ultimas-noticias","34":"tag-ultimasnoticias"},"share_on_mastodon":{"url":"https:\/\/pubeurope.com\/@pt\/115487433406214648","error":""},"_links":{"self":[{"href":"https:\/\/www.europesays.com\/pt\/wp-json\/wp\/v2\/posts\/138278","targetHints":{"allow":["GET"]}}],"collection":[{"href":"https:\/\/www.europesays.com\/pt\/wp-json\/wp\/v2\/posts"}],"about":[{"href":"https:\/\/www.europesays.com\/pt\/wp-json\/wp\/v2\/types\/post"}],"author":[{"embeddable":true,"href":"https:\/\/www.europesays.com\/pt\/wp-json\/wp\/v2\/users\/2"}],"replies":[{"embeddable":true,"href":"https:\/\/www.europesays.com\/pt\/wp-json\/wp\/v2\/comments?post=138278"}],"version-history":[{"count":0,"href":"https:\/\/www.europesays.com\/pt\/wp-json\/wp\/v2\/posts\/138278\/revisions"}],"wp:featuredmedia":[{"embeddable":true,"href":"https:\/\/www.europesays.com\/pt\/wp-json\/wp\/v2\/media\/138279"}],"wp:attachment":[{"href":"https:\/\/www.europesays.com\/pt\/wp-json\/wp\/v2\/media?parent=138278"}],"wp:term":[{"taxonomy":"category","embeddable":true,"href":"https:\/\/www.europesays.com\/pt\/wp-json\/wp\/v2\/categories?post=138278"},{"taxonomy":"post_tag","embeddable":true,"href":"https:\/\/www.europesays.com\/pt\/wp-json\/wp\/v2\/tags?post=138278"}],"curies":[{"name":"wp","href":"https:\/\/api.w.org\/{rel}","templated":true}]}}