{"id":138290,"date":"2025-11-03T19:45:15","date_gmt":"2025-11-03T19:45:15","guid":{"rendered":"https:\/\/www.europesays.com\/pt\/138290\/"},"modified":"2025-11-03T19:45:15","modified_gmt":"2025-11-03T19:45:15","slug":"estrangeiro-de-74-anos-morreu-numa-praia-do-funchal-observador","status":"publish","type":"post","link":"https:\/\/www.europesays.com\/pt\/138290\/","title":{"rendered":"Estrangeiro de 74 anos morreu numa praia do Funchal \u2013 Observador"},"content":{"rendered":"<p>Um homem de 74 anos, de nacionalidade su\u00ed\u00e7a, morreu esta segunda-feira na Madeira depois de alegadamente ter estado em <strong>dificuldades no mar<\/strong>, na praia do Areeiro, no Funchal, anunciou esta segunda-feira a Autoridade Mar\u00edtima Nacional.<\/p>\n<p>Em comunicado, esta autoridade adianta que o alerta para esta situa\u00e7\u00e3o foi dado pelas 14h40, atrav\u00e9s do Servi\u00e7o Regional de Prote\u00e7\u00e3o Civil (SRPC) da Madeira, relativo a \u201cuma pessoa em <strong>paragem cardiorrespirat\u00f3ria<\/strong>\u201d naquela praia.<\/p>\n<p>De acordo com a informa\u00e7\u00e3o, foram ativados de imediato os meios de socorro, nomeadamente elementos do Comando Local da Pol\u00edcia Mar\u00edtima do Funchal, da Cruz Vermelha Portuguesa e da Equipa M\u00e9dica de Interven\u00e7\u00e3o R\u00e1pida (EMIR).<\/p>\n<p>\u201c\u00c0 chegada ao local, constatou-se que o homem tinha sido retirado da \u00e1gua por populares que prontamente iniciaram manobras de Suporte B\u00e1sico de Vida, n\u00e3o tendo sido poss\u00edvel reverter a situa\u00e7\u00e3o\u201d, l\u00ea-se no documento.<\/p>\n<p>O m\u00e9dico da EMIR efetuou o auto de verifica\u00e7\u00e3o do \u00f3bito e o corpo foi depois transportado para o Gabinete M\u00e9dico-Legal e Forense da Madeira, tendo o comando local da Pol\u00edcia Mar\u00edtima do Funchal tomado conta da ocorr\u00eancia.<\/p>\n","protected":false},"excerpt":{"rendered":"Um homem de 74 anos, de nacionalidade su\u00ed\u00e7a, morreu esta segunda-feira na Madeira depois de alegadamente ter estado&hellip;\n","protected":false},"author":2,"featured_media":138291,"comment_status":"","ping_status":"","sticky":false,"template":"","format":"standard","meta":{"footnotes":""},"categories":[10],"tags":[27,28,15,16,20916,14,25,26,1301,21,22,1437,12,13,19,20,57,32,23,24,33,58,17,18,29,30,31],"class_list":{"0":"post-138290","1":"post","2":"type-post","3":"status-publish","4":"format-standard","5":"has-post-thumbnail","7":"category-portugal","8":"tag-breaking-news","9":"tag-breakingnews","10":"tag-featured-news","11":"tag-featurednews","12":"tag-funchal","13":"tag-headlines","14":"tag-latest-news","15":"tag-latestnews","16":"tag-madeira","17":"tag-main-news","18":"tag-mainnews","19":"tag-morte","20":"tag-news","21":"tag-noticias","22":"tag-noticias-principais","23":"tag-noticiasprincipais","24":"tag-pau00eds","25":"tag-portugal","26":"tag-principais-noticias","27":"tag-principaisnoticias","28":"tag-pt","29":"tag-sociedade","30":"tag-top-stories","31":"tag-topstories","32":"tag-ultimas","33":"tag-ultimas-noticias","34":"tag-ultimasnoticias"},"share_on_mastodon":{"url":"https:\/\/pubeurope.com\/@pt\/115487488244423654","error":""},"_links":{"self":[{"href":"https:\/\/www.europesays.com\/pt\/wp-json\/wp\/v2\/posts\/138290","targetHints":{"allow":["GET"]}}],"collection":[{"href":"https:\/\/www.europesays.com\/pt\/wp-json\/wp\/v2\/posts"}],"about":[{"href":"https:\/\/www.europesays.com\/pt\/wp-json\/wp\/v2\/types\/post"}],"author":[{"embeddable":true,"href":"https:\/\/www.europesays.com\/pt\/wp-json\/wp\/v2\/users\/2"}],"replies":[{"embeddable":true,"href":"https:\/\/www.europesays.com\/pt\/wp-json\/wp\/v2\/comments?post=138290"}],"version-history":[{"count":0,"href":"https:\/\/www.europesays.com\/pt\/wp-json\/wp\/v2\/posts\/138290\/revisions"}],"wp:featuredmedia":[{"embeddable":true,"href":"https:\/\/www.europesays.com\/pt\/wp-json\/wp\/v2\/media\/138291"}],"wp:attachment":[{"href":"https:\/\/www.europesays.com\/pt\/wp-json\/wp\/v2\/media?parent=138290"}],"wp:term":[{"taxonomy":"category","embeddable":true,"href":"https:\/\/www.europesays.com\/pt\/wp-json\/wp\/v2\/categories?post=138290"},{"taxonomy":"post_tag","embeddable":true,"href":"https:\/\/www.europesays.com\/pt\/wp-json\/wp\/v2\/tags?post=138290"}],"curies":[{"name":"wp","href":"https:\/\/api.w.org\/{rel}","templated":true}]}}