{"id":138358,"date":"2025-11-03T20:45:28","date_gmt":"2025-11-03T20:45:28","guid":{"rendered":"https:\/\/www.europesays.com\/pt\/138358\/"},"modified":"2025-11-03T20:45:28","modified_gmt":"2025-11-03T20:45:28","slug":"edificio-mutual-openbook-architecture","status":"publish","type":"post","link":"https:\/\/www.europesays.com\/pt\/138358\/","title":{"rendered":"Edif\u00edcio Mutual \/ OPENBOOK Architecture"},"content":{"rendered":"<p><a class=\"js-image-size__link \" href=\"https:\/\/www.archdaily.com.br\/br\/1035633\/edificio-mutual-openbook-architecture\/6904c88a436bc60001fdba63-edificio-mutual-openbook-architecture-foto\" rel=\"attachment nofollow noopener\" style=\"width: 100%; height: 100%;\" target=\"_blank\"><img decoding=\"async\" alt=\"Edif\u00edcio Mutual \/ OPENBOOK Architecture - Imagem 1 de 24\" data-nr-picture-id=\"6904c88a436bc60001fdba63\" fetchpriority=\"high\" height=\"477\" itemprop=\"image\" loading=\"eager\" longdesc=\"https:\/\/www.archdaily.com.br\/br\/1035633\/edificio-mutual-openbook-architecture\/6904c88a436bc60001fdba63-edificio-mutual-openbook-architecture-foto\" src=\"https:\/\/www.europesays.com\/pt\/wp-content\/uploads\/2025\/11\/116_optimized_2.jpg\" style=\"min-height: var(--featured-height, auto); aspect-ratio: auto 640 \/ 477\" width=\"640\"\/><\/a>\u00a9 Fernando Guerra | FG+SG<\/p>\n<p class=\"thumbs afd-desktop-e clearfix\"><a class=\"thumbs__link\" data-nr-picture-id=\"6904c88a436bc60001fdba62\" href=\"https:\/\/www.archdaily.com.br\/br\/1035633\/edificio-mutual-openbook-architecture\/6904c88a436bc60001fdba62-edificio-mutual-openbook-architecture-foto\" rel=\"attachment nofollow noopener\" target=\"_blank\"><img loading=\"lazy\" decoding=\"async\" alt=\"Edif\u00edcio Mutual \/ OPENBOOK Architecture - Imagem 2 de 24\" class=\"thumbs__img b-lazy\" data-nr-picture-id=\"6904c88a436bc60001fdba62\" data-pin-nopin=\"true\" src=\"https:\/\/www.europesays.com\/pt\/wp-content\/uploads\/2025\/11\/109_optimized_2.jpg\" height=\"125\" longdesc=\"https:\/\/www.archdaily.com.br\/br\/1035633\/edificio-mutual-openbook-architecture\/6904c88a436bc60001fdba62-edificio-mutual-openbook-architecture-foto\" title=\"\u00a9 Fernando Guerra | FG+SG\" width=\"125\"\/><\/a><a class=\"thumbs__link\" data-nr-picture-id=\"6904c88a436bc60001fdba64\" href=\"https:\/\/www.archdaily.com.br\/br\/1035633\/edificio-mutual-openbook-architecture\/6904c88a436bc60001fdba64-edificio-mutual-openbook-architecture-foto\" rel=\"attachment nofollow noopener\" target=\"_blank\"><img loading=\"lazy\" decoding=\"async\" alt=\"Edif\u00edcio Mutual \/ OPENBOOK Architecture - Imagem 3 de 24\" class=\"thumbs__img b-lazy\" data-nr-picture-id=\"6904c88a436bc60001fdba64\" data-pin-nopin=\"true\" src=\"https:\/\/www.europesays.com\/pt\/wp-content\/uploads\/2025\/11\/168_optimized2.jpg\" height=\"125\" longdesc=\"https:\/\/www.archdaily.com.br\/br\/1035633\/edificio-mutual-openbook-architecture\/6904c88a436bc60001fdba64-edificio-mutual-openbook-architecture-foto\" title=\"\u00a9 Fernando Guerra | FG+SG\" width=\"125\"\/><\/a><a class=\"thumbs__link\" data-nr-picture-id=\"6904c88a436bc60001fdba65\" href=\"https:\/\/www.archdaily.com.br\/br\/1035633\/edificio-mutual-openbook-architecture\/6904c88a436bc60001fdba65-edificio-mutual-openbook-architecture-foto\" rel=\"attachment nofollow noopener\" target=\"_blank\"><img loading=\"lazy\" decoding=\"async\" alt=\"Edif\u00edcio Mutual \/ OPENBOOK Architecture - Fotografia de Interiores, Vidro\" class=\"thumbs__img b-lazy\" data-nr-picture-id=\"6904c88a436bc60001fdba65\" data-pin-nopin=\"true\" src=\"https:\/\/www.europesays.com\/pt\/wp-content\/uploads\/2025\/11\/186_optmized2.jpg\" height=\"125\" longdesc=\"https:\/\/www.archdaily.com.br\/br\/1035633\/edificio-mutual-openbook-architecture\/6904c88a436bc60001fdba65-edificio-mutual-openbook-architecture-foto\" title=\"\u00a9 Fernando Guerra | FG+SG\" width=\"125\"\/><\/a><a class=\"thumbs__link\" data-nr-picture-id=\"6904c883436bc60001fdba54\" href=\"https:\/\/www.archdaily.com.br\/br\/1035633\/edificio-mutual-openbook-architecture\/6904c883436bc60001fdba54-edificio-mutual-openbook-architecture-foto\" rel=\"attachment nofollow noopener\" target=\"_blank\"><img loading=\"lazy\" decoding=\"async\" alt=\"Edif\u00edcio Mutual \/ OPENBOOK Architecture - Fotografia de Exterior, Fachada\" class=\"thumbs__img b-lazy\" data-nr-picture-id=\"6904c883436bc60001fdba54\" data-pin-nopin=\"true\" src=\"https:\/\/www.europesays.com\/pt\/wp-content\/uploads\/2025\/11\/013.jpg\" height=\"125\" longdesc=\"https:\/\/www.archdaily.com.br\/br\/1035633\/edificio-mutual-openbook-architecture\/6904c883436bc60001fdba54-edificio-mutual-openbook-architecture-foto\" title=\"\u00a9 Fernando Guerra | FG+SG\" width=\"125\"\/><\/a><a class=\"gallery-link afd-desktop-e\" href=\"https:\/\/www.archdaily.com.br\/br\/1035633\/edificio-mutual-openbook-architecture\/6904c88a436bc60001fdba63-edificio-mutual-openbook-architecture-foto\" rel=\"nofollow noopener\" target=\"_blank\"><img decoding=\"async\" alt=\"Edif\u00edcio Mutual \/ OPENBOOK Architecture - Mais Imagens\" class=\"thumbs__img b-lazy\" src=\"https:\/\/www.europesays.com\/pt\/wp-content\/uploads\/2025\/11\/116_optimized_2.jpg\" itemprop=\"image\" bad-src=\"data:image\/gif;base64,R0lGODlhAQABAIAAAAUEBAAAACwAAAAAAQABAAACAkQBADs=\"\/>+ 19<\/a><\/p>\n<p>    Compartilhar<\/p>\n<p>Compartilhar<\/p>\n<ul class=\"afd-share__networks clearfix\">\n<li class=\"afd-share__social\"><a aria-label=\"Facebook\" class=\"afd-share__button\" data-insights-category=\"share\" data-insights-label=\"facebook_sharing_options\" data-insights-value=\"1035633\" data-social=\"facebook\" href=\"https:\/\/www.facebook.com\/sharer\/sharer.php?u=https:\/\/www.archdaily.com.br\/br\/1035633\/edificio-mutual-openbook-architecture\" rel=\"nofollow noopener\" target=\"_blank\"><\/a>\n<p>Facebook<\/p>\n<\/li>\n<li class=\"afd-share__social\"><a aria-label=\"Twitter\" class=\"afd-share__button\" data-insights-category=\"share\" data-insights-label=\"twitter_sharing_options\" data-insights-value=\"1035633\" data-social=\"twitter\" href=\"https:\/\/twitter.com\/intent\/tweet?text=Edif%C3%ADcio%20Mutual%20%2F%20OPENBOOK%20Architecture&amp;url=https:\/\/www.archdaily.com.br\/br\/1035633\/edificio-mutual-openbook-architecture&amp;via=archdailybr\" rel=\"nofollow noopener\" target=\"_blank\"><\/a>\n<p>Twitter<\/p>\n<\/li>\n<li class=\"afd-share__social\"><a class=\"afd-share__button\" data-insights-category=\"share\" data-insights-label=\"email_sharing_options\" data-insights-value=\"1035633\" data-social=\"email\" href=\"mailto:?subject=Edif\u00edcio Mutual \/ OPENBOOK Architecture&amp;body=https:\/\/www.archdaily.com.br\/br\/1035633\/edificio-mutual-openbook-architecture\"><\/a>\n<p>Mail<\/p>\n<\/li>\n<li class=\"afd-share__social\"><a aria-label=\"Pinterest\" class=\"afd-share__button\" data-insights-category=\"share\" data-insights-label=\"pinterest_sharing_options\" data-insights-value=\"1035633\" data-social=\"pinterest\" href=\"https:\/\/pinterest.com\/pin\/create\/button\/?url=https%3A%2F%2Fwww.archdaily.com.br%2Fbr%2F1035633%2Fedificio-mutual-openbook-architecture&amp;media=https%3A%2F%2Fimages.adsttc.com%2Fmedia%2Fimages%2F6904%2Fc88a%2F436b%2Fc600%2F01fd%2Fba63%2Flarge_jpg%2F116_optimized_2.jpg%3F1761921384&amp;description=Edif%C3%ADcio%20Mutual%20%2F%20OPENBOOK%20Architecture\" rel=\"nofollow noopener\" target=\"_blank\"><\/a>\n<p>Pinterest<\/p>\n<\/li>\n<li class=\"afd-share__social\"><a aria-label=\"Whatsapp\" class=\"afd-share__button\" data-action=\"share\/whatsapp\/share\" data-insights-category=\"share\" data-insights-label=\"whatsapp_sharing_options\" data-insights-value=\"1035633\" data-social=\"whatsapp\" href=\"whatsapp:\/\/send?text=Edif%C3%ADcio+Mutual+%2F+OPENBOOK+Architecture+%7C+https%3A%2F%2Fwww.archdaily.com.br%2Fbr%2F1035633%2Fedificio-mutual-openbook-architecture%3Futm_source%3DWhatsapp%26utm_medium%3DIM%26utm_campaign%3Dshare-button\" rel=\"nofollow\"><\/a>\n<p>Whatsapp<\/p>\n<\/li>\n<\/ul>\n<p>Ou<\/p>\n<p>https:\/\/www.archdaily.com.br\/br\/1035633\/edificio-mutual-openbook-architecture<\/p>\n<ul class=\"afd-char-list afd-specs__item-container js-char-list\" wp_automatic_readability=\"0\">\n<li class=\"afd-specs__item\">\n<\/li>\n<li class=\"afd-specs__item\">\n  \u00c1rea<br \/>\n  \u00c1rea deste projeto de arquitetura<\/p>\n<p>\u00c1rea:\u00a0<br \/>\n        <a href=\"https:\/\/www.archdaily.com.br\/search\/br\/projects\/min_area\/7999\/max_area\/11998?ad_name=project-specs&amp;ad_medium=single\" rel=\"nofollow noopener\" target=\"_blank\">9999<\/a> m\u00b2<\/li>\n<li class=\"afd-specs__item\">\n<p>  Ano<br \/>\n  Ano de conclus\u00e3o deste projeto de arquitetura<\/p>\n<p>            Ano:\u00a0<\/p>\n<p>                    <a href=\"https:\/\/www.archdaily.com.br\/search\/br\/projects\/year\/2025?ad_name=project-specs&amp;ad_medium=single\" rel=\"nofollow noopener\" target=\"_blank\"><br \/>\n          2025<br \/>\n        <\/a><\/p>\n<\/li>\n<li class=\"afd-specs__item\">\n<p>  Fot\u00f3grafo<\/p>\n<\/li>\n<li class=\"afd-specs__item\" wp_automatic_readability=\"3\">\n<p>  Fabricantes<br \/>\n  Marcas com produtos usados neste projeto de arquitetura<\/p>\n<p>Fabricantes: \u00a0AMOP Lda, Jofebar, M\u00e1rio Cunha &amp; Cunha Lda., TDRV, VMZINC<\/p>\n<\/li>\n<\/ul>\n<p><a class=\"js-image-size__link lazy-anchor\" href=\"https:\/\/www.archdaily.com.br\/br\/1035633\/edificio-mutual-openbook-architecture\/6904c885436bc60001fdba56-edificio-mutual-openbook-architecture-foto\" rel=\"nofollow noopener\" target=\"_blank\"><img decoding=\"async\" alt=\"Edif\u00edcio Mutual \/ OPENBOOK Architecture - Fotografia de Exterior, Fachada\" data-nr-picture-id=\"6904c885436bc60001fdba56\" height=\"427\" itemprop=\"image\" loading=\"lazy\" longdesc=\"https:\/\/www.archdaily.com.br\/br\/1035633\/edificio-mutual-openbook-architecture\/6904c885436bc60001fdba56-edificio-mutual-openbook-architecture-foto\" src=\"https:\/\/www.europesays.com\/pt\/wp-content\/uploads\/2025\/11\/022.jpg\" width=\"640\"\/>\u00a9 Fernando Guerra | FG+SG<\/a><\/p>\n<p>Descri\u00e7\u00e3o enviada pela equipe de projeto. Localizado no cora\u00e7\u00e3o de Campo Alegre, Porto, <strong>o Mutual Building \u00e9 um empreendimento de escrit\u00f3rios marcante que redefine a rela\u00e7\u00e3o entre a arquitetura de patrim\u00f4nio e o design contempor\u00e2neo de locais de trabalho.<\/strong> Originalmente uma estrutura hist\u00f3rica de valor emblem\u00e1tico, o edif\u00edcio passou por uma transforma\u00e7\u00e3o abrangente liderada pela Openbook Architecture, encomendada pela Osborne+Co e Adriparte. <strong>O resultado \u00e9 um espa\u00e7o de escrit\u00f3rios altamente sustent\u00e1vel, tecnologicamente avan\u00e7ado e visualmente impressionante que honra o seu passado ao mesmo tempo que abra\u00e7a o futuro do trabalho.<\/strong><\/p>\n<p>&#13;<\/p>\n<p>\u00a0<\/p>\n<p><a class=\"js-image-size__link lazy-anchor\" href=\"https:\/\/www.archdaily.com.br\/br\/1035633\/edificio-mutual-openbook-architecture\/6904c88a436bc60001fdba62-edificio-mutual-openbook-architecture-foto\" rel=\"nofollow noopener\" target=\"_blank\"><img decoding=\"async\" alt=\"Edif\u00edcio Mutual \/ OPENBOOK Architecture - Imagem 2 de 24\" data-nr-picture-id=\"6904c88a436bc60001fdba62\" height=\"427\" itemprop=\"image\" loading=\"lazy\" longdesc=\"https:\/\/www.archdaily.com.br\/br\/1035633\/edificio-mutual-openbook-architecture\/6904c88a436bc60001fdba62-edificio-mutual-openbook-architecture-foto\" src=\"https:\/\/www.europesays.com\/pt\/wp-content\/uploads\/2025\/11\/1762202725_33_109_optimized_2.jpg\" width=\"640\"\/>\u00a9 Fernando Guerra | FG+SG<\/a><\/p>\n<p>A interven\u00e7\u00e3o arquitet\u00f4nica foi guiada por um profundo respeito pelo legado do edif\u00edcio. Em vez de apagar a sua hist\u00f3ria, <strong>o design preserva e eleva a sua mem\u00f3ria, integrando elementos modernos que melhoram a funcionalidade e o desempenho ambiental.<\/strong> A nova fachada \u00e9 uma caracter\u00edstica de destaque, composta por aletas verticais e horizontais que respondem dinamicamente \u00e0 exposi\u00e7\u00e3o solar. Isto n\u00e3o s\u00f3 melhora a efici\u00eancia energ\u00e9tica, mas tamb\u00e9m confere ao edif\u00edcio um ritmo e uma textura distintos, contribuindo para a sua identidade na paisagem urbana.<\/p>\n<p><a class=\"js-image-size__link lazy-anchor\" href=\"https:\/\/www.archdaily.com.br\/br\/1035633\/edificio-mutual-openbook-architecture\/6904c883436bc60001fdba54-edificio-mutual-openbook-architecture-foto\" rel=\"nofollow noopener\" target=\"_blank\"><img decoding=\"async\" alt=\"Edif\u00edcio Mutual \/ OPENBOOK Architecture - Fotografia de Exterior, Fachada\" data-nr-picture-id=\"6904c883436bc60001fdba54\" height=\"427\" itemprop=\"image\" loading=\"lazy\" longdesc=\"https:\/\/www.archdaily.com.br\/br\/1035633\/edificio-mutual-openbook-architecture\/6904c883436bc60001fdba54-edificio-mutual-openbook-architecture-foto\" src=\"https:\/\/www.europesays.com\/pt\/wp-content\/uploads\/2025\/11\/1762202725_858_013.jpg\" width=\"640\"\/>\u00a9 Fernando Guerra | FG+SG<\/a><\/p>\n<p>No interior, a experi\u00eancia come\u00e7a com um lobby de p\u00e9-direito duplo que atinge um equil\u00edbrio entre a grandiosidade e a escala humana. Ilumina\u00e7\u00e3o cuidadosamente pensada, pain\u00e9is arquitet\u00f4nicos e a preserva\u00e7\u00e3o de um mural art\u00edstico existente criam uma atmosfera acolhedora e refinada. <strong>A composi\u00e7\u00e3o espacial em todo o edif\u00edcio foi projetada para promover conforto, transpar\u00eancia e conectividade \u2014 qualidades essenciais aos ambientes de trabalho contempor\u00e2neos.<\/strong><\/p>\n<p><a class=\"js-image-size__link lazy-anchor\" href=\"https:\/\/www.archdaily.com.br\/br\/1035633\/edificio-mutual-openbook-architecture\/6904c88a436bc60001fdba69-edificio-mutual-openbook-architecture-site-plan\" rel=\"nofollow noopener\" target=\"_blank\"><img decoding=\"async\" alt=\"Edif\u00edcio Mutual \/ OPENBOOK Architecture - Imagem 21 de 24\" data-nr-picture-id=\"6904c88a436bc60001fdba69\" height=\"427\" itemprop=\"image\" loading=\"lazy\" longdesc=\"https:\/\/www.archdaily.com.br\/br\/1035633\/edificio-mutual-openbook-architecture\/6904c88a436bc60001fdba69-edificio-mutual-openbook-architecture-site-plan\" src=\"https:\/\/www.europesays.com\/pt\/wp-content\/uploads\/2025\/11\/AC108-PLANTA_DE_IMPLANTA__O_page-0001_resized.jpg\" width=\"640\"\/>Site plan<\/a><\/p>\n<p>O Mutual Building est\u00e1 estruturado em sete pisos, com cada n\u00edvel oferecendo uma variedade de espa\u00e7os de trabalho adaptados \u00e0s diferentes necessidades. Terra\u00e7os ao ar livre est\u00e3o estrategicamente localizados em v\u00e1rias alturas, proporcionando zonas de lazer \u00fanicas e momentos de descanso. <strong>No topo, um terra\u00e7o na cobertura oferece vistas panor\u00e2micas de 360 graus sobre o Porto e o Rio Douro, refor\u00e7ando a liga\u00e7\u00e3o do edif\u00edcio com o seu entorno e oferecendo uma rara experi\u00eancia urbana.<\/strong><\/p>\n<p><a class=\"js-image-size__link lazy-anchor\" href=\"https:\/\/www.archdaily.com.br\/br\/1035633\/edificio-mutual-openbook-architecture\/6904c88a436bc60001fdba66-edificio-mutual-openbook-architecture-foto\" rel=\"nofollow noopener\" target=\"_blank\"><img decoding=\"async\" alt=\"Edif\u00edcio Mutual \/ OPENBOOK Architecture - Imagem 14 de 24\" data-nr-picture-id=\"6904c88a436bc60001fdba66\" height=\"427\" itemprop=\"image\" loading=\"lazy\" longdesc=\"https:\/\/www.archdaily.com.br\/br\/1035633\/edificio-mutual-openbook-architecture\/6904c88a436bc60001fdba66-edificio-mutual-openbook-architecture-foto\" src=\"https:\/\/www.europesays.com\/pt\/wp-content\/uploads\/2025\/11\/193.1_optimized2.jpg\" width=\"640\"\/>\u00a9 Fernando Guerra | FG+SG<\/a><a class=\"js-image-size__link lazy-anchor\" href=\"https:\/\/www.archdaily.com.br\/br\/1035633\/edificio-mutual-openbook-architecture\/6904c88a436bc60001fdba67-edificio-mutual-openbook-architecture-foto\" rel=\"nofollow noopener\" target=\"_blank\"><img decoding=\"async\" alt=\"Edif\u00edcio Mutual \/ OPENBOOK Architecture - Fotografia de Interiores, Madeira\" data-nr-picture-id=\"6904c88a436bc60001fdba67\" height=\"427\" itemprop=\"image\" loading=\"lazy\" longdesc=\"https:\/\/www.archdaily.com.br\/br\/1035633\/edificio-mutual-openbook-architecture\/6904c88a436bc60001fdba67-edificio-mutual-openbook-architecture-foto\" src=\"https:\/\/www.europesays.com\/pt\/wp-content\/uploads\/2025\/11\/199_optimized2.jpg\" width=\"640\"\/>\u00a9 Fernando Guerra | FG+SG<\/a><\/p>\n<p><strong>A sustentabilidade est\u00e1 intrinsecamente ligada a todo o projeto.<\/strong> Desde a sele\u00e7\u00e3o dos materiais at\u00e9 \u00e0 integra\u00e7\u00e3o de tecnologias prediais inteligentes (smart building), cada decis\u00e3o foi tomada para reduzir o impacto ambiental e melhorar o desempenho a longo prazo. O design responsivo da fachada, as estrat\u00e9gias de ventila\u00e7\u00e3o natural e os sistemas energeticamente eficientes contribuem para os objetivos gerais de sustentabilidade do edif\u00edcio.<\/p>\n<p><a class=\"js-image-size__link lazy-anchor\" href=\"https:\/\/www.archdaily.com.br\/br\/1035633\/edificio-mutual-openbook-architecture\/6904c88a436bc60001fdba64-edificio-mutual-openbook-architecture-foto\" rel=\"nofollow noopener\" target=\"_blank\"><img decoding=\"async\" alt=\"Edif\u00edcio Mutual \/ OPENBOOK Architecture - Imagem 3 de 24\" data-nr-picture-id=\"6904c88a436bc60001fdba64\" height=\"427\" itemprop=\"image\" loading=\"lazy\" longdesc=\"https:\/\/www.archdaily.com.br\/br\/1035633\/edificio-mutual-openbook-architecture\/6904c88a436bc60001fdba64-edificio-mutual-openbook-architecture-foto\" src=\"https:\/\/www.europesays.com\/pt\/wp-content\/uploads\/2025\/11\/1762202728_873_168_optimized2.jpg\" width=\"640\"\/>\u00a9 Fernando Guerra | FG+SG<\/a><\/p>\n<p><strong>Mais do que apenas um escrit\u00f3rio, o Mutual Building \u00e9 uma declara\u00e7\u00e3o de vis\u00e3o arquitet\u00f4nica e renova\u00e7\u00e3o urbana.<\/strong> Demonstra como um design cuidadoso pode preencher a lacuna entre hist\u00f3ria e inova\u00e7\u00e3o, criando espa\u00e7os que n\u00e3o s\u00e3o apenas funcionais, mas tamb\u00e9m significativos. <strong>O projeto estabelece uma nova refer\u00eancia para empreendimentos de escrit\u00f3rios no Porto, oferecendo um local de trabalho que inspira produtividade, colabora\u00e7\u00e3o e bem-estar.<\/strong> <strong>O Mutual \u00e9 onde o legado encontra a vis\u00e3o \u2014 um edif\u00edcio de escrit\u00f3rios que respeita o seu passado, responde ao presente e antecipa o futuro.<\/strong><\/p>\n<p><a class=\"js-image-size__link lazy-anchor\" href=\"https:\/\/www.archdaily.com.br\/br\/1035633\/edificio-mutual-openbook-architecture\/6904c889436bc60001fdba5e-edificio-mutual-openbook-architecture-foto\" rel=\"nofollow noopener\" target=\"_blank\"><img decoding=\"async\" alt=\"Edif\u00edcio Mutual \/ OPENBOOK Architecture - Fotografia de Exterior\" data-nr-picture-id=\"6904c889436bc60001fdba5e\" height=\"427\" itemprop=\"image\" loading=\"lazy\" longdesc=\"https:\/\/www.archdaily.com.br\/br\/1035633\/edificio-mutual-openbook-architecture\/6904c889436bc60001fdba5e-edificio-mutual-openbook-architecture-foto\" src=\"https:\/\/www.europesays.com\/pt\/wp-content\/uploads\/2025\/11\/221.jpg\" width=\"640\"\/>\u00a9 Fernando Guerra | FG+SG<\/a><script async src=\"https:\/\/platform.twitter.com\/widgets.js\" charset=\"utf-8\"><\/script><\/p>\n","protected":false},"excerpt":{"rendered":"\u00a9 Fernando Guerra | FG+SG + 19 Compartilhar Compartilhar Facebook Twitter Mail Pinterest Whatsapp Ou https:\/\/www.archdaily.com.br\/br\/1035633\/edificio-mutual-openbook-architecture \u00c1rea \u00c1rea&hellip;\n","protected":false},"author":2,"featured_media":138359,"comment_status":"","ping_status":"","sticky":false,"template":"","format":"standard","meta":{"footnotes":""},"categories":[144],"tags":[304,18450,207,205,206,203,201,202,204,30864,114,115,30865,32,33],"class_list":{"0":"post-138358","1":"post","2":"type-post","3":"status-publish","4":"format-standard","5":"has-post-thumbnail","7":"category-arte-e-design","8":"tag-arquitetura","9":"tag-arquitetura-de-escritorios","10":"tag-arte","11":"tag-arte-e-design","12":"tag-artedesign","13":"tag-arts","14":"tag-arts-and-design","15":"tag-artsanddesign","16":"tag-design","17":"tag-edificios-de-escritorios","18":"tag-entertainment","19":"tag-entretenimento","20":"tag-oporto","21":"tag-portugal","22":"tag-pt"},"share_on_mastodon":{"url":"https:\/\/pubeurope.com\/@pt\/115487724684377041","error":""},"_links":{"self":[{"href":"https:\/\/www.europesays.com\/pt\/wp-json\/wp\/v2\/posts\/138358","targetHints":{"allow":["GET"]}}],"collection":[{"href":"https:\/\/www.europesays.com\/pt\/wp-json\/wp\/v2\/posts"}],"about":[{"href":"https:\/\/www.europesays.com\/pt\/wp-json\/wp\/v2\/types\/post"}],"author":[{"embeddable":true,"href":"https:\/\/www.europesays.com\/pt\/wp-json\/wp\/v2\/users\/2"}],"replies":[{"embeddable":true,"href":"https:\/\/www.europesays.com\/pt\/wp-json\/wp\/v2\/comments?post=138358"}],"version-history":[{"count":0,"href":"https:\/\/www.europesays.com\/pt\/wp-json\/wp\/v2\/posts\/138358\/revisions"}],"wp:featuredmedia":[{"embeddable":true,"href":"https:\/\/www.europesays.com\/pt\/wp-json\/wp\/v2\/media\/138359"}],"wp:attachment":[{"href":"https:\/\/www.europesays.com\/pt\/wp-json\/wp\/v2\/media?parent=138358"}],"wp:term":[{"taxonomy":"category","embeddable":true,"href":"https:\/\/www.europesays.com\/pt\/wp-json\/wp\/v2\/categories?post=138358"},{"taxonomy":"post_tag","embeddable":true,"href":"https:\/\/www.europesays.com\/pt\/wp-json\/wp\/v2\/tags?post=138358"}],"curies":[{"name":"wp","href":"https:\/\/api.w.org\/{rel}","templated":true}]}}