{"id":138362,"date":"2025-11-03T20:49:10","date_gmt":"2025-11-03T20:49:10","guid":{"rendered":"https:\/\/www.europesays.com\/pt\/138362\/"},"modified":"2025-11-03T20:49:10","modified_gmt":"2025-11-03T20:49:10","slug":"guerreiras-do-k-pop-2-vai-acontecer-voz-de-zoey-revela","status":"publish","type":"post","link":"https:\/\/www.europesays.com\/pt\/138362\/","title":{"rendered":"&#8216;Guerreiras do K-Pop 2&#8217; vai acontecer? Voz de Zoey revela!"},"content":{"rendered":"<p>Todo mundo que saber: depois do fen\u00f4meno que foi <a href=\"https:\/\/recreio.com.br\/tags\/guerreiras-do-k-pop\" rel=\"nofollow noopener\" target=\"_blank\">\u201cGuerreiras do K-Pop\u201d<\/a> neste ano, a sequ\u00eancia j\u00e1 \u00e9 realmente confirmada? Quem deu a not\u00edcia foi <a href=\"https:\/\/www.instagram.com\/rei.ami\/\" rel=\"nofollow noopener\" target=\"_blank\"><strong>Rei Ami<\/strong><\/a>, a voz de uma das integrantes da HUNTR\/X, Zoey. Em recente entrevista, a cantora revelou se as cantoras ter\u00e3o um comeback confirmado ou se est\u00e3o aguardando a not\u00edcia.<\/p>\n<p>Na tradicional festa de Halloween de <strong>Heidi Klum<\/strong>, em Nova York, <strong>Rei Ami<\/strong> se fantasiou de Zoey, sua pr\u00f3pria personagem, e contou para o E!News sobre uma poss\u00edvel sequ\u00eancia. Segundo a voz cantada da personagem na anima\u00e7\u00e3o, ela tamb\u00e9m est\u00e1 na expectativa, mas que n\u00e3o h\u00e1 nada confirmado. A vocalista ainda brincou:<\/p>\n<blockquote>\n<p>\u201cEstou esperando o telefonema, assim como voc\u00eas! Voc\u00eas v\u00e3o descobrir quando eu descobrir, ent\u00e3o conversaremos depois!\u201d<\/p>\n<\/blockquote>\n<p>Em outro momento, <strong>Rei Ami<\/strong> contou que est\u00e1 \u201cchocada\u201d com o sucesso da anima\u00e7\u00e3o da Sony Animation, e ainda pontuou que o enredo ajudou, de certa maneira, a transformar o mundo:<\/p>\n<blockquote>\n<p>\u201cEstou muito honrada e impressionada. E verdadeiramente comovida pelo poder da m\u00fasica e da boa arte e como ela pode realmente\u2026 Soa t\u00e3o clich\u00ea, mudar o mundo. Foi exatamente isso que este filme e esta trilha sonora fizeram, trazendo tanta esperan\u00e7a e luz a um mundo t\u00e3o sombrio e triste, e me sinto realmente privilegiada por fazer parte disso.\u201d<\/p>\n<\/blockquote>\n<p> <strong>Mais sobre \u201cGuerreiras do K-Pop\u201d<\/strong> <\/p>\n<p>Criado por <strong>Maggie Kang<\/strong> e <strong>Chris Appelhans<\/strong>, \u201cGuerreiras do K-Pop\u201d acompanha Zoey, Mira e Rumi, tr\u00eas idols que formam o girlgroup HUNTR\/X e devem proteger o mundo contra os dem\u00f4nios e manter honmoon selado. O trabalho delas fica mais complicado quando os Saja Boys \u2014 um boygroup de dem\u00f4nios \u2014 invade o mundo real e come\u00e7a a conquistar os f\u00e3s e roubar a aten\u00e7\u00e3o deles, destruindo o escudo que protege o mundo real.<\/p>\n<p>O filme se tornou o t\u00edtulo mais visto da Netflix, quebrou recordes em diversas paradas musicais mundiais com o hit \u201cGolden\u201d e tem uma forte campanha da plataforma de streaming para que chegue ao Oscar e o Grammy durante a temporada de premia\u00e7\u00f5es. <a href=\"https:\/\/pt.wikipedia.org\/wiki\/KPop_Demon_Hunters\" rel=\"nofollow noopener\" target=\"_blank\">\u201cGuerreiras do K-Pop\u201d<\/a> furou a bolha e foi exibido nos cinemas mundiais durante este Halloween com uma vers\u00e3o especial em formato sing along\/karaok\u00ea.<\/p>\n<p>Uma sequ\u00eancia ainda n\u00e3o foi confirmada, mas a expectativa \u00e9 gigantesca, j\u00e1 que o sucesso da anima\u00e7\u00e3o, <a href=\"https:\/\/www.netflix.com\/watch\/82125877?source=35\" rel=\"nofollow noopener\" target=\"_blank\">dispon\u00edvel na gigante do streaming<\/a>, \u00e9 um verdadeiro fen\u00f4meno.<\/p>\n<p>\t                                            <script async src=\"\/\/www.instagram.com\/embed.js\"><\/script><\/p>\n","protected":false},"excerpt":{"rendered":"Todo mundo que saber: depois do fen\u00f4meno que foi \u201cGuerreiras do K-Pop\u201d neste ano, a sequ\u00eancia j\u00e1 \u00e9&hellip;\n","protected":false},"author":2,"featured_media":138363,"comment_status":"","ping_status":"","sticky":false,"template":"","format":"standard","meta":{"footnotes":""},"categories":[140],"tags":[114,115,147,148,4550,24683,146,716,32,33,30867],"class_list":{"0":"post-138362","1":"post","2":"type-post","3":"status-publish","4":"format-standard","5":"has-post-thumbnail","7":"category-filmes","8":"tag-entertainment","9":"tag-entretenimento","10":"tag-film","11":"tag-filmes","12":"tag-guerreiras-do-k-pop","13":"tag-guerreiras-do-k-pop-2","14":"tag-movies","15":"tag-netflix","16":"tag-portugal","17":"tag-pt","18":"tag-rei-ami"},"share_on_mastodon":{"url":"https:\/\/pubeurope.com\/@pt\/115487739965550381","error":""},"_links":{"self":[{"href":"https:\/\/www.europesays.com\/pt\/wp-json\/wp\/v2\/posts\/138362","targetHints":{"allow":["GET"]}}],"collection":[{"href":"https:\/\/www.europesays.com\/pt\/wp-json\/wp\/v2\/posts"}],"about":[{"href":"https:\/\/www.europesays.com\/pt\/wp-json\/wp\/v2\/types\/post"}],"author":[{"embeddable":true,"href":"https:\/\/www.europesays.com\/pt\/wp-json\/wp\/v2\/users\/2"}],"replies":[{"embeddable":true,"href":"https:\/\/www.europesays.com\/pt\/wp-json\/wp\/v2\/comments?post=138362"}],"version-history":[{"count":0,"href":"https:\/\/www.europesays.com\/pt\/wp-json\/wp\/v2\/posts\/138362\/revisions"}],"wp:featuredmedia":[{"embeddable":true,"href":"https:\/\/www.europesays.com\/pt\/wp-json\/wp\/v2\/media\/138363"}],"wp:attachment":[{"href":"https:\/\/www.europesays.com\/pt\/wp-json\/wp\/v2\/media?parent=138362"}],"wp:term":[{"taxonomy":"category","embeddable":true,"href":"https:\/\/www.europesays.com\/pt\/wp-json\/wp\/v2\/categories?post=138362"},{"taxonomy":"post_tag","embeddable":true,"href":"https:\/\/www.europesays.com\/pt\/wp-json\/wp\/v2\/tags?post=138362"}],"curies":[{"name":"wp","href":"https:\/\/api.w.org\/{rel}","templated":true}]}}