{"id":138390,"date":"2025-11-03T21:17:09","date_gmt":"2025-11-03T21:17:09","guid":{"rendered":"https:\/\/www.europesays.com\/pt\/138390\/"},"modified":"2025-11-03T21:17:09","modified_gmt":"2025-11-03T21:17:09","slug":"woody-diferente-e-novos-personagens-novas-imagens-de-toy-story-5-repercutem-nas-redes-sociais","status":"publish","type":"post","link":"https:\/\/www.europesays.com\/pt\/138390\/","title":{"rendered":"Woody diferente e novos personagens? Novas imagens de &#8216;Toy Story 5&#8217; repercutem nas redes sociais"},"content":{"rendered":"<p>Sendo um dos lan\u00e7amentos mais aguardados pelos f\u00e3s de anima\u00e7\u00e3o, no \u00faltimo final de semana, \u201cToy Story 5\u201d teve duas imagens promocionais vazadas nas redes sociais. A nova produ\u00e7\u00e3o da cl\u00e1ssica franquia da <a href=\"https:\/\/www.pixar.com\/\" target=\"_blank\" rel=\"noopener nofollow\">Pixar<\/a> tem estreia prevista apenas para 2026.<\/p>\n<p>Nas imagens, temos o primeiro vislumbre dos novos visuais de <a href=\"https:\/\/www.instagram.com\/toystory\/\" target=\"_blank\" rel=\"noopener nofollow\">Buzz, Woody e Jessie<\/a>, com o famoso cowboy surgindo com uma capa vermelha. As novas imagens oficiais ainda n\u00e3o foram divulgadas pela Pixar. Veja!<\/p>\n<blockquote class=\"twitter-tweet\">\n<p dir=\"ltr\" lang=\"en\">New look at Buzz, Woody, Jessie and the new characters in \u2018TOY STORY 5\u2019 <a href=\"https:\/\/t.co\/KTBi6ixHA4\" rel=\"nofollow\">https:\/\/t.co\/KTBi6ixHA4<\/a><\/p>\n<p>\u2014 Cosmic Marvel (@cosmic_marvel) <a href=\"https:\/\/twitter.com\/cosmic_marvel\/status\/1985123225542558025?ref_src=twsrc%5Etfw\" rel=\"nofollow noopener\" target=\"_blank\">November 2, 2025<\/a><\/p>\n<\/blockquote>\n<p>  Reboot total da franquia? <\/p>\n<p>Em uma recente entrevista ao programa do apresentador <strong>Jimmy Kimmel<\/strong>, <a href=\"https:\/\/en.wikipedia.org\/wiki\/Tim_Allen\" target=\"_blank\" rel=\"noopener nofollow\"><strong>Tim Allen<\/strong><\/a>, ator respons\u00e1vel por dublar Buzz Lightyear, revelou que, al\u00e9m de ser apenas um novo cap\u00edtulo na saga, o quinto <a href=\"https:\/\/recreio.com.br\/tags\/filmes\" target=\"_blank\" rel=\"noopener nofollow\">filme<\/a> de \u201cToy Story\u201d dever\u00e1 ser um \u201cum reboot total\u201d de toda a franquia, e que Jessie ser\u00e1 uma das personagens principais da hist\u00f3ria.<\/p>\n<blockquote>\n<p>\u201c\u00c9 tudo sobre a Jessie, o que \u00e9 muito legal. Ela est\u00e1 em apuros e precisa de ajuda. Estamos todos espalhados, ent\u00e3o ela precisa reunir todo mundo. A coisa mais engra\u00e7ada para mim \u00e9 que h\u00e1 um acidente de avi\u00e3o parecido com o do filme do [Tom] Hanks [N\u00e1ufrago]\u201d, disse Allen. \u201cEm uma ilha onde um avi\u00e3o da FedEx ou algo parecido, com 100 bonecos do Buzz, cai, e todos eles se perdem. \u00c9 hil\u00e1rio. Eles est\u00e3o tentando encontrar o caminho de volta, e s\u00e3o cem deles. Espero que incluam isso no filme. Eu improvisei essa parte\u201d.<\/p>\n<\/blockquote>\n<p>De acordo com as primeiras informa\u00e7\u00f5es divulgadas pela Disney e Pixar, \u201cToy Story 5\u201d dever\u00e1 abordar a influ\u00eancia da tecnologia na vida das crian\u00e7as, apresentando uma disputa entre os cl\u00e1ssicos brinquedos contra as novas formas de entretenimento favoritas dos pequenos em frente \u00e0s telas.<\/p>\n<p>O grande antagonista da nova trama ser\u00e1 LilyPad, um tablet com intelig\u00eancia artificial que tentar\u00e1 controlar a aten\u00e7\u00e3o de Bonnie, colocando Woody, Buzz, Jessi e companhia em uma nova miss\u00e3o para encontrar equil\u00edbrio entre as diferentes formas de brincar. O filme tem estreia no Brasil marcada para 18 de junho de 2026.<\/p>\n<p>        <a href=\"https:\/\/recreio.com.br\/noticias\/author\/daniela-bazi\" rel=\"nofollow noopener\" target=\"_blank\">&#13;<br \/>\n          <img loading=\"lazy\" alt=\"Daniela Bazi\" src=\"https:\/\/www.europesays.com\/pt\/wp-content\/uploads\/2025\/11\/1762204629_606_701cc86240953f42e068ecf8a0bb18dadb05bc88d7e776f8edb20aaea33b4eea\"  class=\"avatar avatar-115 photo rounded-circle mr-3\" height=\"115\" width=\"115\" decoding=\"async\"\/>        <\/a><\/p>\n<p>Daniela Bazi \u00e9 jornalista graduada pela UNINOVE, e bruxa formada na Escola de Magia e Bruxaria de Hogwarts. Amante de anima\u00e7\u00f5es, filmes e s\u00e9ries, tamb\u00e9m \u00e9 f\u00e3 de divas pop, entusiasta da Disney e k-popper nas horas vagas.<\/p>\n<p>\t                                            <script async src=\"https:\/\/platform.twitter.com\/widgets.js\" charset=\"utf-8\"><\/script><script async src=\"\/\/www.instagram.com\/embed.js\"><\/script><\/p>\n","protected":false},"excerpt":{"rendered":"Sendo um dos lan\u00e7amentos mais aguardados pelos f\u00e3s de anima\u00e7\u00e3o, no \u00faltimo final de semana, \u201cToy Story 5\u201d&hellip;\n","protected":false},"author":2,"featured_media":138391,"comment_status":"","ping_status":"","sticky":false,"template":"","format":"standard","meta":{"footnotes":""},"categories":[140],"tags":[1415,1579,114,115,147,148,146,11381,32,33,15142,15143],"class_list":{"0":"post-138390","1":"post","2":"type-post","3":"status-publish","4":"format-standard","5":"has-post-thumbnail","7":"category-filmes","8":"tag-animacao","9":"tag-disney","10":"tag-entertainment","11":"tag-entretenimento","12":"tag-film","13":"tag-filmes","14":"tag-movies","15":"tag-pixar","16":"tag-portugal","17":"tag-pt","18":"tag-toy-story","19":"tag-toy-story-5"},"share_on_mastodon":{"url":"https:\/\/pubeurope.com\/@pt\/115487850328886029","error":""},"_links":{"self":[{"href":"https:\/\/www.europesays.com\/pt\/wp-json\/wp\/v2\/posts\/138390","targetHints":{"allow":["GET"]}}],"collection":[{"href":"https:\/\/www.europesays.com\/pt\/wp-json\/wp\/v2\/posts"}],"about":[{"href":"https:\/\/www.europesays.com\/pt\/wp-json\/wp\/v2\/types\/post"}],"author":[{"embeddable":true,"href":"https:\/\/www.europesays.com\/pt\/wp-json\/wp\/v2\/users\/2"}],"replies":[{"embeddable":true,"href":"https:\/\/www.europesays.com\/pt\/wp-json\/wp\/v2\/comments?post=138390"}],"version-history":[{"count":0,"href":"https:\/\/www.europesays.com\/pt\/wp-json\/wp\/v2\/posts\/138390\/revisions"}],"wp:featuredmedia":[{"embeddable":true,"href":"https:\/\/www.europesays.com\/pt\/wp-json\/wp\/v2\/media\/138391"}],"wp:attachment":[{"href":"https:\/\/www.europesays.com\/pt\/wp-json\/wp\/v2\/media?parent=138390"}],"wp:term":[{"taxonomy":"category","embeddable":true,"href":"https:\/\/www.europesays.com\/pt\/wp-json\/wp\/v2\/categories?post=138390"},{"taxonomy":"post_tag","embeddable":true,"href":"https:\/\/www.europesays.com\/pt\/wp-json\/wp\/v2\/tags?post=138390"}],"curies":[{"name":"wp","href":"https:\/\/api.w.org\/{rel}","templated":true}]}}