{"id":138438,"date":"2025-11-03T21:52:09","date_gmt":"2025-11-03T21:52:09","guid":{"rendered":"https:\/\/www.europesays.com\/pt\/138438\/"},"modified":"2025-11-03T21:52:09","modified_gmt":"2025-11-03T21:52:09","slug":"premio-biblioteca-nacional-2025-veja-lista-de-vencedores-03-11-2025-ilustrada","status":"publish","type":"post","link":"https:\/\/www.europesays.com\/pt\/138438\/","title":{"rendered":"Pr\u00eamio Biblioteca Nacional 2025: Veja lista de vencedores &#8211; 03\/11\/2025 &#8211; Ilustrada"},"content":{"rendered":"<p>A <a href=\"https:\/\/www1.folha.uol.com.br\/colunas\/monicabergamo\/2024\/12\/biblioteca-nacional-reajustara-tarifas-de-registro-de-direitos-autorais-apos-18-anos.shtml\" rel=\"nofollow noopener\" target=\"\">Funda\u00e7\u00e3o Biblioteca Nacional<\/a> divulgou nesta segunda os vencedores da edi\u00e7\u00e3o de 2025 de seu pr\u00eamio liter\u00e1rio. Na categoria de romance, a ganhadora foi <a href=\"https:\/\/www1.folha.uol.com.br\/ilustrissima\/2024\/12\/beatriz-bracher-monta-narrativa-ousada-sobre-guerra-do-paraguai.shtml\" rel=\"nofollow noopener\" target=\"\">Beatriz Bracher<\/a> com o livro &#8216;&#8221;Guerra \u2014 I: Ofensiva Paraguaia e Rea\u00e7\u00e3o Aliada Novembro de 1864 a Mar\u00e7o de 1866&#8243;.<\/p>\n<p>No romance, Bracher rev\u00ea a <a href=\"https:\/\/www1.folha.uol.com.br\/cotidiano\/2024\/12\/guerra-do-paraguai-160-anos-as-descobertas-que-contradizem-o-que-a-escola-ensinou-sobre-o-conflito-sangrento.shtml\" rel=\"nofollow noopener\" target=\"_blank\">Guerra do Paraguai<\/a> por meio de relatos deixados por pessoas envolvidas no conflito do s\u00e9culo 19, e d\u00e1 in\u00edcio a uma trilogia cujo conte\u00fado se d\u00e1 a partir do maior embate armado ocorrido na <a href=\"https:\/\/www1.folha.uol.com.br\/mundo\/2025\/10\/com-eleicao-na-bolivia-saiba-como-fica-mapa-politico-da-america-do-sul.shtml\" rel=\"nofollow noopener\" target=\"_blank\">Am\u00e9rica do Sul<\/a>.<\/p>\n<p>O livro foi publicado pela editora 34, assim como os vencedores de duas outras categorias. Leonardo Gandolfi ganhou entre os poetas por <a href=\"https:\/\/www1.folha.uol.com.br\/ilustrada\/2025\/07\/leonardo-gandolfi-joga-pique-pega-com-poemas-e-escreve-com-sua-filha.shtml\" rel=\"nofollow noopener\" target=\"\">&#8220;Pote de Mel e Outros Poemas&#8221;<\/a>, enquanto a jornalista Iara Biderman ganhou como contista por seu livro de estreia no g\u00eanero, <a href=\"https:\/\/www1.folha.uol.com.br\/ilustrada\/2024\/06\/livro-e-onde-se-fala-dos-outros-sem-culpa-afirma-jornalista-que-lanca-contos.shtml\" rel=\"nofollow noopener\" target=\"\">&#8220;Tantra e a Arte de Cortar Cebolas&#8221;<\/a>.<\/p>\n<p>A cr\u00edtica liter\u00e1ria <a href=\"https:\/\/www1.folha.uol.com.br\/ilustrissima\/2024\/08\/ficcao-tambem-deveria-fetichizar-corpos-masculinos-diz-ligia-diniz.shtml\" rel=\"nofollow noopener\" target=\"_blank\">Ligia Gon\u00e7alves Diniz<\/a>, venceu a categoria de ensaio liter\u00e1rio, com seu livro &#8220;O Homem N\u00e3o Existe&#8221;, da Zahar, que analisa a masculinidade na cultura com rigor acad\u00eamico e toques de provoca\u00e7\u00e3o.<\/p>\n<p>Diniz promove um exerc\u00edcio de tentar entender e experimentar o que significa ser homem atrav\u00e9s das lentes da <a href=\"https:\/\/www1.folha.uol.com.br\/folha-topicos\/literatura\/\" rel=\"nofollow noopener\" target=\"_blank\">literatura<\/a>, abordando temas como a obsess\u00e3o pelo p\u00eanis na cultura e na psican\u00e1lise.<\/p>\n<p>    Tudo a Ler<\/p>\n<p class=\"c-newsletter__subtitle\">Receba no seu email uma sele\u00e7\u00e3o com lan\u00e7amentos, cl\u00e1ssicos e curiosidades liter\u00e1rias<\/p>\n<p>O vitorioso na categoria de hist\u00f3ria de tradi\u00e7\u00e3o oral foi Yamalu\u00ed Kuikuro Mehinaku, com o livro <a href=\"https:\/\/www1.folha.uol.com.br\/ilustrissima\/2025\/03\/livros-deixam-de-lado-pais-que-morreu-e-revelam-xingu-emancipado.shtml\" rel=\"nofollow noopener\" target=\"\">&#8220;Dono das Palavras&#8221;, da Todavia<\/a>, em que re\u00fane a hist\u00f3ria de seu av\u00f4, lideran\u00e7a ind\u00edgena. J\u00e1 o melhor ensaio social foi &#8220;Assombros da Casa-Grande&#8221;, estudo do doutor em direito Marcos Queiroz que analisa a Constitui\u00e7\u00e3o de 1824 pela lente da escravid\u00e3o. Foi publicado pela F\u00f3sforo.<\/p>\n<p>Atualmente, a Funda\u00e7\u00e3o Biblioteca Nacional est\u00e1 na fase final do processo de avalia\u00e7\u00e3o, j\u00e1 que os candidatos e editoras ainda podem pedir reconsidera\u00e7\u00e3o dos resultados. Os vencedores de cada uma das 12 categorias receber\u00e3o um pr\u00eamio em dinheiro no valor de R$ 30 mil.<\/p>\n<p>Veja a seguir a lista completa dos vencedores das 12 categorias do Pr\u00eamio Biblioteca Nacional, assim como os candidatos que acabaram em segundo e terceiro lugar.<\/p>\n<p><strong>CATEGORIA CONTO &#8211; PR\u00caMIO CLARICE LISPECTOR<\/strong><\/p>\n<p><strong>1\u00ba &#8220;Tantra e a Arte de Cortar Cebolas&#8221;, de Iara Biderman. Editora 34.<\/strong><\/p>\n<p>2\u00ba &#8220;Infelizes \u00e0 sua Maneira&#8221;, de Lucas Verzola. Editora Incompleta.<\/p>\n<p>3\u00ba &#8220;Ao R\u00e9s do Ch\u00e3o&#8221;, de Thalita Lucena. Editora Patu\u00e1.<\/p>\n<p><strong>CATEGORIA ENSAIO LITER\u00c1RIO \u2014 PR\u00caMIO M\u00c1RIO DE ANDRADE<\/strong><\/p>\n<p><strong>1\u00ba &#8220;O Homem N\u00e3o Existe&#8221;, de Ligia Gon\u00e7alves Diniz. Grupo Companhia das Letras.<\/strong><\/p>\n<p>2\u00ba &#8220;O Grande Rel\u00f3gio: a que Hora o Mundo Recome\u00e7a &#8211; Caderno em Andamento 1&#8221;, de Silviano Santiago. Editora N\u00f3s.<\/p>\n<p>3\u00ba &#8220;Modernismo Negro: a Literatura de Lima Barreto&#8221;, de Jorge Augusto. Segundo Selo.<\/p>\n<p><strong>CATEGORIA ENSAIO SOCIAL \u2014 PR\u00caMIO S\u00c9RGIO BUARQUE DE HOLANDA<\/strong><\/p>\n<p><strong>1\u00ba &#8220;Assombros da Casa-Grande: a Constitui\u00e7\u00e3o de 1824 e as Vidas P\u00f3stumas da Escravid\u00e3o&#8221;, de Marcos Queiroz. F\u00f3sforo Editora.<\/strong><\/p>\n<p>2\u00ba &#8220;Cachorros: a Hist\u00f3ria do Maior Espi\u00e3o dos Servi\u00e7os Secretos Militares e a Repress\u00e3o aos Comunistas at\u00e9 a Nova Rep\u00fablica&#8221;, de Marcelo Godoy. Alameda Casa Editorial.<\/p>\n<p>3\u00ba &#8220;Pretos Novos do Valongo: Escravid\u00e3o e Heran\u00e7a Africana no Rio de Janeiro&#8221;, de M\u00f4nica Sanches (org.). Textos de Ana Maria de la Merced Gonzalez Gra\u00f1a Guimar\u00e3es Dos Anjos, Andrea de Lessa Pinto, Carlos Eug\u00eanio L\u00edbano Soares, Cl\u00e1udio de Paula Honorato, Cl\u00e1udio Zeferino, Eduardo Possidonio, Jo\u00e3o Carlos Nara J\u00fanior, Jos\u00e9 Amilcar de Castro Santana, J\u00falio Cesar Medeiros, Laurentino Gomes, Marcelo Monteiro, Marcos Coutinho, Milton Guran, Monica Lima, Reinaldo Tavares, Yna\u00ea Lopes dos Santos. Bazar do Tempo.<\/p>\n<p><strong>CATEGORIA HIST\u00d3RIAS DE TRADI\u00c7\u00c3O ORAL \u2014<\/strong><strong> PR\u00caMIO <\/strong><strong>AKULI<\/strong><\/p>\n<p><strong>1\u00ba &#8220;Dono das Palavras: a Hist\u00f3ria do meu Av\u00f4 \u2014 Aki Oto: Api Akinhag\u00fc&#8221;, de Yamalu\u00ed Kuikuro Mehinaku. Todavia Editora.<\/strong><\/p>\n<p>2\u00ba &#8220;Hist\u00f3rias de Muitos Mundos: Narrativas e Cren\u00e7as Ind\u00edgenas&#8221;, de Yaguar\u00ea Yam\u00e3. Editora Moderna.<\/p>\n<p>3\u00ba &#8220;A Porta Aberta do Sert\u00e3o: Hist\u00f3rias da V\u00f3 Geralda&#8221;, de Geralda de Brito Oliveira, Isla Nakano e Renata Ribeiro. Relic\u00e1rio Edi\u00e7\u00f5es.<\/p>\n<p><strong>CATEGORIA HIST\u00d3RIAS EM QUADRINHOS \u2014<\/strong><strong> PR\u00caMIO ADOLFO AIZEN<\/strong><\/p>\n<p><strong>1\u00ba &#8220;Quando Nasce a Autoestima?&#8221;, de Regiane Braz e Jefferson Costa. Editora Trem Fantasma.<\/strong><\/p>\n<p>2\u00ba &#8220;Luanda no Terreiro&#8221;, de Marcelo D&#8217;Salete. Companhia das Letrinhas<\/p>\n<p>3\u00ba &#8220;Filosofia do Mamilo&#8221;, de Kael Vitorelo. Editora Veneta.<\/p>\n<p><strong>CATEGORIA ILUSTRA\u00c7\u00c3O- PR\u00caMIO CARYB\u00c9<\/strong><\/p>\n<p><strong>1\u00ba &#8220;Pedro e Paulo&#8221;, de F\u00e1bio Severino. Editora Joaquina.<\/strong><\/p>\n<p>2\u00ba &#8220;Prisma&#8221;, de Felipe Kehdi. Editora Joaquina.<\/p>\n<p>3\u00ba &#8220;Submersos&#8221;, de Estev\u00e3o Azevedo (autor) e Vitor Bellicanta (ilustrador). Editora Caixote.<\/p>\n<p><strong>CATEGORIA LITERATURA INFANTIL- PR\u00caMIO SYLVIA ORTHOF<\/strong><\/p>\n<p><strong>1\u00ba &#8220;Encaramujado&#8221;, de Vana Campos (autora) e Raquel Matsushita (ilustradora). PeraBook Editora.<\/strong><\/p>\n<p>2\u00ba &#8220;Saudade&#8221;, de Alessandra Roscoe (autora) e Odilon Moraes (ilustrador). Editora Gaivota.<\/p>\n<p>3\u00ba &#8220;Azul Haiti&#8221;, de Paty Wolff. Companhia das Letrinhas.<\/p>\n<p><strong>CATEGORIA LITERATURA JUVENIL &#8211; PR\u00caMIO GL\u00d3RIA POND\u00c9<\/strong><\/p>\n<p><strong>1\u00ba &#8220;Giraflor e Outros Jequitinhonhas&#8221;, de Heloisa Pires Lima (autora) e Gild\u00e1sio Jardim (ilustrador). Editora FTD.<\/strong><\/p>\n<p>2\u00ba &#8220;Nossos Mitos&#8221;, de Yaguar\u00ea Yam\u00e3 (autor) e Danirampe (ilustradora). Pallas Editora e Distribuidora Ltda.<\/p>\n<p>3\u00ba &#8220;Poesia Travessia&#8221;, de Roseana Murray (autora) e Daniel Justi (ilustrador). Editora do Brasil.<\/p>\n<p><strong>CATEGORIA POESIA &#8211; PR\u00caMIO ALPHONSUS DE GUIMARAENS<\/strong><\/p>\n<p><strong>1\u00ba &#8220;Pote de Mel e Outros Poemas&#8221;, de Leonardo Gandolfi. Editora 34.<\/strong><\/p>\n<p>2\u00ba &#8220;Palavra Nenhuma&#8221;, de Lilian Sais. C\u00edrculo de Poemas.<\/p>\n<p>3\u00ba &#8220;O Pito do Pango &amp; Outros Poemas &#8220;, de Fabiano Calixto. Editora Cors\u00e1rio-Sat\u00e3.<\/p>\n<p><strong>CATEGORIA PROJETO GR\u00c1FICO &#8211; PR\u00caMIO ALO\u00cdSIO MAGALH\u00c3ES<\/strong><\/p>\n<p><strong>1\u00ba &#8220;Romances de Cordel&#8221;, de Gustavo Piqueira. Editora Jose Olympio.<\/strong><\/p>\n<p>2\u00ba &#8220;O Livro de Fazer Livros: Produ\u00e7\u00e3o Gr\u00e1fica para Edi\u00e7\u00f5es&#8221;, de Gustavo Piqueira. Lote 42.<\/p>\n<p>3\u00ba &#8220;Lobo Mau com Dor de Dente&#8221;, de Daniel Kondo. Editora Carambaia.<\/p>\n<p><strong>CATEGORIA ROMANCE &#8211; PR\u00caMIO MACHADO DE ASSIS<\/strong><\/p>\n<p><strong>1\u00ba &#8220;Guerra I: Ofensiva Paraguaia e Rea\u00e7\u00e3o Aliada Novembro de 1864 a Mar\u00e7o de 1866&#8221;, de Beatriz Bracher. Editora 34.<\/strong><\/p>\n<p>2\u00ba &#8220;Vez em Quando, Billie Holiday&#8221;, de Evandro Affonso Ferreira. Editora Record.<\/p>\n<p>3\u00ba &#8220;Escalavra&#8221;, de Marcelino Freire. Amarcord Editora.<\/p>\n<p><strong>CATEGORIA TRADU\u00c7\u00c3O &#8211; PR\u00caMIO PAULO R\u00d3NAI<\/strong><\/p>\n<p><strong>1\u00ba &#8221; Mulheres Sobre as Quais Desejo Escrever&#8221;. Tradu\u00e7\u00e3o de Karen Kazue Kawana e Bruna Tiemi Ogawa (org.); Luciana Miho Kawasaki, Luis Libaneo, Pedro Malta, Takeshi Ishihara e Tauanny Falc\u00e3o. Desalinho Publica\u00e7\u00f5es.<\/strong><\/p>\n<p>2\u00ba &#8220;O Livro Africano sem T\u00edtulo: Cosmologia dos Bantu-Kongo&#8221;. Tradu\u00e7\u00e3o de Tigan\u00e1 Santana. Editora Cobog\u00f3.<\/p>\n<p>3\u00ba &#8220;As Mulheres Famosas&#8221;. Tradu\u00e7\u00e3o de Adriana Tulio Baggio. Editora UFPR<\/p>\n","protected":false},"excerpt":{"rendered":"A Funda\u00e7\u00e3o Biblioteca Nacional divulgou nesta segunda os vencedores da edi\u00e7\u00e3o de 2025 de seu pr\u00eamio liter\u00e1rio. Na&hellip;\n","protected":false},"author":2,"featured_media":138439,"comment_status":"","ping_status":"","sticky":false,"template":"","format":"standard","meta":{"footnotes":""},"categories":[84],"tags":[20208,726,109,107,108,1907,236,864,3065,237,170,32,23176,33,105,103,104,106,110],"class_list":{"0":"post-138438","1":"post","2":"type-post","3":"status-publish","4":"format-standard","5":"has-post-thumbnail","7":"category-ciencia-e-tecnologia","8":"tag-biblioteca-nacional","9":"tag-brasil","10":"tag-ciencia","11":"tag-ciencia-e-tecnologia","12":"tag-cienciaetecnologia","13":"tag-escritores","14":"tag-folha","15":"tag-literatura","16":"tag-literatura-brasileira","17":"tag-livro","18":"tag-livros","19":"tag-portugal","20":"tag-premio-literario","21":"tag-pt","22":"tag-science","23":"tag-science-and-technology","24":"tag-scienceandtechnology","25":"tag-technology","26":"tag-tecnologia"},"share_on_mastodon":{"url":"https:\/\/pubeurope.com\/@pt\/115487987739820329","error":""},"_links":{"self":[{"href":"https:\/\/www.europesays.com\/pt\/wp-json\/wp\/v2\/posts\/138438","targetHints":{"allow":["GET"]}}],"collection":[{"href":"https:\/\/www.europesays.com\/pt\/wp-json\/wp\/v2\/posts"}],"about":[{"href":"https:\/\/www.europesays.com\/pt\/wp-json\/wp\/v2\/types\/post"}],"author":[{"embeddable":true,"href":"https:\/\/www.europesays.com\/pt\/wp-json\/wp\/v2\/users\/2"}],"replies":[{"embeddable":true,"href":"https:\/\/www.europesays.com\/pt\/wp-json\/wp\/v2\/comments?post=138438"}],"version-history":[{"count":0,"href":"https:\/\/www.europesays.com\/pt\/wp-json\/wp\/v2\/posts\/138438\/revisions"}],"wp:featuredmedia":[{"embeddable":true,"href":"https:\/\/www.europesays.com\/pt\/wp-json\/wp\/v2\/media\/138439"}],"wp:attachment":[{"href":"https:\/\/www.europesays.com\/pt\/wp-json\/wp\/v2\/media?parent=138438"}],"wp:term":[{"taxonomy":"category","embeddable":true,"href":"https:\/\/www.europesays.com\/pt\/wp-json\/wp\/v2\/categories?post=138438"},{"taxonomy":"post_tag","embeddable":true,"href":"https:\/\/www.europesays.com\/pt\/wp-json\/wp\/v2\/tags?post=138438"}],"curies":[{"name":"wp","href":"https:\/\/api.w.org\/{rel}","templated":true}]}}