{"id":138471,"date":"2025-11-03T22:16:10","date_gmt":"2025-11-03T22:16:10","guid":{"rendered":"https:\/\/www.europesays.com\/pt\/138471\/"},"modified":"2025-11-03T22:16:10","modified_gmt":"2025-11-03T22:16:10","slug":"a-opiniao-de-andreas-kisser-sobre-eloy-casagrande-no-slipknot","status":"publish","type":"post","link":"https:\/\/www.europesays.com\/pt\/138471\/","title":{"rendered":"A opini\u00e3o de Andreas Kisser sobre Eloy Casagrande no Slipknot"},"content":{"rendered":"\n<p>A sa\u00edda de <strong><a href=\"https:\/\/igormiranda.com.br\/tag\/eloy-casagrande\/\" target=\"_blank\" rel=\"noreferrer noopener nofollow\">Eloy Casagrande<\/a><\/strong> do <strong><a href=\"https:\/\/igormiranda.com.br\/tag\/sepultura\/\" target=\"_blank\" rel=\"noreferrer noopener nofollow\">Sepultura<\/a><\/strong> foi um baque do qual <strong><a href=\"https:\/\/igormiranda.com.br\/tag\/andreas-kisser\/\" target=\"_blank\" rel=\"noreferrer noopener nofollow\">Andreas Kisser<\/a><\/strong> parece estar se recuperando s\u00f3 agora. O guitarrista voltou a tocar no assunto durante participa\u00e7\u00e3o no podcast <a href=\"https:\/\/www.youtube.com\/watch?v=qaEXoao3DEg\" target=\"_blank\" rel=\"noreferrer noopener nofollow\">Amplifica<\/a>, de <strong>Rafael Bittencourt<\/strong> (<strong>Angra<\/strong>), mas trouxe uma curiosa perspectiva: sua opini\u00e3o a respeito da presen\u00e7a do ex-colega no <strong>Slipknot<\/strong>, sua banda atual.<\/p>\n<p>Na ocasi\u00e3o da entrevista, o m\u00fasico estava acompanhado de seu filho, <strong>Yohan Kisser<\/strong>, e da banda <strong>Os Pitais<\/strong>. Eles divulgavam a quarta edi\u00e7\u00e3o do <strong><a href=\"https:\/\/rollingstone.com.br\/musica\/patfest-4-2025-show-anuncio\/\" target=\"_blank\" rel=\"noreferrer noopener nofollow\">Patfest<\/a><\/strong> \u2014 festival beneficente em mem\u00f3ria da Patr\u00edcia Kisser, sua esposa falecida em 2022, que acontece na Audio, em S\u00e3o Paulo, dia 26 de novembro.<\/p>\n<p>&#8211; Advertisement &#8211;<\/p>\n<p>Para Kisser, a presen\u00e7a de Casagrande no Slipknot \u00e9 positiva, assim como a chegada de <strong>Greyson Nekrutman<\/strong> para substitui-lo no grupo brasileiro. Conforme transcri\u00e7\u00e3o do site <a href=\"https:\/\/IgorMiranda.com.br\" rel=\"nofollow noopener\" target=\"_blank\">IgorMiranda.com.br<\/a>, Andreas disse:<\/p>\n<p>\u201cAs coisas acontecem porque tem que acontecer. Acho que o Eloy est\u00e1 em um lugar melhor para ele. Para a gente, foi melhor tamb\u00e9m porque o Eloy n\u00e3o queria mais estar ali, naquela situa\u00e7\u00e3o e etc. Acho que ele encaixou muito bem com o Slipknot e vice-versa. E o Greyson veio para dar uma nova vida \u2014 mais uma.\u201d<\/p>\n<p> <img fetchpriority=\"high\" decoding=\"async\" width=\"1024\" height=\"536\" src=\"data:image\/png;base64,iVBORw0KGgoAAAANSUhEUgAABAAAAAIYCAYAAADzSJ5PAAAACXBIWXMAAA7EAAAOxAGVKw4bAAAIZ0lEQVR42u3BMQEAAADCoPVPbQ0PoAAAAAAAAAAAAAAAAAAAAAAAAAAAAAAAAAAAAAAAAAAAAAAAAAAAAAAAAAAAAAAAAAAAAAAAAAAAAAAAAAAAAAAAAAAAAAAAAAAAAAAAAAAAAAAAAAAAAAAAAAAAAAAAAAAAAAAAAAAAAAAAAAAAAAAAAAAAAAAAAAAAAAAAAAAAAAAAAAAAAAAAAAAAAAAAAAAAAAAAAAAAAAAAAAAAAAAAAAAAAAAAAAAAAAAAAAAAAAAAAAAAAAAAAAAAAAAAAAAAAAAAAAAAAAAAAAAAAAAAAAAAAAAAAAAAAAAAAAAAAAAAAAAAAAAAAAAAAAAAAAAAAAAAAAAAAAAAAAAAAAAAAAAAAAAAAAAAAAAAAAAAAAAAAAAAAAAAAAAAAAAAAAAAAAAAAAAAAAAAAAAAAAAAAAAAAAAAAAAAAAAAAAAAAAAAAAAAAAAAAAAAAAAAAAAAAAAAAAAAAAAAAAAAAAAAAAAAAAAAAAAAAAAAAAAAAAAAAAAAAAAAAAAAAAAAAAAAAAAAAAAAAAAAAAAAAAAAAAAAAAAAAAAAAAAAAAAAAAAAAAAAAAAAAAAAAAAAAAAAAAAAAAAAAAAAAAAAAAAAAAAAAAAAAAAAAAAAAAAAAAAAAAAAAAAAAAAAAAAAAAAAAAAAAAAAAAAAAAAAAAAAAAAAAAAAAAAAAAAAAAAAAAAAAAAAAAAAAAAAAAAAAAAAAAAAAAAAAAAAAAAAAAAAAAAAAAAAAAAAAAAAAAAAAAAAAAAAAAAAAAAAAAAAAAAAAAAAAAAAAAAAAAAAAAAAAAAAAAAAAAAAAAAAAAAAAAAAAAAAAAAAAAAAAAAAAAAAAAAAAAAAAAAAAAAAAAAAAAAAAAAAAAAAAAAAAAAAAAAAAAAAAAAAAAAAAAAAAAAAAAAAAAAAAAAAAAAAAAAAAAAAAAAAAAAAAAAAAAAAAAAAAAAAAAAAAAAAAAAAAAAAAAAAAAAAAAAAAAAAAAAAAAAAAAAAAAAAAAAAAAAAAAAAAAAAAAAAAAAAAAAAAAAAAAAAAAAAAAAAAAAAAAAAAAAAAAAAAAAAAAAAAAAAAAAAAAAAAAAAAAAAAAAAAAAAAAAAAAAAAAAAAAAAAAAAAAAAAAAAAAAAAAAAAAAAAAAAAAAAAAAAAAAAAAAAAAAAAAAAAAAAAAAAAAAAAAAAAAAAAAAAAAAAAAAAAAAAAAAAAAAAAAAAAAAAAAAAAAAAAAAAAAAAAAAAAAAAAAAAAAAAAAAAAAAAAAAAAAAAAAAAAAAAAAAAAAAAAAAAAAAAAAAAAAAAAAAAAAAAAAAAAAAAAAAAAAAAAAAAAAAAAAAAAAAAAAAAAAAAAAAAAAAAAAAAAAAAAAAAAAAAAAAAAAAAAAAAAAAAAAAAAAAAAAAAAAAAAAAAAAAAAAAAAAAAAAAAAAAAAAAAAAAAAAAAAAAAAAAAAAAAAAAAAAAAAAAAAAAAAAAAAAAAAAAAAAAAAAAAAAAAAAAAAAAAAAAAAAAAAAAAAAAAAAAAAAAAAAAAAAAAAAAAAAAAAAAAAAAAAAAAAAAAAAAAAAAAAAAAAAAAAAAAAAAAAAAAAAAAAAAAAAAAAAAAAAAAAAAAAAAAAAAAAAAAAAAAAAAAAAAAAAAAAAAAAAAAAAAAAAAAAAAAAAAAAAAAAAAAAAAAAAAAAAAAAAAAAAAAAAAAAAAAAAAAAAAAAAAAAAAAAAAAAAAAAAAAAAAAAAAAAAAAAAAAAAAAAAAAAAAAAAAAAAAAAAAAAAAAAAAAAAAAAAAAAAAAAAAAAAAAAAAAAAAAAAAAAAAAAAAAAAAAAAAAAAAAAAAAAAAAAAAAAAAAAAAAAAAAAAAAAAAAAAAAAAAAAAAAAAAAAAAAAAAAAAAAAAAAAAAAAAAAAAAAAAAAAAAAAAAAAAAAAAAAAAAAAAAAAAAAAAAAAAAAAAAAAAAAAAAAAAAAAAAAAAAAAAAAAAAAAAAAAAAAAAAAAAAAAAAAAAAAAAAAAAAAAAAAAAAAAAAAAAAAAAAAAAAAAAAAAAAAAAAAAAAAAAAAAAAAAAAAAAAAAAAAAAAAAAAAAAAAAAAAAAAAAAAAAAAAAAAAAAAAAAAAAAAAAAAAAAAAAAAAAAAAAAAAAAAAAAAAAAAAAAAAAAAAAAAAAAAAAAAAAAAAAAAAAAAAAAAAAAAAAAAAAAAAAAAAAAAAAAAAAAAAAAAAAAAAAAAAAAAAAAAAAAAAAAAAAAAAAAAAAAAAAAAAAAAAAAAAAAAAAAAAAAAAAAAAAAAAAAAAAAAAAAAAAAAAAAAAAAAAAAAAAAAAAAAAAAAAAAAAAAAAAAAAAAAAAAAAAAAAAAAAAAAAAAAAAAAAAAAAAAAAAAAAAAAAAAAAAAAAAAAAAAAAAAAAAAAAAAAAAAAAAAAAAAAAAAAAAAAAAAAAAAAAAAAAAAAAAAAAAAAAAAAAAAAAAAAAAAAAAAAAAAAAAAAAAAAAAAAAAAAAAAAAAAAAAAAAAAAAAAAAAAAAAAAAAAAAAAAAAAAAAAAAAAAAAAAAAAAAAAAAAAAAAAAAAAAAAAAAAAAAAAAAAAAAAAAAAAAAAAAAAAAAAAAAAAAAAAAAAAAAAAAAAAAAAAAAAAAAAAAAAAAAAAAAAAAAAAAAAAAAAAAAAAAAAAAAAAAAAAAAAAAAAAAAAAAAAAAAAAAAAAAAAAAAAAAAAAAAAAAAAAAAAAAAAAAAAAAAAAAAAAAAAAAAAAAAAAAAAAAAAAAAAAAAAAAAAAAAAAAAAAAAAAAAAAAAAAAAAAAAAAAAAAAAAAAAAAAAAAAAAAAAAAAAAAAAAAAAAAAAAAAAAAAAAAAAAAAAAAAAAIBXA4QHAAFM6OakAAAAAElFTkSuQmCC\" alt=\"\" class=\"wp-image-158979 ai-img lzl\" data-ai-img=\"{&quot;s&quot;:[1024,536],&quot;d&quot;:{&quot;992&quot;:&quot;\\\/wp-content\\\/cache\\\/seraphinite-accelerator\\\/s\\\/m\\\/d\\\/img\\\/aff2d233b602a1700acef47dd1d14a02.124bc.jpeg&quot;,&quot;768&quot;:&quot;\\\/wp-content\\\/cache\\\/seraphinite-accelerator\\\/s\\\/m\\\/d\\\/img\\\/487b5b46d6f484e57369df535300b958.cf9a.jpeg&quot;,&quot;480&quot;:&quot;\\\/wp-content\\\/cache\\\/seraphinite-accelerator\\\/s\\\/m\\\/d\\\/img\\\/55e7d367d0e15a140a6140bbeb2ec7be.6822.jpeg&quot;,&quot;360&quot;:&quot;\\\/wp-content\\\/cache\\\/seraphinite-accelerator\\\/s\\\/m\\\/d\\\/img\\\/36aa3b1cf4b7c4da65d3c0ad135be7ce.4383.jpeg&quot;,&quot;120&quot;:&quot;\\\/wp-content\\\/cache\\\/seraphinite-accelerator\\\/s\\\/m\\\/d\\\/img\\\/7dfe51b33ed5b24d42ec0afb31b5e5af.cae.jpeg&quot;},&quot;O&quot;:&quot;https:\\\/\\\/igormiranda.com.br\\\/wp-content\\\/uploads\\\/2024\\\/06\\\/eloy-casagrande-sepultura-slipknot-2022-jm-02-1024x536.jpg&quot;}\" data-ai-dpr=\"y\" data-lzl-src=\"https:\/\/www.europesays.com\/pt\/wp-content\/uploads\/2025\/11\/eloy-casagrande-sepultura-slipknot-2022-jm-02-1024x536.jpg\"\/>Eloy Casagrande com o Sepultura no Knotfest 2022 (Foto: <a href=\"https:\/\/www.instagram.com\/jeffmaarques_\/\" target=\"_blank\" rel=\"noopener nofollow\">Jeff Marques @jeffmaarques_<\/a>) <\/p>\n<p>Andreas ressaltou tamb\u00e9m que as mudan\u00e7as de forma\u00e7\u00e3o \u2014 que existem desde sempre \u2014 proporcionam encontros \u00fanicos, inclusive de estilos musicais. Ele cita os grandes nomes do passado e tamb\u00e9m artistas de outros g\u00eaneros musicais:<\/p>\n<p>\u201cNossos \u00eddolos\u2026 quantas bandas n\u00e3o sa\u00edram de <strong>Black Sabbath<\/strong> e de <strong>Deep Purple<\/strong>? Das mudan\u00e7as\u2026 n\u00e3o \u00e9 porque algo aconteceu em 1969 naquele grupo de amigos ou m\u00fasicos que aquilo tem que ficar para sempre. N\u00e3o existe cronologia nisso. Os momentos s\u00e3o muito \u00fanicos. As jun\u00e7\u00f5es que as pessoas n\u00e3o veem de fora \u2014 conhecer um cara do sertanejo, jazz, blues, m\u00fasica cl\u00e1ssica \u2014 acontecem direto. Muitos que tocam, falam: \u2018curto heavy metal, curto Sepultura, curto Angra\u2019. Voc\u00ea nem imagina.\u201d<\/p>\n<p> Eloy Casagrande sobre sa\u00edda do Sepultura <\/p>\n<p>Durante entrevista ao <a href=\"https:\/\/www.uol.com.br\/splash\/noticias\/2024\/05\/18\/o-brasileiro-que-faz-shows-dez-vezes-maiores-que-os-de-anitta-pelo-mundo.htm\" target=\"_blank\" rel=\"noreferrer noopener nofollow\">Uol<\/a>, Eloy Casagrande explicou que s\u00f3 aceitou fazer a audi\u00e7\u00e3o para o Slipknot por causa do fim do Sepultura \u2014 que atualmente est\u00e1 em turn\u00ea de despedida. O baterista assinou um documento de confidencialidade a respeito do teste que o impossibilitava de compartilhar a not\u00edcia, por isso demorou a avisar os agora ex-colegas.<\/p>\n<p>\u00c0 <a href=\"https:\/\/vejasp.abril.com.br\/coluna\/tudo-de-som\/eloy-casagrande-slipknot-entrevista\/\" target=\"_blank\" rel=\"noreferrer noopener nofollow\">Veja SP<\/a>, ainda destacou que \u201crolou um papo com o Slipknot, se daria para conciliar as duas bandas, mas eles falaram que n\u00e3o, n\u00e3o teria como\u201d. Sendo assim, n\u00e3o teve outra alternativa.<\/p>\n<p> <img loading=\"lazy\" decoding=\"async\" width=\"1024\" height=\"536\" src=\"data:image\/png;base64,iVBORw0KGgoAAAANSUhEUgAABAAAAAIYCAYAAADzSJ5PAAAACXBIWXMAAA7EAAAOxAGVKw4bAAAIZ0lEQVR42u3BMQEAAADCoPVPbQ0PoAAAAAAAAAAAAAAAAAAAAAAAAAAAAAAAAAAAAAAAAAAAAAAAAAAAAAAAAAAAAAAAAAAAAAAAAAAAAAAAAAAAAAAAAAAAAAAAAAAAAAAAAAAAAAAAAAAAAAAAAAAAAAAAAAAAAAAAAAAAAAAAAAAAAAAAAAAAAAAAAAAAAAAAAAAAAAAAAAAAAAAAAAAAAAAAAAAAAAAAAAAAAAAAAAAAAAAAAAAAAAAAAAAAAAAAAAAAAAAAAAAAAAAAAAAAAAAAAAAAAAAAAAAAAAAAAAAAAAAAAAAAAAAAAAAAAAAAAAAAAAAAAAAAAAAAAAAAAAAAAAAAAAAAAAAAAAAAAAAAAAAAAAAAAAAAAAAAAAAAAAAAAAAAAAAAAAAAAAAAAAAAAAAAAAAAAAAAAAAAAAAAAAAAAAAAAAAAAAAAAAAAAAAAAAAAAAAAAAAAAAAAAAAAAAAAAAAAAAAAAAAAAAAAAAAAAAAAAAAAAAAAAAAAAAAAAAAAAAAAAAAAAAAAAAAAAAAAAAAAAAAAAAAAAAAAAAAAAAAAAAAAAAAAAAAAAAAAAAAAAAAAAAAAAAAAAAAAAAAAAAAAAAAAAAAAAAAAAAAAAAAAAAAAAAAAAAAAAAAAAAAAAAAAAAAAAAAAAAAAAAAAAAAAAAAAAAAAAAAAAAAAAAAAAAAAAAAAAAAAAAAAAAAAAAAAAAAAAAAAAAAAAAAAAAAAAAAAAAAAAAAAAAAAAAAAAAAAAAAAAAAAAAAAAAAAAAAAAAAAAAAAAAAAAAAAAAAAAAAAAAAAAAAAAAAAAAAAAAAAAAAAAAAAAAAAAAAAAAAAAAAAAAAAAAAAAAAAAAAAAAAAAAAAAAAAAAAAAAAAAAAAAAAAAAAAAAAAAAAAAAAAAAAAAAAAAAAAAAAAAAAAAAAAAAAAAAAAAAAAAAAAAAAAAAAAAAAAAAAAAAAAAAAAAAAAAAAAAAAAAAAAAAAAAAAAAAAAAAAAAAAAAAAAAAAAAAAAAAAAAAAAAAAAAAAAAAAAAAAAAAAAAAAAAAAAAAAAAAAAAAAAAAAAAAAAAAAAAAAAAAAAAAAAAAAAAAAAAAAAAAAAAAAAAAAAAAAAAAAAAAAAAAAAAAAAAAAAAAAAAAAAAAAAAAAAAAAAAAAAAAAAAAAAAAAAAAAAAAAAAAAAAAAAAAAAAAAAAAAAAAAAAAAAAAAAAAAAAAAAAAAAAAAAAAAAAAAAAAAAAAAAAAAAAAAAAAAAAAAAAAAAAAAAAAAAAAAAAAAAAAAAAAAAAAAAAAAAAAAAAAAAAAAAAAAAAAAAAAAAAAAAAAAAAAAAAAAAAAAAAAAAAAAAAAAAAAAAAAAAAAAAAAAAAAAAAAAAAAAAAAAAAAAAAAAAAAAAAAAAAAAAAAAAAAAAAAAAAAAAAAAAAAAAAAAAAAAAAAAAAAAAAAAAAAAAAAAAAAAAAAAAAAAAAAAAAAAAAAAAAAAAAAAAAAAAAAAAAAAAAAAAAAAAAAAAAAAAAAAAAAAAAAAAAAAAAAAAAAAAAAAAAAAAAAAAAAAAAAAAAAAAAAAAAAAAAAAAAAAAAAAAAAAAAAAAAAAAAAAAAAAAAAAAAAAAAAAAAAAAAAAAAAAAAAAAAAAAAAAAAAAAAAAAAAAAAAAAAAAAAAAAAAAAAAAAAAAAAAAAAAAAAAAAAAAAAAAAAAAAAAAAAAAAAAAAAAAAAAAAAAAAAAAAAAAAAAAAAAAAAAAAAAAAAAAAAAAAAAAAAAAAAAAAAAAAAAAAAAAAAAAAAAAAAAAAAAAAAAAAAAAAAAAAAAAAAAAAAAAAAAAAAAAAAAAAAAAAAAAAAAAAAAAAAAAAAAAAAAAAAAAAAAAAAAAAAAAAAAAAAAAAAAAAAAAAAAAAAAAAAAAAAAAAAAAAAAAAAAAAAAAAAAAAAAAAAAAAAAAAAAAAAAAAAAAAAAAAAAAAAAAAAAAAAAAAAAAAAAAAAAAAAAAAAAAAAAAAAAAAAAAAAAAAAAAAAAAAAAAAAAAAAAAAAAAAAAAAAAAAAAAAAAAAAAAAAAAAAAAAAAAAAAAAAAAAAAAAAAAAAAAAAAAAAAAAAAAAAAAAAAAAAAAAAAAAAAAAAAAAAAAAAAAAAAAAAAAAAAAAAAAAAAAAAAAAAAAAAAAAAAAAAAAAAAAAAAAAAAAAAAAAAAAAAAAAAAAAAAAAAAAAAAAAAAAAAAAAAAAAAAAAAAAAAAAAAAAAAAAAAAAAAAAAAAAAAAAAAAAAAAAAAAAAAAAAAAAAAAAAAAAAAAAAAAAAAAAAAAAAAAAAAAAAAAAAAAAAAAAAAAAAAAAAAAAAAAAAAAAAAAAAAAAAAAAAAAAAAAAAAAAAAAAAAAAAAAAAAAAAAAAAAAAAAAAAAAAAAAAAAAAAAAAAAAAAAAAAAAAAAAAAAAAAAAAAAAAAAAAAAAAAAAAAAAAAAAAAAAAAAAAAAAAAAAAAAAAAAAAAAAAAAAAAAAAAAAAAAAAAAAAAAAAAAAAAAAAAAAAAAAAAAAAAAAAAAAAAAAAAAAAAAAAAAAAAAAAAAAAAAAAAAAAAAAAAAAAAAAAAAAAAAAAAAAAAAAAAAAAAAAAAAAAAAAAAAAAAAAAAAAAAAAAAAAAAAAAAAAAAAAAAAAAAAAAAAAAAAAAAAAAAAAAAAAAAAAAAAAAAAAAAAAAAAAAAAAAAAAAAAAAAAAAAAAAAAAAAAAAAAAAAAAAAAAAAAAAAAAAAAAAAAAAAAAAAAAAAAAAAAAAAAAAAAAAAAAAAAAAAAAAAAAAAAAAAAAAAAAAAAAAAAAAAAAAAAAAAAAAAAAAAAAAAAAAAAAAAAAAAAAAAAAAAAAAAAAAAAIBXA4QHAAFM6OakAAAAAElFTkSuQmCC\" alt=\"\" class=\"wp-image-160697 ai-img lzl\" data-ai-img=\"{&quot;s&quot;:[1024,536],&quot;d&quot;:{&quot;992&quot;:&quot;\\\/wp-content\\\/cache\\\/seraphinite-accelerator\\\/s\\\/m\\\/d\\\/img\\\/4eee2e3742be2ef22fc2c1244f684ac3.10fc2.jpeg&quot;,&quot;768&quot;:&quot;\\\/wp-content\\\/cache\\\/seraphinite-accelerator\\\/s\\\/m\\\/d\\\/img\\\/d2cb2f1d20d1ffacbc88949f7ffd2302.b8f1.jpeg&quot;,&quot;480&quot;:&quot;\\\/wp-content\\\/cache\\\/seraphinite-accelerator\\\/s\\\/m\\\/d\\\/img\\\/428e55f0d2aaf1f4f9d1f848edd4f1af.56f0.jpeg&quot;,&quot;360&quot;:&quot;\\\/wp-content\\\/cache\\\/seraphinite-accelerator\\\/s\\\/m\\\/d\\\/img\\\/a732946e5568c3d9a9534b56d68a071e.3716.jpeg&quot;,&quot;120&quot;:&quot;\\\/wp-content\\\/cache\\\/seraphinite-accelerator\\\/s\\\/m\\\/d\\\/img\\\/549607ad488ad5897f363f428957733e.b26.jpeg&quot;},&quot;O&quot;:&quot;https:\\\/\\\/igormiranda.com.br\\\/wp-content\\\/uploads\\\/2024\\\/06\\\/slipknot-2024-banda-jw-ig-1024x536.jpg&quot;}\" data-ai-dpr=\"y\" data-lzl-src=\"https:\/\/www.europesays.com\/pt\/wp-content\/uploads\/2025\/11\/slipknot-2024-banda-jw-ig-1024x536.jpg\"\/>Foto: Jonathan Weiner via Instagram @slipknot <\/p>\n<p id=\"block-71c52877-534c-4357-98ac-aaa242bc1ff3\">Ainda ao Uol, Casagrande ainda declarou nunca ter feito parte da banda brasileira como integrante, limitando sua defini\u00e7\u00e3o a \u201cm\u00fasico aut\u00f4nomo, contratado\u201d. Ele afirmou:<\/p>\n<p id=\"block-e2ac8db0-3f5c-49ae-9334-504db0cbb66a\">\u201cO primeiro fator para eu querer tocar no Slipknot foi o fim do Sepultura. Eu tenho 33 anos. Respeitei a decis\u00e3o do Andreas [Kisser, guitarrista e l\u00edder do grupo], mas eu precisava seguir com minha vida. O convite do Slipknot n\u00e3o tinha como esperar um ano. Era sim ou n\u00e3o [\u2026]. N\u00e3o sei se o Sepultura entendeu meus motivos. N\u00e3o conversei mais com eles. A gente tinha uma rela\u00e7\u00e3o boa, mas eu nunca fiz parte de Sepultura. Sempre fui um m\u00fasico aut\u00f4nomo, contratado.\u201d<\/p>\n<p> Sobre o Patfest <\/p>\n<p>O evento beneficente Patfest chega \u00e0 sua quarta edi\u00e7\u00e3o no pr\u00f3ximo dia 26 de novembro, na Audio, em S\u00e3o Paulo. A ocasi\u00e3o re\u00fane artistas de diferentes estilos e gera\u00e7\u00f5es em uma noite marcada por homenagens.<\/p>\n<p>Idealizado por <strong>Andreas Kisser<\/strong> (<strong>Sepultura<\/strong>) com os filhos <strong>Giulia<\/strong>, <strong>Yohan<\/strong> e <strong>Enzo Kisser<\/strong>, o evento foi criado em tributo \u00e0 mem\u00f3ria de Patr\u00edcia Kisser, que faleceu em 2022, em decorr\u00eancia de um c\u00e2ncer de c\u00f3lon.<\/p>\n<p>Este ano, o lineup do Patfest receber\u00e1 nomes como <strong>Sandy, Di Ferrero, Junior Lima, Dinho Ouro Preto, Badau\u00ed, Samuel Rosa, PJ, Chico C\u00e9sar, Rafael Bittencourt, Serginho Groisman, Chit\u00e3ozinho &amp; Xoror\u00f3<\/strong> e <strong>Jo\u00e3o Gordo<\/strong>.<\/p>\n<p>O Patfest 4 \u00e9 um evento solid\u00e1rio e toda a renda arrecadada ser\u00e1 destinada \u00e0s entidades <strong>Heli\u00f3polis Compassiva<\/strong> e <strong>Favela Compassiva Rocinha e Vidigal<\/strong>, organiza\u00e7\u00f5es que atuam com projetos sociais e humanit\u00e1rios em comunidades vulner\u00e1veis do Brasil.<\/p>\n<p>Os ingressos custam a partir de R$ 50 e est\u00e3o \u00e0 venda pelo site <a href=\"https:\/\/www.ticket360.com.br\/evento\/31840\/ingressos-para-patfest-4-andreas-kisser-e-familia-convidam-sandy-samuel-rosa-dinho-e-mais\" target=\"_blank\" rel=\"noreferrer noopener nofollow\">Ticket360<\/a> e pontos autorizados.<\/p>\n<p><strong>Clique<\/strong> para seguir IgorMiranda.com.br no: <a href=\"https:\/\/instagram.com\/igormirandasite\" target=\"_blank\" rel=\"noreferrer noopener nofollow\">Instagram<\/a> | <a href=\"https:\/\/bsky.app\/profile\/igormirandasite.bsky.social\" target=\"_blank\" rel=\"noreferrer noopener nofollow\">Bluesky<\/a> | <a href=\"https:\/\/twitter.com\/igormirandasite\" target=\"_blank\" rel=\"noreferrer noopener nofollow\">Twitter<\/a> | <a href=\"https:\/\/tiktok.com\/@igormirandasite\" target=\"_blank\" rel=\"noreferrer noopener nofollow\">TikTok<\/a> | <a href=\"https:\/\/facebook.com\/igormirandasite\" target=\"_blank\" rel=\"noreferrer noopener nofollow\">Facebook<\/a> | <a href=\"https:\/\/www.youtube.com\/igormirandasite\" target=\"_blank\" rel=\"noreferrer noopener nofollow\">YouTube<\/a> | <a href=\"https:\/\/www.threads.net\/@igormirandasite\" target=\"_blank\" rel=\"noreferrer noopener nofollow\">Threads<\/a>.<\/p>\n<p> <script async src=\"https:\/\/platform.twitter.com\/widgets.js\" charset=\"utf-8\"><\/script><script async src=\"\/\/www.instagram.com\/embed.js\"><\/script><script async src=\"\/\/www.tiktok.com\/embed.js\"><\/script><\/p>\n","protected":false},"excerpt":{"rendered":"A sa\u00edda de Eloy Casagrande do Sepultura foi um baque do qual Andreas Kisser parece estar se recuperando&hellip;\n","protected":false},"author":2,"featured_media":138472,"comment_status":"","ping_status":"","sticky":false,"template":"","format":"standard","meta":{"footnotes":""},"categories":[141],"tags":[13960,30878,114,115,149,150,32,33,13962,3779],"class_list":{"0":"post-138471","1":"post","2":"type-post","3":"status-publish","4":"format-standard","5":"has-post-thumbnail","7":"category-musica","8":"tag-andreas-kisser","9":"tag-eloy-casagrande","10":"tag-entertainment","11":"tag-entretenimento","12":"tag-music","13":"tag-musica","14":"tag-portugal","15":"tag-pt","16":"tag-sepultura","17":"tag-slipknot"},"share_on_mastodon":{"url":"https:\/\/pubeurope.com\/@pt\/115488082830169994","error":""},"_links":{"self":[{"href":"https:\/\/www.europesays.com\/pt\/wp-json\/wp\/v2\/posts\/138471","targetHints":{"allow":["GET"]}}],"collection":[{"href":"https:\/\/www.europesays.com\/pt\/wp-json\/wp\/v2\/posts"}],"about":[{"href":"https:\/\/www.europesays.com\/pt\/wp-json\/wp\/v2\/types\/post"}],"author":[{"embeddable":true,"href":"https:\/\/www.europesays.com\/pt\/wp-json\/wp\/v2\/users\/2"}],"replies":[{"embeddable":true,"href":"https:\/\/www.europesays.com\/pt\/wp-json\/wp\/v2\/comments?post=138471"}],"version-history":[{"count":0,"href":"https:\/\/www.europesays.com\/pt\/wp-json\/wp\/v2\/posts\/138471\/revisions"}],"wp:featuredmedia":[{"embeddable":true,"href":"https:\/\/www.europesays.com\/pt\/wp-json\/wp\/v2\/media\/138472"}],"wp:attachment":[{"href":"https:\/\/www.europesays.com\/pt\/wp-json\/wp\/v2\/media?parent=138471"}],"wp:term":[{"taxonomy":"category","embeddable":true,"href":"https:\/\/www.europesays.com\/pt\/wp-json\/wp\/v2\/categories?post=138471"},{"taxonomy":"post_tag","embeddable":true,"href":"https:\/\/www.europesays.com\/pt\/wp-json\/wp\/v2\/tags?post=138471"}],"curies":[{"name":"wp","href":"https:\/\/api.w.org\/{rel}","templated":true}]}}