{"id":138473,"date":"2025-11-03T22:17:20","date_gmt":"2025-11-03T22:17:20","guid":{"rendered":"https:\/\/www.europesays.com\/pt\/138473\/"},"modified":"2025-11-03T22:17:20","modified_gmt":"2025-11-03T22:17:20","slug":"relembre-o-que-a-critica-internacional-disse-de-o-agente-secreto","status":"publish","type":"post","link":"https:\/\/www.europesays.com\/pt\/138473\/","title":{"rendered":"relembre o que a cr\u00edtica internacional disse de &#8216;O agente secreto&#8217;"},"content":{"rendered":"\n<p class=\" content-text__container theme-color-primary-first-letter\" data-track-category=\"Link no Texto\" data-track-links=\"\"> &#8220;<a class=\"\" href=\"https:\/\/oglobo.globo.com\/tudo-sobre\/filme\/o-agente-secreto\/\" rel=\"nofollow noopener\" target=\"_blank\">O agente secreto<\/a>&#8221; finalmente vai chegar aos cinemas brasileiros. Escolhido para representar o Brasil no <a class=\"\" href=\"https:\/\/oglobo.globo.com\/tudo-sobre\/premiacao\/oscar\/\" rel=\"nofollow noopener\" target=\"_blank\">Oscar<\/a>, o filme de <a class=\"\" href=\"https:\/\/oglobo.globo.com\/tudo-sobre\/personalidade\/kleber-mendonca-filho\/\" rel=\"nofollow noopener\" target=\"_blank\">Kleber Mendon\u00e7a Filho<\/a> protagonizado por <a class=\"\" href=\"https:\/\/oglobo.globo.com\/tudo-sobre\/personalidade\/wagner-moura\" rel=\"nofollow noopener\" target=\"_blank\">Wagner Moura<\/a> estreia nesta quinta-feira (6) e j\u00e1 acumula no curr\u00edculo mais de 20 pr\u00eamios pelo mundo afora. S\u00f3 no Festival de Cannes, onde foi exibido pela primeira vez, foram quatro: melhor ator, melhor dire\u00e7\u00e3o, o pr\u00eamio da Federa\u00e7\u00e3o Internacional de Cr\u00edticos de Cinema (Fipresci) e o pr\u00eamio da Associa\u00e7\u00e3o Francesa de Cinemas de Arte e Ensaio (AFCAE). De maio para c\u00e1, a cr\u00edtica internacional n\u00e3o poupou elogios ao longa do diretor pernambucano. <strong>Prepare e pipoca e relembre:<\/strong> <\/p>\n<ul class=\"content-unordered-list\">\n<li><strong>Marisa Monte:<\/strong> <a class=\"\" href=\"https:\/\/oglobo.globo.com\/rioshow\/shows-e-concertos\/guia\/na-estrada-com-nova-turne-marisa-monte-fala-sobre-inteligencia-artificial-e-quimica-com-orquestra.ghtml\" rel=\"nofollow noopener\" target=\"_blank\">\u2018Sigo com o mesmo esp\u00edrito de quem est\u00e1 sempre querendo aprender\u2019<\/a><\/li>\n<li><strong>Brava Arena Jockey: <\/strong><a class=\"\" href=\"https:\/\/oglobo.globo.com\/rioshow\/shows-e-concertos\/guia\/brava-arena-jockey-volta-ao-rio-com-marisa-monte-roda-de-moacyr-luz-baile-gratuito-do-boitata-e-mais-novidades.ghtml\" rel=\"nofollow noopener\" target=\"_blank\">espa\u00e7o volta ao Rio com roda de Moacyr Luz, baile gratuito do Boitat\u00e1 e mais<\/a><\/li>\n<\/ul>\n<p>    Fazendo hist\u00f3ria: Wagner Moura \u00e9 o terceiro ator brasileiro premiado na competi\u00e7\u00e3o principal em Cannes           <img decoding=\"async\" id=\"image-id-tumb-66f19455-4b60-4e1d-b292-4d44b5920766\" alt=\"O diretor brasileiro Kleber Mendon\u00e7a Filho recebe o pr\u00eamio de Melhor Ator em nome do ator Wagner Moura durante a cerim\u00f4nia de encerramento da 78\u00aa edi\u00e7\u00e3o do Festival de Cannes, em Cannes, sul da Fran\u00e7a. \u2014 Foto: Foto: Valery HACHE \/ AFP\" src=\"https:\/\/www.europesays.com\/pt\/wp-content\/uploads\/2025\/11\/111168677-brazilian-director-kleber-mendonca-filho-r-accepts-the-best-actor-prize-on-behalf-of-brazi.jpeg\" loading=\"lazy\" height=\"1155\" width=\"1733\" data-posicao=\"1\" role=\"button\" tabindex=\"0\"\/>    <img decoding=\"async\" id=\"image-id-66f19455-4b60-4e1d-b292-4d44b5920766\" class=\"gallery-photo\" alt=\"O diretor brasileiro Kleber Mendon\u00e7a Filho recebe o pr\u00eamio de Melhor Ator em nome do ator Wagner Moura durante a cerim\u00f4nia de encerramento da 78\u00aa edi\u00e7\u00e3o do Festival de Cannes, em Cannes, sul da Fran\u00e7a. \u2014 Foto: Foto: Valery HACHE \/ AFP\" src=\"https:\/\/www.europesays.com\/pt\/wp-content\/uploads\/2025\/11\/1762208236_384_111168677-brazilian-director-kleber-mendonca-filho-r-accepts-the-best-actor-prize-on-behalf-of-brazi.jpeg\" loading=\"lazy\" height=\"1155\" width=\"1733\"\/>  <\/p>\n<p> 1 de 6 <br \/>&#13;O diretor brasileiro Kleber Mendon\u00e7a Filho recebe o pr\u00eamio de Melhor Ator em nome do ator Wagner Moura durante a cerim\u00f4nia de encerramento da 78\u00aa edi\u00e7\u00e3o do Festival de Cannes, em Cannes, sul da Fran\u00e7a. \u2014 Foto: Foto: Valery HACHE \/ AFP <\/p>\n<p>     <img decoding=\"async\" id=\"image-id-tumb-e2f53de3-8bf9-4405-ab0d-f27d93fc3b00\" alt=\"O diretor brasileiro Kleber Mendon\u00e7a Filho recebe o pr\u00eamio de Melhor Ator em nome do ator Wagner Moura durante a cerim\u00f4nia de encerramento da 78\u00aa edi\u00e7\u00e3o do Festival de Cannes, em Cannes, sul da Fran\u00e7a. \u2014 Foto: Foto: Valery HACHE \/ AFP\" src=\"https:\/\/www.europesays.com\/pt\/wp-content\/uploads\/2025\/11\/111169105-brazilian-director-kleber-mendonca-filho-accepts-next-to-spanish-actress-rossy-de-palma-th.jpeg\" loading=\"lazy\" height=\"919\" width=\"1378\" data-posicao=\"2\" role=\"button\" tabindex=\"0\"\/>    <img decoding=\"async\" id=\"image-id-e2f53de3-8bf9-4405-ab0d-f27d93fc3b00\" class=\"gallery-photo\" alt=\"O diretor brasileiro Kleber Mendon\u00e7a Filho recebe o pr\u00eamio de Melhor Ator em nome do ator Wagner Moura durante a cerim\u00f4nia de encerramento da 78\u00aa edi\u00e7\u00e3o do Festival de Cannes, em Cannes, sul da Fran\u00e7a. \u2014 Foto: Foto: Valery HACHE \/ AFP\" src=\"https:\/\/www.europesays.com\/pt\/wp-content\/uploads\/2025\/11\/1762208237_84_111169105-brazilian-director-kleber-mendonca-filho-accepts-next-to-spanish-actress-rossy-de-palma-th.jpeg\" loading=\"lazy\" height=\"919\" width=\"1378\"\/>  <\/p>\n<p> 2 de 6 <br \/>&#13;O diretor brasileiro Kleber Mendon\u00e7a Filho recebe o pr\u00eamio de Melhor Ator em nome do ator Wagner Moura durante a cerim\u00f4nia de encerramento da 78\u00aa edi\u00e7\u00e3o do Festival de Cannes, em Cannes, sul da Fran\u00e7a. \u2014 Foto: Foto: Valery HACHE \/ AFP <\/p>\n<p>       <img decoding=\"async\" id=\"image-id-tumb-1b068826-5ea9-4445-86e1-c23ce390085c\" alt=\"O diretor brasileiro Kleber Mendon\u00e7a Filho recebe o pr\u00eamio de Melhor Ator em nome do ator Wagner Moura durante a cerim\u00f4nia de encerramento da 78\u00aa edi\u00e7\u00e3o do Festival de Cannes, em Cannes, sul da Fran\u00e7a. \u2014 Foto: Foto: Valery HACHE \/ AFP\" src=\"https:\/\/www.europesays.com\/pt\/wp-content\/uploads\/2025\/11\/111168679-brazilian-director-kleber-mendonca-filho-accepts-next-to-spanish-actress-rossy-de-palma-th.jpeg\" loading=\"lazy\" height=\"537\" width=\"806\" data-posicao=\"3\" role=\"button\" tabindex=\"0\"\/>    <img decoding=\"async\" id=\"image-id-1b068826-5ea9-4445-86e1-c23ce390085c\" class=\"gallery-photo\" alt=\"O diretor brasileiro Kleber Mendon\u00e7a Filho recebe o pr\u00eamio de Melhor Ator em nome do ator Wagner Moura durante a cerim\u00f4nia de encerramento da 78\u00aa edi\u00e7\u00e3o do Festival de Cannes, em Cannes, sul da Fran\u00e7a. \u2014 Foto: Foto: Valery HACHE \/ AFP\" src=\"https:\/\/www.europesays.com\/pt\/wp-content\/uploads\/2025\/11\/1762208238_217_111168679-brazilian-director-kleber-mendonca-filho-accepts-next-to-spanish-actress-rossy-de-palma-th.jpeg\" loading=\"lazy\" height=\"537\" width=\"806\"\/>  <\/p>\n<p> 3 de 6 <br \/>&#13;O diretor brasileiro Kleber Mendon\u00e7a Filho recebe o pr\u00eamio de Melhor Ator em nome do ator Wagner Moura durante a cerim\u00f4nia de encerramento da 78\u00aa edi\u00e7\u00e3o do Festival de Cannes, em Cannes, sul da Fran\u00e7a. \u2014 Foto: Foto: Valery HACHE \/ AFP <\/p>\n<p>      <img decoding=\"async\" id=\"image-id-95fb5f67-6b19-4436-9b53-17ba576e8044\" class=\"gallery-photo\" alt=\"O diretor brasileiro Kleber Mendon\u00e7a Filho recebe o pr\u00eamio de Melhor Ator em nome do ator Wagner Moura durante a cerim\u00f4nia de encerramento da 78\u00aa edi\u00e7\u00e3o do Festival de Cannes, em Cannes, sul da Fran\u00e7a. \u2014 Foto: Foto: Valery HACHE \/ AFP\" src=\"https:\/\/www.europesays.com\/pt\/wp-content\/uploads\/2025\/11\/111168675-brazilian-director-kleber-mendonca-filho-accepts-next-to-spanish-actress-rossy-de-palma-th.jpeg\" loading=\"lazy\" height=\"725\" width=\"1088\"\/>  <\/p>\n<p> 4 de 6 <br \/>&#13;O diretor brasileiro Kleber Mendon\u00e7a Filho recebe o pr\u00eamio de Melhor Ator em nome do ator Wagner Moura durante a cerim\u00f4nia de encerramento da 78\u00aa edi\u00e7\u00e3o do Festival de Cannes, em Cannes, sul da Fran\u00e7a. \u2014 Foto: Foto: Valery HACHE \/ AFP <\/p>\n<p>       <img decoding=\"async\" id=\"image-id-1b91e167-b72e-4acd-84c0-8e2fc045ce1f\" class=\"gallery-photo\" alt=\"O diretor brasileiro Kleber Mendon\u00e7a Filho recebe o pr\u00eamio de Melhor Ator em nome do ator Wagner Moura durante a cerim\u00f4nia de encerramento da 78\u00aa edi\u00e7\u00e3o do Festival de Cannes, em Cannes, sul da Fran\u00e7a. \u2014 Foto: Foto: Valery HACHE \/ AFP\" src=\"https:\/\/www.europesays.com\/pt\/wp-content\/uploads\/2025\/11\/111168681-brazilian-director-kleber-mendonca-filho-accepts-next-to-spanish-actress-rossy-de-palma-th.jpeg\" loading=\"lazy\" height=\"890\" width=\"1335\"\/>  <\/p>\n<p> 5 de 6 <br \/>&#13;O diretor brasileiro Kleber Mendon\u00e7a Filho recebe o pr\u00eamio de Melhor Ator em nome do ator Wagner Moura durante a cerim\u00f4nia de encerramento da 78\u00aa edi\u00e7\u00e3o do Festival de Cannes, em Cannes, sul da Fran\u00e7a. \u2014 Foto: Foto: Valery HACHE \/ AFP <\/p>\n<p>      <img decoding=\"async\" id=\"image-id-0e83004a-14e8-44aa-9a61-c22dee090d14\" class=\"gallery-photo\" alt=\"O diretor brasileiro Kleber Mendon\u00e7a Filho recebe o pr\u00eamio de Melhor Ator em nome do ator Wagner Moura durante a cerim\u00f4nia de encerramento da 78\u00aa edi\u00e7\u00e3o do Festival de Cannes, em Cannes, sul da Fran\u00e7a. \u2014 Foto: Foto: Valery HACHE \/ AFP\" src=\"https:\/\/www.europesays.com\/pt\/wp-content\/uploads\/2025\/11\/111168691-brazilian-director-kleber-mendonca-filho-accepts-the-best-actor-prize-on-behalf-of-brazili.jpeg\" loading=\"lazy\" height=\"791\" width=\"1186\"\/>  <\/p>\n<p> 6 de 6 <br \/>&#13;O diretor brasileiro Kleber Mendon\u00e7a Filho recebe o pr\u00eamio de Melhor Ator em nome do ator Wagner Moura durante a cerim\u00f4nia de encerramento da 78\u00aa edi\u00e7\u00e3o do Festival de Cannes, em Cannes, sul da Fran\u00e7a. \u2014 Foto: Foto: Valery HACHE \/ AFP <\/p>\n<p>O ator brasileiro superou o veterano Stellan Skarsgard, apontado como um dos favoritos na categoria pelo trabalho em &#8220;Sentimental value.<\/p>\n<p class=\" content-text__container \" data-track-category=\"Link no Texto\" data-track-links=\"\"> O brit\u00e2nico &#8220;The Guardian&#8221;, que deu a cota\u00e7\u00e3o m\u00e1xima de cinco estrelas para o longa, o classificou como &#8220;um drama brasileiro brilhante sobre um acad\u00eamico em fuga na d\u00e9cada de 1970, marcada por assassinatos&#8221;. &#8220;O estudo de Kleber Mendon\u00e7a Filho sobre um homem que tenta escapar da corrup\u00e7\u00e3o pol\u00edtica \u00e9 uma an\u00e1lise extraordin\u00e1ria e quase novelesca da corrup\u00e7\u00e3o em todos os n\u00edveis&#8221;, destaca o jornal, que considera o filme &#8220;mais ambicioso, complexo e enigm\u00e1tico&#8221; que &#8220;<a class=\"\" href=\"https:\/\/oglobo.globo.com\/tudo-sobre\/filme\/ainda-estou-aqui\/\" rel=\"nofollow noopener\" target=\"_blank\">Ainda estou aqui<\/a>&#8220;, de <a class=\"\" href=\"https:\/\/oglobo.globo.com\/tudo-sobre\/personalidade\/walther-salles\" rel=\"nofollow noopener\" target=\"_blank\">Walter Salles<\/a> (que levou o Oscar de melhor filme internacional este ano). <\/p>\n<p class=\" content-text__container \" data-track-category=\"Link no Texto\" data-track-links=\"\"> Para a &#8220;Variety&#8221;, o filme \u00e9 um &#8220;fant\u00e1stico thriller&#8221; e um &#8220;deslumbrante drama de \u00e9poca&#8221;. A revista destaca o trabalho de Mendon\u00e7a Filho, que faz uma &#8220;robusta imers\u00e3o sensorial e mnem\u00f4nica nas imagens, sons e clima sufocante \u2014 tanto pol\u00edtico quanto meteorol\u00f3gico&#8221; no Recife de 1977. <\/p>\n<p class=\" content-text__container \" data-track-category=\"Link no Texto\" data-track-links=\"\"> O site americano &#8220;Collider&#8221; \u00e9 enf\u00e1tico: &#8220;Este thriller hist\u00f3rico cativante e intenso <strong>\u00e9 um dos melhores filmes do ano<\/strong>&#8220;. Para o site, o longa &#8220;representa um impressionante avan\u00e7o na carreira de Mendon\u00e7a Filho como diretor&#8221;, que se dedica a &#8220;desvendar a hist\u00f3ria de uma forma que a torna estranha, divertida e impactante&#8221;. <\/p>\n<ul class=\"content-unordered-list\">\n<li><strong>&#8216;Enterre seus mortos&#8217;:<\/strong> <a class=\"\" href=\"https:\/\/oglobo.globo.com\/rioshow\/cinema\/guia\/banalizacao-da-morte-e-tema-recorrente-em-enterre-seus-mortos-terror-com-selton-mello.ghtml\" rel=\"nofollow noopener\" target=\"_blank\">leia a cr\u00edtica do terror estrelado por Selton Mello<\/a><\/li>\n<li><strong>&#8216;Frankenstein&#8217;: <\/strong><a class=\"\" href=\"https:\/\/oglobo.globo.com\/rioshow\/cinema\/guia\/frankenstein-de-guillermo-del-toro-impressiona-sob-inumeros-aspectos-licao-cinematografica.ghtml\" rel=\"nofollow noopener\" target=\"_blank\">leia a cr\u00edtica do longa dirigido por Guillermo del Toro<\/a><\/li>\n<\/ul>\n<p class=\" content-text__container \" data-track-category=\"Link no Texto\" data-track-links=\"\"> O &#8220;The Hollywood Reporter&#8221; destaca o trabalho de Wagner Moura, que nos \u00faltimos anos se dedicou ao trabalho em Hollywood (como no filme &#8220;Guerra civil&#8221; e nas s\u00e9ries &#8220;Iluminadas&#8221; e &#8220;Ladr\u00e3o de drogas&#8221;). &#8220;Marcelo \u00e9 interpretado com olhar profundo e um manto de melancolia e m\u00e1goa por Wagner Moura, em um retorno estelar ao cinema brasileiro ap\u00f3s v\u00e1rios anos de aus\u00eancia. Ele sempre foi um bom ator, mas Mendon\u00e7a Filho o transforma em uma estrela de cinema&#8221;, diz a revista. <\/p>\n<p class=\" content-text__container \" data-track-category=\"Link no Texto\" data-track-links=\"\"> Para a &#8220;BBC&#8221;, que relembra o teor sens\u00edvel de &#8220;Ainda estou aqui&#8221;, &#8220;o thriller pol\u00edtico estiloso e vibrante de Kleber Mendon\u00e7a Filho compensa a falta de sutileza com uma a\u00e7\u00e3o eletrizante&#8221;. Mais a frente, a cr\u00edtica (que d\u00e1 quatro de cinco estrelas para o filme) diz: &#8220;Filho e seu elenco t\u00eam um talento especial para criar personagens que s\u00e3o ou comoventemente honrados ou grotescamente maus. O chefe de pol\u00edcia se encaixa na \u00faltima categoria. Quando l\u00ea uma manchete de jornal informando que 91 pessoas morreram durante o carnaval, ele aposta alegremente que o total logo chegar\u00e1 a tr\u00eas d\u00edgitos&#8221;. <\/p>\n","protected":false},"excerpt":{"rendered":"&#8220;O agente secreto&#8221; finalmente vai chegar aos cinemas brasileiros. Escolhido para representar o Brasil no Oscar, o filme&hellip;\n","protected":false},"author":2,"featured_media":138474,"comment_status":"","ping_status":"","sticky":false,"template":"","format":"standard","meta":{"footnotes":""},"categories":[140],"tags":[9859,4352,1244,114,115,147,148,2153,146,2158,9858,1409,32,33,12348,4348],"class_list":{"0":"post-138473","1":"post","2":"type-post","3":"status-publish","4":"format-standard","5":"has-post-thumbnail","7":"category-filmes","8":"tag-acontecera-dia-12-de-marco","9":"tag-ainda-estou-aqui","10":"tag-ator","11":"tag-entertainment","12":"tag-entretenimento","13":"tag-film","14":"tag-filmes","15":"tag-kleber-mendonca-filho","16":"tag-movies","17":"tag-o-agente-secreto","18":"tag-o-oscar-e-uma-premiacao-realizada-desde-1929-e-esta-na-sua-95-a-edicao-em-2023","19":"tag-oscar","20":"tag-portugal","21":"tag-pt","22":"tag-wagner-moura","23":"tag-walter-salles"},"share_on_mastodon":{"url":"https:\/\/pubeurope.com\/@pt\/115488086470129018","error":""},"_links":{"self":[{"href":"https:\/\/www.europesays.com\/pt\/wp-json\/wp\/v2\/posts\/138473","targetHints":{"allow":["GET"]}}],"collection":[{"href":"https:\/\/www.europesays.com\/pt\/wp-json\/wp\/v2\/posts"}],"about":[{"href":"https:\/\/www.europesays.com\/pt\/wp-json\/wp\/v2\/types\/post"}],"author":[{"embeddable":true,"href":"https:\/\/www.europesays.com\/pt\/wp-json\/wp\/v2\/users\/2"}],"replies":[{"embeddable":true,"href":"https:\/\/www.europesays.com\/pt\/wp-json\/wp\/v2\/comments?post=138473"}],"version-history":[{"count":0,"href":"https:\/\/www.europesays.com\/pt\/wp-json\/wp\/v2\/posts\/138473\/revisions"}],"wp:featuredmedia":[{"embeddable":true,"href":"https:\/\/www.europesays.com\/pt\/wp-json\/wp\/v2\/media\/138474"}],"wp:attachment":[{"href":"https:\/\/www.europesays.com\/pt\/wp-json\/wp\/v2\/media?parent=138473"}],"wp:term":[{"taxonomy":"category","embeddable":true,"href":"https:\/\/www.europesays.com\/pt\/wp-json\/wp\/v2\/categories?post=138473"},{"taxonomy":"post_tag","embeddable":true,"href":"https:\/\/www.europesays.com\/pt\/wp-json\/wp\/v2\/tags?post=138473"}],"curies":[{"name":"wp","href":"https:\/\/api.w.org\/{rel}","templated":true}]}}