{"id":138485,"date":"2025-11-03T22:23:13","date_gmt":"2025-11-03T22:23:13","guid":{"rendered":"https:\/\/www.europesays.com\/pt\/138485\/"},"modified":"2025-11-03T22:23:13","modified_gmt":"2025-11-03T22:23:13","slug":"tabaco-proibido-a-pessoas-nascidas-apos-1-de-janeiro-de-2007-nas-maldivas","status":"publish","type":"post","link":"https:\/\/www.europesays.com\/pt\/138485\/","title":{"rendered":"Tabaco proibido a pessoas nascidas ap\u00f3s 1 de janeiro de 2007 nas Maldivas"},"content":{"rendered":"<p>\u00c0 semelhan\u00e7a do proposto pelo Reino Unido anteriormente, as Maldivas decidiram proibir qualquer pessoa nascida ap\u00f3s 1 de janeiro de 2007 de comprar ou consumir tabaco, por forma a &#8220;promover uma gera\u00e7\u00e3o livre do tabaco&#8221;. O arquip\u00e9lago do Oceano \u00cdndico torna-se, assim, o \u00fanico pa\u00eds com uma proibi\u00e7\u00e3o geracional deste tipo.<\/p>\n<p><a target=\"_blank\" href=\"https:\/\/pplware.sapo.pt\/wp-content\/uploads\/2025\/08\/filtro_cigarro_tabaco_fumar-3.jpg\" onclick=\"refreshIframe()\" class=\"foobox\" rel=\"nofollow noopener\"><img fetchpriority=\"high\" decoding=\"async\" src=\"https:\/\/www.europesays.com\/pt\/wp-content\/uploads\/2025\/11\/filtro_cigarro_tabaco_fumar-3-720x405.jpg\" alt=\"Caixa de cigarros, tabaco\" width=\"720\" height=\"405\" class=\"aligncenter wp-image-1075809 size-medium\"  \/><\/a>\n<\/p>\n<p>As Maldivas tornaram-se o \u00fanico pa\u00eds com uma proibi\u00e7\u00e3o geracional do tabaco, de acordo com o seu Minist\u00e9rio da Sa\u00fade, atrav\u00e9s da implementa\u00e7\u00e3o de uma proibi\u00e7\u00e3o do tabaco para qualquer pessoa nascida ap\u00f3s janeiro de 2007.<\/p>\n<p>Iniciada pelo Presidente Mohamed Muizzu, no in\u00edcio deste ano, a medida entrou em vigor no dia 1 de novembro e procura &#8220;proteger a sa\u00fade p\u00fablica e promover uma gera\u00e7\u00e3o livre do tabaco&#8221;, segundo<br \/>\no minist\u00e9rio.<\/p>\n<blockquote>\n<p>De acordo com a nova disposi\u00e7\u00e3o, os indiv\u00edduos nascidos a partir de 1 de janeiro de 2007 est\u00e3o proibidos de comprar, <a target=\"_blank\" href=\"https:\/\/pplware.sapo.pt\/informacao\/fumadores-tem-risco-acrescido-de-desenvolver-diabetes-tipo-2\/\" rel=\"nofollow noopener\">consumir<\/a> ou vender produtos de tabaco nas Maldivas. A proibi\u00e7\u00e3o aplica-se a todas as formas de tabaco, e os retalhistas s\u00e3o obrigados a verificar a idade antes da venda.<\/p>\n<\/blockquote>\n<p>Afirmou o Minist\u00e9rio da Sa\u00fade das Maldivas, que decidiu alargar a proibi\u00e7\u00e3o aos visitantes do pa\u00eds, tamb\u00e9m, conforme citado pelo <a target=\"_blank\" href=\"https:\/\/www.theguardian.com\/europe\" rel=\"nofollow noopener\">The Guardian<\/a>.<\/p>\n<p><a target=\"_blank\" href=\"https:\/\/pplware.sapo.pt\/wp-content\/uploads\/2025\/08\/cigarro_tabaco_fumar-2.jpg\" onclick=\"refreshIframe()\" class=\"foobox\" rel=\"nofollow noopener\"><img loading=\"lazy\" decoding=\"async\" src=\"https:\/\/www.europesays.com\/pt\/wp-content\/uploads\/2025\/11\/cigarro_tabaco_fumar-2-720x405.jpg\" alt=\"Estetosc\u00f3pio rodeado de cigarros, num fundo branco\" width=\"720\" height=\"405\" class=\"aligncenter wp-image-1075806 size-medium\"  \/><\/a><\/p>\n<p>O minist\u00e9rio informou que mant\u00e9m, tamb\u00e9m, uma proibi\u00e7\u00e3o abrangente da importa\u00e7\u00e3o, venda, distribui\u00e7\u00e3o, posse e uso de cigarros eletr\u00f3nicos e produtos de vaporiza\u00e7\u00e3o, aplic\u00e1vel a todos os indiv\u00edduos, independentemente da idade.<\/p>\n<p>A venda de produtos de tabaco a menores de idade representa uma multa de 50.000 rufiyaa (cerca de 2835 euros), enquanto o uso de dispositivos de vaporiza\u00e7\u00e3o representa uma multa de 5000 rufiyaa (cerca de 284 euros).<\/p>\n<p>Reino Unido planeia criar proibi\u00e7\u00e3o geracional sobre o tabaco<\/p>\n<p>Conforme <a target=\"_blank\" href=\"https:\/\/pplware.sapo.pt\/informacao\/reino-unido-quer-ir-aumentando-a-idade-legal-para-comprar-cigarros-ate-que-ninguem-possa\/\" rel=\"nofollow noopener\">inform\u00e1mos<\/a>, na altura, em 2023, o primeiro-ministro do Reino Unido prop\u00f4s aumentar em um ano a idade legal para as pessoas poderem comprar cigarros, todos os anos, para que, eventualmente, seja ilegal para toda a popula\u00e7\u00e3o.<\/p>\n<p>Durante uma confer\u00eancia anual do Partido Conservador, Rishi Sunak explicou que queria, &#8220;em primeiro lugar, impedir que os adolescentes come\u00e7assem a fumar&#8221;.<\/p>\n<p>\u00a0<\/p>\n<p><strong>Leia tamb\u00e9m:<\/strong><\/p>\n<p>\u00a0<\/p>\n","protected":false},"excerpt":{"rendered":"\u00c0 semelhan\u00e7a do proposto pelo Reino Unido anteriormente, as Maldivas decidiram proibir qualquer pessoa nascida ap\u00f3s 1 de&hellip;\n","protected":false},"author":2,"featured_media":138486,"comment_status":"","ping_status":"","sticky":false,"template":"","format":"standard","meta":{"footnotes":""},"categories":[50],"tags":[27,28,15,16,14,25,26,21,22,30451,62,12,13,19,20,23,24,14834,17,18,29,30,31,63,64,65],"class_list":{"0":"post-138485","1":"post","2":"type-post","3":"status-publish","4":"format-standard","5":"has-post-thumbnail","7":"category-mundo","8":"tag-breaking-news","9":"tag-breakingnews","10":"tag-featured-news","11":"tag-featurednews","12":"tag-headlines","13":"tag-latest-news","14":"tag-latestnews","15":"tag-main-news","16":"tag-mainnews","17":"tag-maldivas","18":"tag-mundo","19":"tag-news","20":"tag-noticias","21":"tag-noticias-principais","22":"tag-noticiasprincipais","23":"tag-principais-noticias","24":"tag-principaisnoticias","25":"tag-tabaco","26":"tag-top-stories","27":"tag-topstories","28":"tag-ultimas","29":"tag-ultimas-noticias","30":"tag-ultimasnoticias","31":"tag-world","32":"tag-world-news","33":"tag-worldnews"},"share_on_mastodon":{"url":"https:\/\/pubeurope.com\/@pt\/115488109819515726","error":""},"_links":{"self":[{"href":"https:\/\/www.europesays.com\/pt\/wp-json\/wp\/v2\/posts\/138485","targetHints":{"allow":["GET"]}}],"collection":[{"href":"https:\/\/www.europesays.com\/pt\/wp-json\/wp\/v2\/posts"}],"about":[{"href":"https:\/\/www.europesays.com\/pt\/wp-json\/wp\/v2\/types\/post"}],"author":[{"embeddable":true,"href":"https:\/\/www.europesays.com\/pt\/wp-json\/wp\/v2\/users\/2"}],"replies":[{"embeddable":true,"href":"https:\/\/www.europesays.com\/pt\/wp-json\/wp\/v2\/comments?post=138485"}],"version-history":[{"count":0,"href":"https:\/\/www.europesays.com\/pt\/wp-json\/wp\/v2\/posts\/138485\/revisions"}],"wp:featuredmedia":[{"embeddable":true,"href":"https:\/\/www.europesays.com\/pt\/wp-json\/wp\/v2\/media\/138486"}],"wp:attachment":[{"href":"https:\/\/www.europesays.com\/pt\/wp-json\/wp\/v2\/media?parent=138485"}],"wp:term":[{"taxonomy":"category","embeddable":true,"href":"https:\/\/www.europesays.com\/pt\/wp-json\/wp\/v2\/categories?post=138485"},{"taxonomy":"post_tag","embeddable":true,"href":"https:\/\/www.europesays.com\/pt\/wp-json\/wp\/v2\/tags?post=138485"}],"curies":[{"name":"wp","href":"https:\/\/api.w.org\/{rel}","templated":true}]}}