{"id":138499,"date":"2025-11-03T22:39:26","date_gmt":"2025-11-03T22:39:26","guid":{"rendered":"https:\/\/www.europesays.com\/pt\/138499\/"},"modified":"2025-11-03T22:39:26","modified_gmt":"2025-11-03T22:39:26","slug":"morangos-com-acucar-lembra-se-da-sara-apos-quase-20-anos-e-em-foto-rara-ex-moranguita-desabafa-era-nova-e-magra","status":"publish","type":"post","link":"https:\/\/www.europesays.com\/pt\/138499\/","title":{"rendered":"Morangos Com A\u00e7\u00facar&#8221;: lembra-se da Sara? Ap\u00f3s quase 20 anos e em foto rara, ex-&#8220;moranguita&#8221; desabafa: &#8220;Era nova e magra&#8230;"},"content":{"rendered":"<p>Foi um dos nomes de destaque da 5.\u00aa temporada dos &#8220;<a href=\"https:\/\/selfie.iol.pt\/pesquisa\/morangos-com-a%C3%A7%C3%BAcar\" wbo-id=\"46\" rel=\"nofollow noopener\" target=\"_blank\">Morangos Com A\u00e7\u00facar<\/a>&#8220;, ao dar vida a Sara. Trata-se de\u00a0<a href=\"https:\/\/selfie.iol.pt\/joana-timbal\/serie\/ainda-se-lembra-da-sara-dos-morangos-com-acucar-a-selfie-conversou-com-ela\" wbo-id=\"47\" rel=\"nofollow noopener\" target=\"_blank\">Joana Timbal<\/a>, uma ex-moranguita\u00a0que ganhou fama e reconhecimento com esse papel na s\u00e9rie juvenil, quando tinha 23\u00a0anos.<\/p>\n<p>Hoje, com mais de 40 anos, Joana Timbal leva uma vida mais afastada dos holofotes, mas mant\u00e9m uma ass\u00eddua presen\u00e7a nas redes sociais.<\/p>\n<p>Por exemplo, recentemente, a ex-&#8220;moranguita&#8221; viajou no tempo e recuperou um &#8220;tesourinho&#8221; dos tempos dos &#8220;Morangos com A\u00e7\u00facar&#8221;, no qual posa com <a href=\"https:\/\/selfie.iol.pt\/nuno-nolasco\/facebook\/morangos-com-acucar-lembra-se-do-bernardo-veja-como-esta-diferente\" target=\"_blank\" rel=\"nofollow noopener\">Nuno Nolasco<\/a>, David Mesquita e <a href=\"https:\/\/selfie.iol.pt\/nacional\/instagram\/morangos-com-acucar-apos-15-anos-ex-moranguitos-tem-reencontro-emotivo-desencontros\" target=\"_blank\" rel=\"nofollow noopener\">Jo\u00e3o Pedro Dantas<\/a>.<\/p>\n<p>&#8220;Era nova, magra e tinha bons amigos! A \u00fanica coisa que sobreviveu foram os amigos&#8221;, assinalou Joana Timbal na legenda do registo, acrescentando um emoji em forma de cora\u00e7\u00e3o.<\/p>\n<p>Veja, agora, a imagem partilhada por Joana Timbal na galeria de fotografias que prepar\u00e1mos para si.<\/p>\n","protected":false},"excerpt":{"rendered":"Foi um dos nomes de destaque da 5.\u00aa temporada dos &#8220;Morangos Com A\u00e7\u00facar&#8220;, ao dar vida a Sara.&hellip;\n","protected":false},"author":2,"featured_media":138500,"comment_status":"","ping_status":"","sticky":false,"template":"","format":"standard","meta":{"footnotes":""},"categories":[85],"tags":[114,115,980,1015,30881,1476,619,161,32,33,6805,1012,30882,162],"class_list":{"0":"post-138499","1":"post","2":"type-post","3":"status-publish","4":"format-standard","5":"has-post-thumbnail","7":"category-entretenimento","8":"tag-entertainment","9":"tag-entretenimento","10":"tag-famosos","11":"tag-instagram","12":"tag-joana-timbal","13":"tag-morangos-com-acucar","14":"tag-nacional","15":"tag-novelas","16":"tag-portugal","17":"tag-pt","18":"tag-remember","19":"tag-selfie","20":"tag-serie-juvenil","21":"tag-tvi"},"share_on_mastodon":{"url":"https:\/\/pubeurope.com\/@pt\/115488172517716244","error":""},"_links":{"self":[{"href":"https:\/\/www.europesays.com\/pt\/wp-json\/wp\/v2\/posts\/138499","targetHints":{"allow":["GET"]}}],"collection":[{"href":"https:\/\/www.europesays.com\/pt\/wp-json\/wp\/v2\/posts"}],"about":[{"href":"https:\/\/www.europesays.com\/pt\/wp-json\/wp\/v2\/types\/post"}],"author":[{"embeddable":true,"href":"https:\/\/www.europesays.com\/pt\/wp-json\/wp\/v2\/users\/2"}],"replies":[{"embeddable":true,"href":"https:\/\/www.europesays.com\/pt\/wp-json\/wp\/v2\/comments?post=138499"}],"version-history":[{"count":0,"href":"https:\/\/www.europesays.com\/pt\/wp-json\/wp\/v2\/posts\/138499\/revisions"}],"wp:featuredmedia":[{"embeddable":true,"href":"https:\/\/www.europesays.com\/pt\/wp-json\/wp\/v2\/media\/138500"}],"wp:attachment":[{"href":"https:\/\/www.europesays.com\/pt\/wp-json\/wp\/v2\/media?parent=138499"}],"wp:term":[{"taxonomy":"category","embeddable":true,"href":"https:\/\/www.europesays.com\/pt\/wp-json\/wp\/v2\/categories?post=138499"},{"taxonomy":"post_tag","embeddable":true,"href":"https:\/\/www.europesays.com\/pt\/wp-json\/wp\/v2\/tags?post=138499"}],"curies":[{"name":"wp","href":"https:\/\/api.w.org\/{rel}","templated":true}]}}