{"id":138556,"date":"2025-11-03T23:41:09","date_gmt":"2025-11-03T23:41:09","guid":{"rendered":"https:\/\/www.europesays.com\/pt\/138556\/"},"modified":"2025-11-03T23:41:09","modified_gmt":"2025-11-03T23:41:09","slug":"benfica-exige-atuacao-urgente-apos-denuncia-do-arbitro-do-fc-porto-sp-braga","status":"publish","type":"post","link":"https:\/\/www.europesays.com\/pt\/138556\/","title":{"rendered":"Benfica exige atua\u00e7\u00e3o \u00aburgente\u00bb ap\u00f3s den\u00fancia do \u00e1rbitro do FC Porto-Sp. Braga"},"content":{"rendered":"<p>\t                F\u00e1bio Ver\u00edssimo relatou ter sido alvo de tentativa de press\u00e3o do FC Porto. \u00ab\u00c9 imperativo que haja consequ\u00eancias exemplares.\u00bb<\/p>\n<p>O Benfica exigiu que a Liga, o Conselho de Arbitragem e o Conselho de Disciplina da FPF atuem com urg\u00eancia no caso da queixa de F\u00e1bio Ver\u00edssimo, que denunciou no relat\u00f3rio de jogo do FC Porto-Sp. Braga ter sido alvo de <a href=\"https:\/\/maisfutebol.iol.pt\/liga\/arbitragem\/fabio-verissimo-denuncia-tentativa-de-pressao-do-fc-porto\" rel=\"nofollow noopener\" target=\"_blank\"><strong>tentativa de press\u00e3o do clube azul e branco ao intervalo da partida realizada neste domingo no Est\u00e1dio do Drag\u00e3o.<\/strong><\/a><\/p>\n<p>Em comunicado, o emblema encarnado pede uma \u00abrea\u00e7\u00e3o r\u00e1pida\u00bb e garante que n\u00e3o admitir\u00e1 qualquer passividade sobre esta mat\u00e9ria.<\/p>\n<p><strong>COMUNICADO DO BENFICA NA \u00cdNTEGRA:<\/strong><\/p>\n<p>\u00abO Sport Lisboa e Benfica exige que a Liga, o Conselho de Arbitragem e o Conselho de Disciplina atuem com urg\u00eancia em face das informa\u00e7\u00f5es tornadas p\u00fablicas sobre uma grave coa\u00e7\u00e3o ao \u00e1rbitro da partida FC Porto\u2013SC Braga.<\/p>\n<p>Em face da gravidade dos acontecimentos reportados\u00a0imp\u00f5e-se uma\u00a0rea\u00e7\u00e3o r\u00e1pida das autoridades competentes\u00a0e uma clarifica\u00e7\u00e3o quanto aos desenvolvimentos deste epis\u00f3dio que\u00a0em nada dignifica e credibiliza o futebol portugu\u00eas, pelo que\u00a0\u00e9 imperativo que haja consequ\u00eancias exemplares.<\/p>\n<p>O\u00a0Sport Lisboa e Benfica\u00a0n\u00e3o admitir\u00e1 qualquer passividade ou delongas nesta mat\u00e9ria.\u00bb<\/p>\n","protected":false},"excerpt":{"rendered":"F\u00e1bio Ver\u00edssimo relatou ter sido alvo de tentativa de press\u00e3o do FC Porto. \u00ab\u00c9 imperativo que haja consequ\u00eancias&hellip;\n","protected":false},"author":2,"featured_media":138557,"comment_status":"","ping_status":"","sticky":false,"template":"","format":"standard","meta":{"footnotes":""},"categories":[87],"tags":[609,836,611,3266,51,27,607,608,333,832,604,135,610,476,3264,282,301,830,603,36,570,831,833,62,834,13,835,602,52,32,33,134,29],"class_list":{"0":"post-138556","1":"post","2":"type-post","3":"status-publish","4":"format-standard","5":"has-post-thumbnail","7":"category-desporto","8":"tag-alerta","9":"tag-analise","10":"tag-ao-minuto","11":"tag-arbitragem","12":"tag-benfica","13":"tag-breaking-news","14":"tag-cnn","15":"tag-cnn-portugal","16":"tag-comentadores","17":"tag-costa","18":"tag-crime","19":"tag-desporto","20":"tag-direto","21":"tag-economia","22":"tag-fabio-verissimo","23":"tag-fc-porto","24":"tag-governo","25":"tag-guerra","26":"tag-justica","27":"tag-liga","28":"tag-live","29":"tag-mais-vistas","30":"tag-marcelo","31":"tag-mundo","32":"tag-negocios","33":"tag-noticias","34":"tag-opiniao","35":"tag-pais","36":"tag-politica","37":"tag-portugal","38":"tag-pt","39":"tag-sports","40":"tag-ultimas"},"share_on_mastodon":{"url":"https:\/\/pubeurope.com\/@pt\/115488416539193771","error":""},"_links":{"self":[{"href":"https:\/\/www.europesays.com\/pt\/wp-json\/wp\/v2\/posts\/138556","targetHints":{"allow":["GET"]}}],"collection":[{"href":"https:\/\/www.europesays.com\/pt\/wp-json\/wp\/v2\/posts"}],"about":[{"href":"https:\/\/www.europesays.com\/pt\/wp-json\/wp\/v2\/types\/post"}],"author":[{"embeddable":true,"href":"https:\/\/www.europesays.com\/pt\/wp-json\/wp\/v2\/users\/2"}],"replies":[{"embeddable":true,"href":"https:\/\/www.europesays.com\/pt\/wp-json\/wp\/v2\/comments?post=138556"}],"version-history":[{"count":0,"href":"https:\/\/www.europesays.com\/pt\/wp-json\/wp\/v2\/posts\/138556\/revisions"}],"wp:featuredmedia":[{"embeddable":true,"href":"https:\/\/www.europesays.com\/pt\/wp-json\/wp\/v2\/media\/138557"}],"wp:attachment":[{"href":"https:\/\/www.europesays.com\/pt\/wp-json\/wp\/v2\/media?parent=138556"}],"wp:term":[{"taxonomy":"category","embeddable":true,"href":"https:\/\/www.europesays.com\/pt\/wp-json\/wp\/v2\/categories?post=138556"},{"taxonomy":"post_tag","embeddable":true,"href":"https:\/\/www.europesays.com\/pt\/wp-json\/wp\/v2\/tags?post=138556"}],"curies":[{"name":"wp","href":"https:\/\/api.w.org\/{rel}","templated":true}]}}