{"id":138568,"date":"2025-11-03T23:53:12","date_gmt":"2025-11-03T23:53:12","guid":{"rendered":"https:\/\/www.europesays.com\/pt\/138568\/"},"modified":"2025-11-03T23:53:12","modified_gmt":"2025-11-03T23:53:12","slug":"reality-de-round-6-o-que-ver-na-tv-e-streaming-na-terca-03-11-2025-ilustrada","status":"publish","type":"post","link":"https:\/\/www.europesays.com\/pt\/138568\/","title":{"rendered":"Reality de Round 6: o que ver na TV e streaming na ter\u00e7a &#8211; 03\/11\/2025 &#8211; Ilustrada"},"content":{"rendered":"<p>Estreia nas lojas digitais <a href=\"https:\/\/www1.folha.uol.com.br\/ilustrada\/2025\/09\/a-grande-viagem-da-sua-vida-com-colin-farrell-e-filme-bem-aborrecido.shtml\" rel=\"nofollow noopener\" target=\"\">&#8220;A Grande Viagem da sua Vida&#8221;<\/a>, a f\u00e1bula rom\u00e2ntica protagonizada por Colin Farrell e <a href=\"https:\/\/www1.folha.uol.com.br\/folha-topicos\/margot-robbie\/\" rel=\"nofollow noopener\" target=\"_blank\">Margot Robbie<\/a>.<\/p>\n<p>Eles vivem dois estranhos, Sarah e David, que se conhecem num casamento e embarcam em uma jornada fant\u00e1stica: por meio de &#8220;portas m\u00edsticas&#8221;, revisitam momentos-chave do passado e, talvez, redesenhem o futuro.<\/p>\n<p><strong>Onde ver<\/strong>: Lojas digitais, 12 anos<\/p>\n<p>Round 6 \u2013 O Desafio<\/p>\n<p><strong>Onde ver:<\/strong> Netflix, 12 anos<\/p>\n<p>Inspirada na <a href=\"https:\/\/www1.folha.uol.com.br\/folha-topicos\/round-6\/\" rel=\"nofollow noopener\" target=\"\">s\u00e9rie de fic\u00e7\u00e3o<\/a>, a segunda temporada do reality de competi\u00e7\u00e3o re\u00fane 456 jogadores em busca de US$ 4,56 milh\u00f5es. Para vencer, \u00e9 preciso estrat\u00e9gia, resist\u00eancia e jogo de cintura diante de muitas reviravoltas.<\/p>\n<p>Hello, Brasil! O Pa\u00eds no Div\u00e3<\/p>\n<p><strong>Onde ver:<\/strong> Spotify e YouTube, livre<\/p>\n<p>Maria Homem, psicanalista e colunista da <strong>Folha<\/strong>, criou um podcast inspirado no livro hom\u00f4nimo de Contardo Calligaris, seu marido, morto em 2021. O programa promove conversas aprofundadas sobre o Brasil. No epis\u00f3dio de estreia, ela recebe o economista e escritor Eduardo Giannetti.<\/p>\n<p>Um Pai para Minha Filha<\/p>\n<p><strong>Onde ver:<\/strong> Looke, livre<\/p>\n<p>Desde que a m\u00e3e morreu, a menina Georgie vive sozinha e feliz em um apartamento no sub\u00farbio de Londres. A vida dela muda drasticamente quando o pai que nunca conheceu, vivido por Harris Dickinson, aparece e ela precisa confrontar a realidade.<\/p>\n<p>Raiz &#8211; Arte Afro-Brasileira Contempor\u00e2nea<\/p>\n<p><strong>Onde ver:<\/strong> Curta!, 18h, livre<\/p>\n<p>Com curadoria da artista Rosana Paulino, a s\u00e9rie revela a trajet\u00f3ria de 20 artistas negros do Brasil, autores de trabalhos que trazem novas abordagens para quest\u00f5es como racismo, desigualdade, sexualidade, religiosidade e arte.<\/p>\n<p>De Volta para o Futuro<\/p>\n<p><strong>Onde ver:<\/strong> Telecine Cult, a partir de 20h, 12 anos<\/p>\n<p>Exibi\u00e7\u00e3o em sequ\u00eancia dos tr\u00eas filmes de Robert Zemeckis sobre as viagens no tempo do jovem Marty McFly, papel de Michael J. Fox. No primeiro, ele viaja de 1985 para 1955 para garantir que os pais se apaixonem. No segundo, \u00e0s 22h, vai para 2015 corrigir os problemas dos filhos. E, no terceiro, \u00e0s 23h50, viaja para o velho oeste.<\/p>\n<p>Provoca<\/p>\n<p><strong>Onde ver:<\/strong> <a href=\"https:\/\/www1.folha.uol.com.br\/folha-topicos\/tv-cultura\/\" rel=\"nofollow noopener\" target=\"_blank\">TV Cultura<\/a>, 22h, livre<\/p>\n<p>O jornalista e editor Matinas Suzuki J\u00fanior \u00e9 o entrevistado de <a href=\"https:\/\/www1.folha.uol.com.br\/folha-topicos\/marcelo-tas\/\" rel=\"nofollow noopener\" target=\"_blank\">Marcelo Tas<\/a> nesta semana. Ele fala de sua trajet\u00f3ria de 16 anos na <strong>Folha<\/strong>, dos aprendizados como apresentador do programa <a href=\"https:\/\/www1.folha.uol.com.br\/folha-topicos\/roda-viva\/\" rel=\"nofollow noopener\" target=\"_blank\">Roda Viva<\/a>, do conservadorismo e da censura nas redes sociais.<\/p>\n","protected":false},"excerpt":{"rendered":"Estreia nas lojas digitais &#8220;A Grande Viagem da sua Vida&#8221;, a f\u00e1bula rom\u00e2ntica protagonizada por Colin Farrell e&hellip;\n","protected":false},"author":2,"featured_media":138569,"comment_status":"","ping_status":"","sticky":false,"template":"","format":"standard","meta":{"footnotes":""},"categories":[142],"tags":[12880,30896,30894,470,19419,30898,7339,114,115,236,6704,17687,12384,30895,30900,32,30899,30901,33,20825,30897,16624,1030,4483,6108,151,8406,600,15858],"class_list":{"0":"post-138568","1":"post","2":"type-post","3":"status-publish","4":"format-standard","5":"has-post-thumbnail","7":"category-tv","8":"tag-anos-80","9":"tag-babygirl","10":"tag-brasil-no-diva","11":"tag-cinema","12":"tag-colin-farrell","13":"tag-cqc","14":"tag-de-volta-para-o-futuro","15":"tag-entertainment","16":"tag-entretenimento","17":"tag-folha","18":"tag-harris-dickinson","19":"tag-marcelo-tas","20":"tag-margot-robbie","21":"tag-maria-homem","22":"tag-papo-de-segunda","23":"tag-portugal","24":"tag-professor-tiburcio","25":"tag-provocacoes","26":"tag-pt","27":"tag-roda-viva","28":"tag-rosana-paulino","29":"tag-round-6","30":"tag-saude-mental","31":"tag-sus","32":"tag-terapia","33":"tag-tv","34":"tag-tv-cultura","35":"tag-veja-video","36":"tag-vera-magalhaes"},"share_on_mastodon":{"url":"https:\/\/pubeurope.com\/@pt\/115488463470320461","error":""},"_links":{"self":[{"href":"https:\/\/www.europesays.com\/pt\/wp-json\/wp\/v2\/posts\/138568","targetHints":{"allow":["GET"]}}],"collection":[{"href":"https:\/\/www.europesays.com\/pt\/wp-json\/wp\/v2\/posts"}],"about":[{"href":"https:\/\/www.europesays.com\/pt\/wp-json\/wp\/v2\/types\/post"}],"author":[{"embeddable":true,"href":"https:\/\/www.europesays.com\/pt\/wp-json\/wp\/v2\/users\/2"}],"replies":[{"embeddable":true,"href":"https:\/\/www.europesays.com\/pt\/wp-json\/wp\/v2\/comments?post=138568"}],"version-history":[{"count":0,"href":"https:\/\/www.europesays.com\/pt\/wp-json\/wp\/v2\/posts\/138568\/revisions"}],"wp:featuredmedia":[{"embeddable":true,"href":"https:\/\/www.europesays.com\/pt\/wp-json\/wp\/v2\/media\/138569"}],"wp:attachment":[{"href":"https:\/\/www.europesays.com\/pt\/wp-json\/wp\/v2\/media?parent=138568"}],"wp:term":[{"taxonomy":"category","embeddable":true,"href":"https:\/\/www.europesays.com\/pt\/wp-json\/wp\/v2\/categories?post=138568"},{"taxonomy":"post_tag","embeddable":true,"href":"https:\/\/www.europesays.com\/pt\/wp-json\/wp\/v2\/tags?post=138568"}],"curies":[{"name":"wp","href":"https:\/\/api.w.org\/{rel}","templated":true}]}}