{"id":138572,"date":"2025-11-04T00:01:09","date_gmt":"2025-11-04T00:01:09","guid":{"rendered":"https:\/\/www.europesays.com\/pt\/138572\/"},"modified":"2025-11-04T00:01:09","modified_gmt":"2025-11-04T00:01:09","slug":"dormir-de-lado-ou-de-costas-especialista-de-harvard-analisa-pros-e-contras-dessas-posicoes","status":"publish","type":"post","link":"https:\/\/www.europesays.com\/pt\/138572\/","title":{"rendered":"Dormir de lado ou de costas? Especialista de Harvard analisa pr\u00f3s e contras dessas posi\u00e7\u00f5es"},"content":{"rendered":"<p data-component-name=\"paragraph\" class=\"styles__ParagraphStyled-sc-6adecn-0 gsLklW  \">Ningu\u00e9m contesta a import\u00e2ncia de um <a href=\"https:\/\/www.estadao.com.br\/tudo-sobre\/sono\/\" target=\"_blank\" rel=\"nofollow noopener\" title=\"https:\/\/www.estadao.com.br\/tudo-sobre\/sono\/\"><strong>sono<\/strong><\/a> profundo; \u00e9 essencial para a mente, o corpo e a alma. Mas pergunte qual \u00e9 a melhor posi\u00e7\u00e3o para dormir e voc\u00ea provavelmente encontrar\u00e1 opini\u00f5es divergentes. <\/p>\n<p data-component-name=\"paragraph\" class=\"styles__ParagraphStyled-sc-6adecn-0 gsLklW  \">A maioria das pessoas tem uma posi\u00e7\u00e3o favorita para dormir \u2014 uma escolha que depende da idade, tamanho, peso, colch\u00e3o, travesseiros e se compartilham a mesma cama \u2014 mas poucas pensam em como isso pode ser importante para a sa\u00fade, diz um especialista de Harvard. A posi\u00e7\u00e3o em que voc\u00ea dorme, no entanto, pode influenciar n\u00e3o apenas a qualidade do seu sono, mas tamb\u00e9m certas condi\u00e7\u00f5es de sa\u00fade \u2014 algumas delas graves.<\/p>\n<p><img  loading=\"lazy\" class=\"lazy-load-img\"\/><\/p>\n<p>Dormir de bru\u00e7os n\u00e3o \u00e9 uma posi\u00e7\u00e3o recomendada para a maioria das pessoas\u00a0Foto:  deagreez\/Adobe Stock<\/p>\n<p>Mais de 60% dos adultos dormem de lado, tornando essa a posi\u00e7\u00e3o mais comum, enquanto dormir de costas \u00e9 a segunda op\u00e7\u00e3o mais popular, de acordo com a <a href=\"https:\/\/www.sleepfoundation.org\/\" target=\"_blank\" rel=\"nofollow noopener\" title=\"https:\/\/www.sleepfoundation.org\/\"><strong>Sleep Foundation<\/strong><\/a>, uma organiza\u00e7\u00e3o que fornece informa\u00e7\u00f5es cient\u00edficas, recursos e orienta\u00e7\u00e3o especializada para ajudar as pessoas a melhorar a sa\u00fade do sono. Dormir de bru\u00e7os, por sua vez, pode causar problemas de sa\u00fade e n\u00e3o \u00e9 recomendado para a maioria das pessoas, afirma a entidade.<\/p>\n<p>Mas mesmo que voc\u00ea diga que dorme de lado ou de costas, sua percep\u00e7\u00e3o pode estar errada, diz John Winkelman, professor de <a href=\"https:\/\/www.estadao.com.br\/tudo-sobre\/psiquiatria\/\" target=\"_blank\" rel=\"nofollow noopener\" title=\"https:\/\/www.estadao.com.br\/tudo-sobre\/psiquiatria\/\"><strong>psiquiatria<\/strong><\/a> no Departamento de Medicina do Sono da Faculdade de Medicina de <a href=\"https:\/\/www.estadao.com.br\/tudo-sobre\/harvard\/\" target=\"_blank\" rel=\"nofollow noopener\" title=\"https:\/\/www.estadao.com.br\/tudo-sobre\/harvard\/\"><strong>Harvard<\/strong><\/a>.<\/p>\n<p data-component-name=\"paragraph\" class=\"styles__ParagraphStyled-sc-6adecn-0 gsLklW  \">\u201cJ\u00e1 interpretei milhares de estudos do sono, e raramente se v\u00ea algu\u00e9m dormindo na mesma posi\u00e7\u00e3o a noite toda\u201d, diz ele. \u201cTodos n\u00f3s temos ciclos de sono de 90 minutos e, quando mudamos de est\u00e1gio do sono, muitas vezes intercalamos essas mudan\u00e7as com uma altera\u00e7\u00e3o de posi\u00e7\u00e3o.\u201d<\/p>\n<p data-component-name=\"paragraph\" class=\"styles__ParagraphStyled-sc-6adecn-0 gsLklW  \">Os sintomas que caracterizam uma variedade de condi\u00e7\u00f5es de sa\u00fade podem ser influenciados pela maneira como dormimos. Aqui, Winkelman analisa os pr\u00f3s e contras das duas posi\u00e7\u00f5es mais populares.<\/p>\n<p>Benef\u00edcios e desvantagens de dormir de lado<\/p>\n<p data-component-name=\"paragraph\" class=\"styles__ParagraphStyled-sc-6adecn-0 gsLklW  \">Dormir de lado \u00e9 considerado a posi\u00e7\u00e3o ideal para respirar, ajudando a manter as vias a\u00e9reas abertas. Isso pode <a href=\"https:\/\/www.estadao.com.br\/saude\/roncar-e-normal-veja-quando-pode-ser-uma-preocupacao-de-saude\/\" target=\"_blank\" rel=\"nofollow noopener\" title=\"https:\/\/www.estadao.com.br\/saude\/roncar-e-normal-veja-quando-pode-ser-uma-preocupacao-de-saude\/\"><strong>reduzir o ronco<\/strong><\/a> e atenuar a apneia do sono, j\u00e1 que a l\u00edngua e outros tecidos moles n\u00e3o relaxam na parte posterior da garganta (veja mais abaixo sinais incomuns de <a href=\"https:\/\/www.estadao.com.br\/saude\/apneia-do-sono-acelera-o-processo-de-envelhecimento-entenda\/\" target=\"_blank\" rel=\"nofollow noopener\" title=\"https:\/\/www.estadao.com.br\/saude\/apneia-do-sono-acelera-o-processo-de-envelhecimento-entenda\/\"><strong>apneia do sono<\/strong><\/a>).<\/p>\n<p data-component-name=\"paragraph\" class=\"styles__ParagraphStyled-sc-6adecn-0 gsLklW  \">Dormir sobre o lado esquerdo previne o refluxo gastroesof\u00e1gico, que ocorre quando o \u00e1cido estomacal retorna ao es\u00f4fago e que tende a piorar \u00e0 noite. Essa posi\u00e7\u00e3o dificulta a passagem do \u00e1cido estomacal pelo esf\u00edncter para as vias a\u00e9reas.<\/p>\n<ul>\n<li class=\" \"><b>\u00c9 uma boa op\u00e7\u00e3o durante a gravidez<\/b><\/li>\n<\/ul>\n<p data-component-name=\"paragraph\" class=\"styles__ParagraphStyled-sc-6adecn-0 gsLklW  \">Dormir de lado (especialmente do lado esquerdo) promove o fluxo sangu\u00edneo ideal para o \u00fatero e evita o incha\u00e7o nas pernas e tornozelos, de acordo com o Col\u00e9gio Americano de Obstetras e Ginecologistas.<\/p>\n<ul>\n<li class=\" \"><b>Pode agravar a dor nas articula\u00e7\u00f5es<\/b><\/li>\n<\/ul>\n<p>A coluna n\u00e3o fica bem alinhada quando voc\u00ea dorme de lado, o que pode concentrar a press\u00e3o que provoca <a href=\"https:\/\/www.estadao.com.br\/saude\/7-coisas-que-voce-precisa-saber-sobre-dor-nas-costas\/\" target=\"_blank\" rel=\"nofollow noopener\" title=\"https:\/\/www.estadao.com.br\/saude\/7-coisas-que-voce-precisa-saber-sobre-dor-nas-costas\/\"><strong>dor no pesco\u00e7o, nas costas<\/strong><\/a> ou nos quadris. E se voc\u00ea adormece apoiado em um bra\u00e7o, ele pode ficar dormente. \u201cPessoas com problemas ortop\u00e9dicos, principalmente no ombro, muitas vezes n\u00e3o conseguem dormir sobre o lado afetado por muito tempo porque d\u00f3i\u201d, diz Winkelman.<\/p>\n<p><img  loading=\"lazy\" class=\"lazy-load-img\"\/><\/p>\n<p>Dormir de lado ajuda a respirar melhor e evita o refluxo gastroesof\u00e1gico\u00a0Foto:  Kampus\/Adobe Stock<\/p>\n<p>Sinais incomuns de apneia do sono<\/p>\n<p data-component-name=\"paragraph\" class=\"styles__ParagraphStyled-sc-6adecn-0 gsLklW  \">Ronco alto. Respira\u00e7\u00e3o ofegante. Engasgo. Esses s\u00e3o os sintomas mais comuns da apneia do sono.<\/p>\n<p data-component-name=\"paragraph\" class=\"styles__ParagraphStyled-sc-6adecn-0 gsLklW  \"><a href=\"https:\/\/www.estadao.com.br\/saude\/uso-de-mounjaro-contra-apneia-obstrutiva-do-sono-e-aprovado-pela-anvisa-nprm\/\" target=\"_blank\" rel=\"nofollow noopener\" title=\"https:\/\/www.estadao.com.br\/saude\/uso-de-mounjaro-contra-apneia-obstrutiva-do-sono-e-aprovado-pela-anvisa-nprm\/\"><strong>Marcada por frequentes lapsos respirat\u00f3rios durante o sono<\/strong><\/a>, a apneia do sono est\u00e1 associada a uma s\u00e9rie de complica\u00e7\u00f5es graves de sa\u00fade, incluindo fadiga diurna, press\u00e3o alta, problemas card\u00edacos, <a href=\"https:\/\/www.estadao.com.br\/tudo-sobre\/diabete\/\" target=\"_blank\" rel=\"nofollow noopener\" title=\"https:\/\/www.estadao.com.br\/tudo-sobre\/diabete\/\"><strong>diabetes<\/strong><\/a> e morte prematura.<\/p>\n<p>Mas a apneia do sono tamb\u00e9m pode se manifestar com sinais incomuns que podem se confundir com o contexto, diz Winkelman. Eles incluem:<\/p>\n<ul>\n<li class=\" \">dor de cabe\u00e7a matinal;<\/li>\n<li class=\" \">boca seca;<\/li>\n<li class=\" \">altera\u00e7\u00f5es de humor, como irritabilidade ou depress\u00e3o;<\/li>\n<li class=\" \">refluxo;<\/li>\n<li class=\" \">mic\u00e7\u00e3o noturna frequente.<\/li>\n<\/ul>\n<p>O que todos esses sintomas t\u00eam em comum? Eles s\u00e3o inespec\u00edficos, o que significa que podem estar ligados a uma variedade de problemas de sa\u00fade \u2014 alguns deles inofensivos, diz Winkelman. Claramente, isso representa um dilema: como algu\u00e9m com um ou mais desses sinais pode saber se a apneia do sono pode ser a verdadeira culpada?<\/p>\n<p data-component-name=\"paragraph\" class=\"styles__ParagraphStyled-sc-6adecn-0 gsLklW  \">O segredo \u00e9 procurar uma combina\u00e7\u00e3o de sintomas, ensina o m\u00e9dico. Voc\u00ea deve desconfiar se o ronco alto estiver associado a qualquer um dos sintomas acima ou a sonol\u00eancia diurna, <a href=\"https:\/\/www.estadao.com.br\/tudo-sobre\/hipertensao-arterial\/\" target=\"_blank\" rel=\"nofollow noopener\" title=\"https:\/\/www.estadao.com.br\/tudo-sobre\/hipertensao-arterial\/\"><strong>press\u00e3o alta<\/strong><\/a> de in\u00edcio recente ou de dif\u00edcil tratamento, ou relatos do seu parceiro de que voc\u00ea para de respirar durante a noite. \u201cEssa \u00e9 provavelmente a estrat\u00e9gia mais confi\u00e1vel\u201d para discernir se os sintomas menos comuns da apneia do sono apontam para o transtorno, afirma Winkelman.<\/p>\n<p data-component-name=\"paragraph\" class=\"styles__ParagraphStyled-sc-6adecn-0 gsLklW  \">Consulte seu m\u00e9dico se alguma dessas combina\u00e7\u00f5es ocorrer. Ele poder\u00e1 recomendar um teste de sono em casa, que envolve o uso de um dispositivo que monitora a respira\u00e7\u00e3o, os n\u00edveis de oxig\u00eanio, o movimento e outros indicadores enquanto voc\u00ea dorme no conforto da sua cama. Alternativamente, ele pode recomendar um estudo do sono em laborat\u00f3rio.<\/p>\n<p>Benef\u00edcios e desvantagens de dormir de costas<\/p>\n<ul>\n<li class=\" \"><b>Mant\u00e9m a coluna mais reta<\/b><\/li>\n<\/ul>\n<p data-component-name=\"paragraph\" class=\"styles__ParagraphStyled-sc-6adecn-0 gsLklW  \">Quem dorme de costas pode sentir menos dores no pesco\u00e7o, nas costas e no quadril pela manh\u00e3, j\u00e1 que a posi\u00e7\u00e3o alivia a press\u00e3o sobre a coluna e as articula\u00e7\u00f5es. Voc\u00ea pode potencializar esses efeitos colocando um pequeno travesseiro sob a lombar ou os joelhos, o que alinha ainda mais a coluna. \u201cPara a maioria das pessoas, dormir de costas evita qualquer for\u00e7a lateral na coluna\u201d, diz Winkelman.<\/p>\n<ul>\n<li class=\" \"><b>Pode intensificar problemas respirat\u00f3rios<\/b><\/li>\n<\/ul>\n<p data-component-name=\"paragraph\" class=\"styles__ParagraphStyled-sc-6adecn-0 gsLklW  \">Dormir de costas \u00e9 considerado uma das piores posi\u00e7\u00f5es para quem ronca, tem apneia do sono ou outros problemas respirat\u00f3rios. \u201cEu digo \u00e0s pessoas com apneia obstrutiva do sono para evitarem dormir de costas\u201d, diz o professor. \u201cTodo o tecido mole da parte posterior da garganta cai para tr\u00e1s. A gravidade n\u00e3o \u00e9 nossa amiga aqui.\u201d<\/p>\n<p data-component-name=\"paragraph\" class=\"styles__ParagraphStyled-sc-6adecn-0 gsLklW  \">Da mesma forma, pessoas com insufici\u00eancia card\u00edaca ou problemas pulmonares \u2014 ou mesmo aquelas que carregam peso extra no tronco \u2014 podem sentir falta de ar se dormirem de costas. \u201cIsso dificulta a expans\u00e3o dos pulm\u00f5es\u201d, diz Winkelman. \u201cPode parecer que algu\u00e9m est\u00e1 sentado no seu peito.\u201d<\/p>\n<p data-component-name=\"paragraph\" class=\"styles__ParagraphStyled-sc-6adecn-0 gsLklW  \">Dormir de costas pode facilitar o refluxo do \u00e1cido estomacal para o es\u00f4fago. \u201cDormir com a parte superior do corpo ligeiramente elevada provavelmente \u00e9 uma atitude inteligente\u201d, diz ele. \u201cDessa forma, a gravidade ajuda.\u201d<\/p>\n<ul>\n<li class=\" \"><b>N\u00e3o \u00e9 recomendado durante a gravidez<\/b><\/li>\n<\/ul>\n<p data-component-name=\"paragraph\" class=\"styles__ParagraphStyled-sc-6adecn-0 gsLklW  \">Especialmente com o crescimento do \u00fatero nos \u00faltimos meses. O Col\u00e9gio Americano de Obstetras e Ginecologistas desaconselha dormir de costas no segundo e terceiro trimestres, pois o peso do feto pode pressionar a coluna e os principais vasos sangu\u00edneos. Dito isso, se voc\u00ea acordar de costas, n\u00e3o se preocupe \u2014 provavelmente acordou porque deitar assim n\u00e3o \u00e9 muito confort\u00e1vel durante a <a href=\"https:\/\/www.estadao.com.br\/tudo-sobre\/gravidez\/\" target=\"_blank\" rel=\"nofollow noopener\" title=\"https:\/\/www.estadao.com.br\/tudo-sobre\/gravidez\/\"><strong>gravidez<\/strong><\/a>. Considere isso como um sinal para virar de lado.<\/p>\n<p>Resultado<\/p>\n<p data-component-name=\"paragraph\" class=\"styles__ParagraphStyled-sc-6adecn-0 gsLklW  \">Ainda est\u00e1 inflex\u00edvel sobre qual \u00e9 a melhor posi\u00e7\u00e3o para dormir? Converse com seu m\u00e9dico se voc\u00ea tiver algum problema de sa\u00fade que possa ser afetado pela sua maneira de dormir. Mas, em \u00faltima an\u00e1lise, n\u00e3o existe uma posi\u00e7\u00e3o \u201cmais saud\u00e1vel\u201d para dormir, diz Winkelman.<\/p>\n<p data-component-name=\"paragraph\" class=\"styles__ParagraphStyled-sc-6adecn-0 gsLklW  \">\u201cProvavelmente temos que individualizar isso\u201d, afirma. \u201cAcho que seu corpo lhe diz o que \u00e9 melhor.\u201d<\/p>\n<p data-component-name=\"paragraph\" class=\"styles__ParagraphStyled-sc-6adecn-0 gsLklW  \"><strong>Aviso<\/strong>: Este conte\u00fado n\u00e3o deve ser usado como substituto de aconselhamento direto do seu m\u00e9dico ou outro profissional de sa\u00fade qualificado.<\/p>\n<p data-component-name=\"paragraph\" class=\"styles__ParagraphStyled-sc-6adecn-0 gsLklW  \">Este conte\u00fado foi traduzido com o aux\u00edlio de ferramentas de Intelig\u00eancia Artificial e revisado por nossa equipe editorial. <a href=\"https:\/\/www.estadao.com.br\/link\/estadao-define-politica-de-uso-de-ferramentas-de-inteligencia-artificial-por-seus-jornalistas-veja\/\" target=\"_blank\" rel=\"nofollow noopener\"><strong>Saiba mais em nossa Pol\u00edtica de IA<\/strong><\/a>.<\/p>\n","protected":false},"excerpt":{"rendered":"Ningu\u00e9m contesta a import\u00e2ncia de um sono profundo; \u00e9 essencial para a mente, o corpo e a alma.&hellip;\n","protected":false},"author":2,"featured_media":138573,"comment_status":"","ping_status":"","sticky":false,"template":"","format":"standard","meta":{"footnotes":""},"categories":[86],"tags":[30902,30903,30904,3615,8581,7482,14766,7760,30905,10670,30906,1098,4031,30907,30908,12595,7768,116,7487,7364,389,183,1101,12598,10762,30909,30910,30911,186,10339,4040,32,33,117,30912,7777,30913,30914,30915,30916,13202,1810,200,7429,5514],"class_list":{"0":"post-138572","1":"post","2":"type-post","3":"status-publish","4":"format-standard","5":"has-post-thumbnail","7":"category-saude","8":"tag-balance","9":"tag-barefoot","10":"tag-bathroom","11":"tag-close-up","12":"tag-closeup","13":"tag-concept","14":"tag-control","15":"tag-copy-space","16":"tag-cropped","17":"tag-diet","18":"tag-feet","19":"tag-female","20":"tag-fitness","21":"tag-floor","22":"tag-foot","23":"tag-gray","24":"tag-grey","25":"tag-health","26":"tag-health-care","27":"tag-healthcare","28":"tag-healthy","29":"tag-home","30":"tag-human","31":"tag-indoor","32":"tag-interior","33":"tag-laminate","34":"tag-leg","35":"tag-legs","36":"tag-lifestyle","37":"tag-loss","38":"tag-one-person","39":"tag-portugal","40":"tag-pt","41":"tag-saude","42":"tag-scales","43":"tag-slim","44":"tag-standing","45":"tag-stepping","46":"tag-tile","47":"tag-weighing","48":"tag-weight","49":"tag-white","50":"tag-woman","51":"tag-wood","52":"tag-young"},"share_on_mastodon":{"url":"https:\/\/pubeurope.com\/@pt\/115488494993315928","error":""},"_links":{"self":[{"href":"https:\/\/www.europesays.com\/pt\/wp-json\/wp\/v2\/posts\/138572","targetHints":{"allow":["GET"]}}],"collection":[{"href":"https:\/\/www.europesays.com\/pt\/wp-json\/wp\/v2\/posts"}],"about":[{"href":"https:\/\/www.europesays.com\/pt\/wp-json\/wp\/v2\/types\/post"}],"author":[{"embeddable":true,"href":"https:\/\/www.europesays.com\/pt\/wp-json\/wp\/v2\/users\/2"}],"replies":[{"embeddable":true,"href":"https:\/\/www.europesays.com\/pt\/wp-json\/wp\/v2\/comments?post=138572"}],"version-history":[{"count":0,"href":"https:\/\/www.europesays.com\/pt\/wp-json\/wp\/v2\/posts\/138572\/revisions"}],"wp:featuredmedia":[{"embeddable":true,"href":"https:\/\/www.europesays.com\/pt\/wp-json\/wp\/v2\/media\/138573"}],"wp:attachment":[{"href":"https:\/\/www.europesays.com\/pt\/wp-json\/wp\/v2\/media?parent=138572"}],"wp:term":[{"taxonomy":"category","embeddable":true,"href":"https:\/\/www.europesays.com\/pt\/wp-json\/wp\/v2\/categories?post=138572"},{"taxonomy":"post_tag","embeddable":true,"href":"https:\/\/www.europesays.com\/pt\/wp-json\/wp\/v2\/tags?post=138572"}],"curies":[{"name":"wp","href":"https:\/\/api.w.org\/{rel}","templated":true}]}}