{"id":138584,"date":"2025-11-04T00:12:55","date_gmt":"2025-11-04T00:12:55","guid":{"rendered":"https:\/\/www.europesays.com\/pt\/138584\/"},"modified":"2025-11-04T00:12:55","modified_gmt":"2025-11-04T00:12:55","slug":"solteira-ines-morais-abre-as-portas-da-nova-casa-em-lisboa-e-mostra-os-detalhes-secret-story","status":"publish","type":"post","link":"https:\/\/www.europesays.com\/pt\/138584\/","title":{"rendered":"Solteira, In\u00eas Morais abre as portas da nova casa em Lisboa e mostra os detalhes &#8211; Secret Story"},"content":{"rendered":"<p style=\"margin-bottom:11px\">In\u00eas Morais tem motivos para sorrir. A vencedora do Big Brother 2024 e do Desafio Final mudou-se para Lisboa e tem agora a sua pr\u00f3pria casa. Atrav\u00e9s do seu Instagram oficial, In\u00eas Morais mostrou algumas divis\u00f5es e detalhes da sua casa nova.<\/p>\n<p>\u00abMudei-me oficialmente e esta \u00e9 a minha casinha dos pr\u00f3ximos tempos\u00bb, anunciou, acrescentando a localiza\u00e7\u00e3o Lisboa. \u00abEstou muito feliz\u00bb, constatou. \u00a0<\/p>\n<p>Rela\u00e7\u00e3o com Pedrinho chegou ao fim\u00a0 <\/p>\n<p style=\"margin-bottom:11px\"><strong>In\u00eas Morais<\/strong> est\u00e1 solteira. A comentadora da TVI j\u00e1 confirmou que o namoro com Pedrinho chegou ao fim. In\u00eas Morais garante que o fim da rela\u00e7\u00e3o foi pacifico e que terminou tudo a bem. Contudo, recusou-se a avan\u00e7ar mais pormenores, explicando que pretende reservar na privacidade este assunto da sua vida.<\/p>\n<p><a href=\"https:\/\/tvi.iol.pt\/bigbrother\/ines-morais\/pedrinho\/a-historia-de-como-ines-morais-e-o-pedrinho-se-conheram-a-nossa-relacao-e-muito-especial-saiba-tudo\" rel=\"nofollow noopener\" target=\"_blank\">In\u00eas Pedrinho e Pedrinho\u00a0conheceram-se em Coimbra<\/a>, onde frequentavam o mesmo curso na Universidade de Sociologia. Foi atrav\u00e9s de um \u00abamigo em comum\u00bb que os dois se conheceram.<\/p>\n<p>Apesar de manter sempre a rela\u00e7\u00e3o reservada, In\u00eas Morais chegou a dar declara\u00e7\u00f5es sobre o namoro. \u00abPara mim, a principal coisa no in\u00edcio foi o facto de ele ser a pessoa mais engra\u00e7ada do mundo. Eu ria-me tanto com ele. No sentido de humor identificava-me tanto\u00bb.\u00a0<\/p>\n","protected":false},"excerpt":{"rendered":"In\u00eas Morais tem motivos para sorrir. A vencedora do Big Brother 2024 e do Desafio Final mudou-se para&hellip;\n","protected":false},"author":2,"featured_media":138585,"comment_status":"","ping_status":"","sticky":false,"template":"","format":"standard","meta":{"footnotes":""},"categories":[142],"tags":[18706,2019,114,115,18705,6520,32,33,151,18704],"class_list":{"0":"post-138584","1":"post","2":"type-post","3":"status-publish","4":"format-standard","5":"has-post-thumbnail","7":"category-tv","8":"tag-bastidores-secret-story","9":"tag-casa","10":"tag-entertainment","11":"tag-entretenimento","12":"tag-entrevistas-concorrentes-tvi","13":"tag-ines-morais","14":"tag-portugal","15":"tag-pt","16":"tag-tv","17":"tag-vida-fora-da-casa"},"share_on_mastodon":{"url":"https:\/\/pubeurope.com\/@pt\/115488542119786398","error":""},"_links":{"self":[{"href":"https:\/\/www.europesays.com\/pt\/wp-json\/wp\/v2\/posts\/138584","targetHints":{"allow":["GET"]}}],"collection":[{"href":"https:\/\/www.europesays.com\/pt\/wp-json\/wp\/v2\/posts"}],"about":[{"href":"https:\/\/www.europesays.com\/pt\/wp-json\/wp\/v2\/types\/post"}],"author":[{"embeddable":true,"href":"https:\/\/www.europesays.com\/pt\/wp-json\/wp\/v2\/users\/2"}],"replies":[{"embeddable":true,"href":"https:\/\/www.europesays.com\/pt\/wp-json\/wp\/v2\/comments?post=138584"}],"version-history":[{"count":0,"href":"https:\/\/www.europesays.com\/pt\/wp-json\/wp\/v2\/posts\/138584\/revisions"}],"wp:featuredmedia":[{"embeddable":true,"href":"https:\/\/www.europesays.com\/pt\/wp-json\/wp\/v2\/media\/138585"}],"wp:attachment":[{"href":"https:\/\/www.europesays.com\/pt\/wp-json\/wp\/v2\/media?parent=138584"}],"wp:term":[{"taxonomy":"category","embeddable":true,"href":"https:\/\/www.europesays.com\/pt\/wp-json\/wp\/v2\/categories?post=138584"},{"taxonomy":"post_tag","embeddable":true,"href":"https:\/\/www.europesays.com\/pt\/wp-json\/wp\/v2\/tags?post=138584"}],"curies":[{"name":"wp","href":"https:\/\/api.w.org\/{rel}","templated":true}]}}