{"id":138586,"date":"2025-11-04T00:15:19","date_gmt":"2025-11-04T00:15:19","guid":{"rendered":"https:\/\/www.europesays.com\/pt\/138586\/"},"modified":"2025-11-04T00:15:19","modified_gmt":"2025-11-04T00:15:19","slug":"tragedia-na-servia-treinador-morre-minutos-apos-colapsar-em-pleno-jogo","status":"publish","type":"post","link":"https:\/\/www.europesays.com\/pt\/138586\/","title":{"rendered":"Trag\u00e9dia na S\u00e9rvia: treinador morre minutos ap\u00f3s colapsar em pleno jogo"},"content":{"rendered":"<p>Mladen Zizovic, treinador do Radni\u010dki Kragujevac, equipa da primeira divis\u00e3o da S\u00e9rvia, morreu em pleno jogo.<\/p>\n<p>O t\u00e9cnico de 44 anos colapsou por volta do minuto 20 do jogo fora de casa com Mladost Lucani (o conjunto anfitri\u00e3o vencia por 2-0), foi assistido e levado para um hospital, mas morreu ainda durante o transporte na ambul\u00e2ncia. Ao receber a not\u00edcia, o \u00e1rbitro encerrou a partida por volta dos 40 minutos.<\/p>\n<p>Ato cont\u00ednuo, jogadores e elementos do staff de ambas as equipas levaram as m\u00e3os \u00e0 cabe\u00e7a e deitaram-se no relvado, num momento de profundo choque generalizado.<\/p>\n<p>Natural da B\u00f3snia, Mladen Zizovic deixa tr\u00eas filhos \u00f3rf\u00e3os.<\/p>\n<p>O\u00a0Radni\u010dki Kragujevac tem dois portugueses no plantel: Ant\u00f3nio Gomes (ex-Oliveirense) e Alfa Bald\u00e9 (ex-FC Porto e Benfica), que estava em campo.<\/p>\n","protected":false},"excerpt":{"rendered":"Mladen Zizovic, treinador do Radni\u010dki Kragujevac, equipa da primeira divis\u00e3o da S\u00e9rvia, morreu em pleno jogo. O t\u00e9cnico&hellip;\n","protected":false},"author":2,"featured_media":138587,"comment_status":"","ping_status":"","sticky":false,"template":"","format":"standard","meta":{"footnotes":""},"categories":[87],"tags":[135,82,46,30918,32,33,47,30917,7996,134,7343],"class_list":{"0":"post-138586","1":"post","2":"type-post","3":"status-publish","4":"format-standard","5":"has-post-thumbnail","7":"category-desporto","8":"tag-desporto","9":"tag-internacional","10":"tag-maisfutebol","11":"tag-mladen-zizovic","12":"tag-portugal","13":"tag-pt","14":"tag-pura-paixao","15":"tag-radnicki-kragujevac","16":"tag-servia","17":"tag-sports","18":"tag-tragedia"},"share_on_mastodon":{"url":"https:\/\/pubeurope.com\/@pt\/115488550057328588","error":""},"_links":{"self":[{"href":"https:\/\/www.europesays.com\/pt\/wp-json\/wp\/v2\/posts\/138586","targetHints":{"allow":["GET"]}}],"collection":[{"href":"https:\/\/www.europesays.com\/pt\/wp-json\/wp\/v2\/posts"}],"about":[{"href":"https:\/\/www.europesays.com\/pt\/wp-json\/wp\/v2\/types\/post"}],"author":[{"embeddable":true,"href":"https:\/\/www.europesays.com\/pt\/wp-json\/wp\/v2\/users\/2"}],"replies":[{"embeddable":true,"href":"https:\/\/www.europesays.com\/pt\/wp-json\/wp\/v2\/comments?post=138586"}],"version-history":[{"count":0,"href":"https:\/\/www.europesays.com\/pt\/wp-json\/wp\/v2\/posts\/138586\/revisions"}],"wp:featuredmedia":[{"embeddable":true,"href":"https:\/\/www.europesays.com\/pt\/wp-json\/wp\/v2\/media\/138587"}],"wp:attachment":[{"href":"https:\/\/www.europesays.com\/pt\/wp-json\/wp\/v2\/media?parent=138586"}],"wp:term":[{"taxonomy":"category","embeddable":true,"href":"https:\/\/www.europesays.com\/pt\/wp-json\/wp\/v2\/categories?post=138586"},{"taxonomy":"post_tag","embeddable":true,"href":"https:\/\/www.europesays.com\/pt\/wp-json\/wp\/v2\/tags?post=138586"}],"curies":[{"name":"wp","href":"https:\/\/api.w.org\/{rel}","templated":true}]}}