{"id":138590,"date":"2025-11-04T00:17:29","date_gmt":"2025-11-04T00:17:29","guid":{"rendered":"https:\/\/www.europesays.com\/pt\/138590\/"},"modified":"2025-11-04T00:17:29","modified_gmt":"2025-11-04T00:17:29","slug":"isto-foi-10-10-e-por-isso-vale-a-pena-ir-jantar-a-rio-maior","status":"publish","type":"post","link":"https:\/\/www.europesays.com\/pt\/138590\/","title":{"rendered":"&#8220;Isto foi 10\/10&#8221; e por isso vale a pena ir jantar a Rio Maior"},"content":{"rendered":"<p>Quando queremos jantar fora, corremos a lista de restaurantes guardados nas redes sociais \u00e0 procura de algum que fa\u00e7a fit com o grupo que se vai juntar. A dist\u00e2ncia tem sempre influ\u00eancia na decis\u00e3o, bem sabemos, mas podemos dizer que o restaurante Recant\u00e3o em Rio Maior, vale a pena a viagem.\u00a0<\/p>\n<p>Descobrimos este restaurante \u00e0 boleia da digital influencer Mariana Braz\u00e3o Alves, que partilha no TikTok v\u00e1rias dicas de sitios a visitar, maioritariamente dentro de Lisboa. No entanto, para se ter deslocado at\u00e9 Rio Maior, parece que \u00e9 porque vale mesmo a pena.\u00a0<\/p>\n<p>Foi at\u00e9 ao Recant\u00e3o, restaurante de cozinha tradicional portuguesa em que um dos grandes best sellers s\u00e3o as carnes na brasa, acompanhadas de batata frita e de arroz de feij\u00e3o.\u00a0<\/p>\n<p>Pod\u00edamos dizer que h\u00e1 muito mais para provar, mas a verdade \u00e9 que a carta deste restaurante \u00e9 curta, o que por uns \u00e9 apontado como defeito, como se pode ler nos <a href=\"https:\/\/www.tripadvisor.pt\/Restaurant_Review-g1190913-d7045991-Reviews-Recantao-Rio_Maior_Santarem_District_Central_Portugal.html\" target=\"_blank\" rel=\"nofollow noopener\">coment\u00e1rios do TripAdvisor<\/a>, e por outros, mais indecisos, como uma vantagem.<\/p>\n<p>Para os que preferem um prato diferente \u00e0 carne grelhada, grande parte servida em doses duplas, tem o Galo de Cabidela e tamb\u00e9m o Bacalhau \u00e0 Br\u00e1s entre as op\u00e7\u00f5es.\u00a0<\/p>\n<p>Depois de experimentar tudo o que veio para a mesa, incluindo as sobremesas, Mariana\u00a0Braz\u00e3o Alves deu a sua avalia\u00e7\u00e3o final sobre este restaurante.\u00a0&#8220;Isto foi 10\/10. Ora fica a dica&#8221;. E ficam tamb\u00e9m as imagens na galeria acima.\u00a0<\/p>\n<p>Recant\u00e3o<br \/>\nLocaliza\u00e7\u00e3o:\u00a0Av. dos Combatentes, 2040-344 Rio Maior<br \/>\nHor\u00e1rio: segunda-feira a s\u00e1bado, das 12h30 \u00e0s 14h30 e das 7h30 \u00e0s 22h00<br \/>\nReservas: 965 650 852 <\/p>\n<p>\u00a0<\/p>\n","protected":false},"excerpt":{"rendered":"Quando queremos jantar fora, corremos a lista de restaurantes guardados nas redes sociais \u00e0 procura de algum que&hellip;\n","protected":false},"author":2,"featured_media":138591,"comment_status":"","ping_status":"","sticky":false,"template":"","format":"standard","meta":{"footnotes":""},"categories":[85],"tags":[1081,30919,204,114,115,754,186,1079,32,33,759,9240,1078,1080],"class_list":{"0":"post-138590","1":"post","2":"type-post","3":"status-publish","4":"format-standard","5":"has-post-thumbnail","7":"category-entretenimento","8":"tag-beleza","9":"tag-comida-portuguesa","10":"tag-design","11":"tag-entertainment","12":"tag-entretenimento","13":"tag-gastronomia","14":"tag-lifestyle","15":"tag-moda","16":"tag-portugal","17":"tag-pt","18":"tag-restaurante","19":"tag-rio-maior","20":"tag-versa","21":"tag-viagens"},"share_on_mastodon":{"url":"https:\/\/pubeurope.com\/@pt\/115488558435293618","error":""},"_links":{"self":[{"href":"https:\/\/www.europesays.com\/pt\/wp-json\/wp\/v2\/posts\/138590","targetHints":{"allow":["GET"]}}],"collection":[{"href":"https:\/\/www.europesays.com\/pt\/wp-json\/wp\/v2\/posts"}],"about":[{"href":"https:\/\/www.europesays.com\/pt\/wp-json\/wp\/v2\/types\/post"}],"author":[{"embeddable":true,"href":"https:\/\/www.europesays.com\/pt\/wp-json\/wp\/v2\/users\/2"}],"replies":[{"embeddable":true,"href":"https:\/\/www.europesays.com\/pt\/wp-json\/wp\/v2\/comments?post=138590"}],"version-history":[{"count":0,"href":"https:\/\/www.europesays.com\/pt\/wp-json\/wp\/v2\/posts\/138590\/revisions"}],"wp:featuredmedia":[{"embeddable":true,"href":"https:\/\/www.europesays.com\/pt\/wp-json\/wp\/v2\/media\/138591"}],"wp:attachment":[{"href":"https:\/\/www.europesays.com\/pt\/wp-json\/wp\/v2\/media?parent=138590"}],"wp:term":[{"taxonomy":"category","embeddable":true,"href":"https:\/\/www.europesays.com\/pt\/wp-json\/wp\/v2\/categories?post=138590"},{"taxonomy":"post_tag","embeddable":true,"href":"https:\/\/www.europesays.com\/pt\/wp-json\/wp\/v2\/tags?post=138590"}],"curies":[{"name":"wp","href":"https:\/\/api.w.org\/{rel}","templated":true}]}}