{"id":138598,"date":"2025-11-04T00:23:11","date_gmt":"2025-11-04T00:23:11","guid":{"rendered":"https:\/\/www.europesays.com\/pt\/138598\/"},"modified":"2025-11-04T00:23:11","modified_gmt":"2025-11-04T00:23:11","slug":"piovani-critica-wanessa-e-carolina-dieckmann-03-11-2025-celebridades","status":"publish","type":"post","link":"https:\/\/www.europesays.com\/pt\/138598\/","title":{"rendered":"Piovani critica Wanessa e Carolina Dieckmann &#8211; 03\/11\/2025 &#8211; Celebridades"},"content":{"rendered":"<p>\n<strong class=\"c-signature__location\">S\u00e3o Paulo<\/strong>\n<\/p>\n<p><a href=\"https:\/\/www1.folha.uol.com.br\/folha-topicos\/luana-piovani\/\" rel=\"nofollow noopener\" target=\"_blank\">Luana Piovani<\/a> voltou a criticar <a href=\"https:\/\/www1.folha.uol.com.br\/folha-topicos\/wanessa-camargo\/\" rel=\"nofollow noopener\" target=\"_blank\">Wanessa Camargo<\/a> e <a href=\"https:\/\/www1.folha.uol.com.br\/folha-topicos\/carolina-dieckmann\/\" rel=\"nofollow noopener\" target=\"_blank\">Carolina Dieckmann<\/a> em uma publica\u00e7\u00e3o sobre <a href=\"https:\/\/www1.folha.uol.com.br\/folha-topicos\/dado-dolabella\/\" rel=\"nofollow noopener\" target=\"_blank\">Dado Dolabella<\/a>. A atriz compartilhou um trecho da entrevista exibida pelo Domingo Espetacular, em que Marcella Tomaszewski \u2014atual namorada do ator\u2014 nega ter sido agredida, e disparou: &#8220;O inferno tem um lugar especial para essas monas machistas que s\u00f3 passam pano para desgra\u00e7ado.&#8221;<\/p>\n","protected":false},"excerpt":{"rendered":"S\u00e3o Paulo Luana Piovani voltou a criticar Wanessa Camargo e Carolina Dieckmann em uma publica\u00e7\u00e3o sobre Dado Dolabella.&hellip;\n","protected":false},"author":2,"featured_media":138599,"comment_status":"","ping_status":"","sticky":false,"template":"","format":"standard","meta":{"footnotes":""},"categories":[145],"tags":[219,4342,211,210,223,12683,114,115,224,225,226,221,220,222,4585,32,33,218,228,227,4981],"class_list":{"0":"post-138598","1":"post","2":"type-post","3":"status-publish","4":"format-standard","5":"has-post-thumbnail","7":"category-celebridades","8":"tag-bichos","9":"tag-carolina-dieckmann","10":"tag-celebridades","11":"tag-celebrities","12":"tag-colunistas","13":"tag-dado-dolabella","14":"tag-entertainment","15":"tag-entretenimento","16":"tag-estranho","17":"tag-eu-amo","18":"tag-fofices","19":"tag-horoscopo","20":"tag-humanos","21":"tag-humor","22":"tag-luana-piovani","23":"tag-portugal","24":"tag-pt","25":"tag-televisao","26":"tag-tudo","27":"tag-videos","28":"tag-wanessa-camargo"},"share_on_mastodon":{"url":"https:\/\/pubeurope.com\/@pt\/115488581401202655","error":""},"_links":{"self":[{"href":"https:\/\/www.europesays.com\/pt\/wp-json\/wp\/v2\/posts\/138598","targetHints":{"allow":["GET"]}}],"collection":[{"href":"https:\/\/www.europesays.com\/pt\/wp-json\/wp\/v2\/posts"}],"about":[{"href":"https:\/\/www.europesays.com\/pt\/wp-json\/wp\/v2\/types\/post"}],"author":[{"embeddable":true,"href":"https:\/\/www.europesays.com\/pt\/wp-json\/wp\/v2\/users\/2"}],"replies":[{"embeddable":true,"href":"https:\/\/www.europesays.com\/pt\/wp-json\/wp\/v2\/comments?post=138598"}],"version-history":[{"count":0,"href":"https:\/\/www.europesays.com\/pt\/wp-json\/wp\/v2\/posts\/138598\/revisions"}],"wp:featuredmedia":[{"embeddable":true,"href":"https:\/\/www.europesays.com\/pt\/wp-json\/wp\/v2\/media\/138599"}],"wp:attachment":[{"href":"https:\/\/www.europesays.com\/pt\/wp-json\/wp\/v2\/media?parent=138598"}],"wp:term":[{"taxonomy":"category","embeddable":true,"href":"https:\/\/www.europesays.com\/pt\/wp-json\/wp\/v2\/categories?post=138598"},{"taxonomy":"post_tag","embeddable":true,"href":"https:\/\/www.europesays.com\/pt\/wp-json\/wp\/v2\/tags?post=138598"}],"curies":[{"name":"wp","href":"https:\/\/api.w.org\/{rel}","templated":true}]}}