{"id":138605,"date":"2025-11-04T00:30:11","date_gmt":"2025-11-04T00:30:11","guid":{"rendered":"https:\/\/www.europesays.com\/pt\/138605\/"},"modified":"2025-11-04T00:30:11","modified_gmt":"2025-11-04T00:30:11","slug":"editora-roncarati-roche-farma-brasil-investe-r-141-milhoes-em-pesquisa-clinica-voltada-para-pacientes-com-esclerose-multipla","status":"publish","type":"post","link":"https:\/\/www.europesays.com\/pt\/138605\/","title":{"rendered":"Editora Roncarati &#8211; Roche Farma Brasil investe R$ 141 milh\u00f5es em pesquisa cl\u00ednica voltada para pacientes com Esclerose M\u00faltipla"},"content":{"rendered":"<p>\t\t\t\t\t<a href=\"https:\/\/www.editoraroncarati.com.br\/v2\/Artigos-e-Noticias\/Artigos-e-Noticias\/Roche-Farma-Brasil-investe-R$-141-milhoes-em-pesquisa-clinica-voltada-para-pacientes-com-Esclerose-Multipla\/Imprimir.html\" title=\"Imprimir\" onclick=\"window.open(this.href,&#039;win2&#039;,&#039;status=no,toolbar=no,scrollbars=yes,titlebar=no,menubar=no,resizable=yes,width=640,height=480,directories=no,location=no&#039;); return false;\" rel=\"nofollow noopener\" target=\"_blank\"><img decoding=\"async\" src=\"https:\/\/www.europesays.com\/pt\/wp-content\/uploads\/2025\/07\/printButton.png\" alt=\"Imprimir\" \/><\/a>\t\t\t\t<\/p>\n<p>\t\t\t\t\t<a href=\"https:\/\/www.editoraroncarati.com.br\/v2\/pdf\/Artigos-e-Noticias\/Artigos-e-Noticias\/Roche-Farma-Brasil-investe-R$-141-milhoes-em-pesquisa-clinica-voltada-para-pacientes-com-Esclerose-Multipla.pdf\" title=\"PDF\" onclick=\"window.open(this.href,&#039;win2&#039;,&#039;status=no,toolbar=no,scrollbars=yes,titlebar=no,menubar=no,resizable=yes,width=640,height=480,directories=no,location=no&#039;); return false;\" rel=\"nofollow noopener\" target=\"_blank\"><img decoding=\"async\" src=\"https:\/\/www.europesays.com\/pt\/wp-content\/uploads\/2025\/07\/pdf_button.png\" alt=\"PDF\" \/><\/a>\t\t\t\t<\/p>\n<p>\t<a href=\"https:\/\/www.editoraroncarati.com.br\/v2\/Artigos-e-Noticias\/Artigos-e-Noticias\/Roche-Farma-Brasil-investe-R$-141-milhoes-em-pesquisa-clinica-voltada-para-pacientes-com-Esclerose-Multipla.html\/javascript:history.go(-1)\" rel=\"nofollow noopener\" target=\"_blank\">Voltar<\/a><\/p>\n<p style=\"text-align: center;\"><strong>Aporte de quatro anos (2020-2024) apoia estudos com foco em uma melhor jornada para pacientes com doen\u00e7a neurol\u00f3gica<\/strong><\/p>\n<p style=\"text-align: justify;\">A Roche Farma Brasil investiu R$ 141 milh\u00f5es em pesquisa cl\u00ednica no Brasil para a \u00e1rea de esclerose m\u00faltipla (EM) entre 2020 e 2024. O valor foi totalmente destinado a estudos cl\u00ednicos conduzidos em territ\u00f3rio nacional, com o objetivo de contribuir para o avan\u00e7o da ci\u00eancia e oferecer mais qualidade de vida aos pacientes.<\/p>\n<p style=\"text-align: justify;\">A farmac\u00eautica, presente na \u00e1rea desde 2018, fez um investimento recorde que representa mais de 95% de seus aportes nos \u00faltimos cinco anos, refor\u00e7ando a import\u00e2ncia da pesquisa cl\u00ednica para o cuidado da jornada do paciente com doen\u00e7as cr\u00f4nicas como a EM.<\/p>\n<p style=\"text-align: justify;\">A esclerose m\u00faltipla \u00e9 uma doen\u00e7a cr\u00f4nica e degenerativa que afeta mais de 35 mil pessoas no Brasil. A condi\u00e7\u00e3o n\u00e3o tem cura, e ocorre quando o sistema imunol\u00f3gico ataca anormalmente a bainha de mielina no c\u00e9rebro, medula espinhal e nervos \u00f3pticos, causando inflama\u00e7\u00e3o e danos consequentes. Estes danos podem causar sintomas como fraqueza muscular, fadiga e dificuldade visual, e pode, eventualmente, levar \u00e0 defici\u00eancia.<\/p>\n<p style=\"text-align: justify;\">Para Waleuska Spiess, l\u00edder de Pesquisas Cl\u00ednicas da Roche Farma Brasil, o financiamento desses estudos contribui para o avan\u00e7o do conhecimento cient\u00edfico e para o desenvolvimento de evid\u00eancias locais, que podem influenciar decis\u00f5es no \u00e2mbito da sa\u00fade p\u00fablica e privada.<\/p>\n<p style=\"text-align: justify;\">\u201cEste investimento \u00e9 um reflexo do nosso compromisso cont\u00ednuo com os pacientes de esclerose m\u00faltipla. A pesquisa cl\u00ednica \u00e9 a base para o desenvolvimento de novas terapias que podem, no futuro, oferecer mais qualidade de vida e esperan\u00e7a para milhares de pessoas que vivem com esta condi\u00e7\u00e3o cr\u00f4nica\u201d, ressalta Waleuska Spiess.<\/p>\n<p style=\"text-align: justify;\"><strong>Fonte<\/strong>: InPress Porter Novelli, em 03.11.2025<\/p>\n","protected":false},"excerpt":{"rendered":"Voltar Aporte de quatro anos (2020-2024) apoia estudos com foco em uma melhor jornada para pacientes com doen\u00e7a&hellip;\n","protected":false},"author":2,"featured_media":108,"comment_status":"","ping_status":"","sticky":false,"template":"","format":"standard","meta":{"footnotes":""},"categories":[86],"tags":[133,116,32,33,117],"class_list":{"0":"post-138605","1":"post","2":"type-post","3":"status-publish","4":"format-standard","5":"has-post-thumbnail","7":"category-saude","8":"tag-editora-roncarati","9":"tag-health","10":"tag-portugal","11":"tag-pt","12":"tag-saude"},"share_on_mastodon":{"url":"https:\/\/pubeurope.com\/@pt\/115488609135624854","error":""},"_links":{"self":[{"href":"https:\/\/www.europesays.com\/pt\/wp-json\/wp\/v2\/posts\/138605","targetHints":{"allow":["GET"]}}],"collection":[{"href":"https:\/\/www.europesays.com\/pt\/wp-json\/wp\/v2\/posts"}],"about":[{"href":"https:\/\/www.europesays.com\/pt\/wp-json\/wp\/v2\/types\/post"}],"author":[{"embeddable":true,"href":"https:\/\/www.europesays.com\/pt\/wp-json\/wp\/v2\/users\/2"}],"replies":[{"embeddable":true,"href":"https:\/\/www.europesays.com\/pt\/wp-json\/wp\/v2\/comments?post=138605"}],"version-history":[{"count":0,"href":"https:\/\/www.europesays.com\/pt\/wp-json\/wp\/v2\/posts\/138605\/revisions"}],"wp:featuredmedia":[{"embeddable":true,"href":"https:\/\/www.europesays.com\/pt\/wp-json\/wp\/v2\/media\/108"}],"wp:attachment":[{"href":"https:\/\/www.europesays.com\/pt\/wp-json\/wp\/v2\/media?parent=138605"}],"wp:term":[{"taxonomy":"category","embeddable":true,"href":"https:\/\/www.europesays.com\/pt\/wp-json\/wp\/v2\/categories?post=138605"},{"taxonomy":"post_tag","embeddable":true,"href":"https:\/\/www.europesays.com\/pt\/wp-json\/wp\/v2\/tags?post=138605"}],"curies":[{"name":"wp","href":"https:\/\/api.w.org\/{rel}","templated":true}]}}