{"id":138615,"date":"2025-11-04T00:37:18","date_gmt":"2025-11-04T00:37:18","guid":{"rendered":"https:\/\/www.europesays.com\/pt\/138615\/"},"modified":"2025-11-04T00:37:18","modified_gmt":"2025-11-04T00:37:18","slug":"ines-aires-pereira-expoe-situacao-preocupante-do-filho-e-pede-ajuda-urgente-aos-seguidores-novelas","status":"publish","type":"post","link":"https:\/\/www.europesays.com\/pt\/138615\/","title":{"rendered":"In\u00eas Aires Pereira exp\u00f5e situa\u00e7\u00e3o preocupante do filho e pede ajuda urgente aos seguidores &#8211; Novelas"},"content":{"rendered":"<p data-end=\"580\" data-start=\"249\"><strong><a href=\"https:\/\/tvi.iol.pt\/novelas\/ines-aires-pereira\/joana-castro\/foi-assim-que-ines-aires-pereira-descobriu-que-estava-gravida-e-contou-com-alguem-especial\" rel=\"nofollow noopener\" target=\"_blank\">In\u00eas Aires Pereira<\/a>, atriz de 36 anos<\/strong>, m\u00e3e de <strong data-end=\"295\" data-start=\"276\">Alice e Joaquim<\/strong>, fruto da rela\u00e7\u00e3o com <strong data-end=\"345\" data-start=\"318\">David Ferreira da Silva<\/strong>, anunciou recentemente que est\u00e1 \u00e0 espera do <strong data-end=\"408\" data-start=\"390\">terceiro filho<\/strong>, confirmando a felicidade crescente da fam\u00edlia. Alice e Joaquim t\u00eam, respetivamente, cerca de <strong data-end=\"517\" data-start=\"503\">5 e 3 anos<\/strong>, e a atriz n\u00e3o esconde a import\u00e2ncia da fam\u00edlia na sua vida.<\/p>\n<p data-end=\"889\" data-start=\"582\">Nos \u00faltimos dias, In\u00eas Aires Pereira recorreu \u00e0s <strong data-end=\"648\" data-start=\"631\">redes sociais<\/strong> para partilhar um momento de preocupa\u00e7\u00e3o com os seguidores. A atriz publicou dois <strong data-end=\"754\" data-start=\"731\">storys no Instagram<\/strong> mostrando <strong data-end=\"807\" data-start=\"765\">manchas nos cotovelos do filho Joaquim<\/strong>, pedindo a ajuda de <strong data-end=\"847\" data-start=\"828\">dermatologistas<\/strong> para tentar perceber do que se tratava: <strong>\u201cApareceram-lhe estas cenas nos cotovelos e ele co\u00e7a bu\u00e9\u2026 Dermatologistas, t\u00eam ideia do que isto \u00e9?\u201d<\/strong><\/p>\n<p data-end=\"889\" data-start=\"582\"><strong><img loading=\"lazy\" decoding=\"async\" alt=\"\" height=\"178\" src=\"https:\/\/www.europesays.com\/pt\/wp-content\/uploads\/2025\/11\/6908c730d34e3caad84ad833.webp\" width=\"100\"\/><\/strong><\/p>\n<p data-end=\"1311\" data-start=\"997\">Conhecida pela sua <strong data-end=\"1046\" data-start=\"1016\">genuinidade e descontra\u00e7\u00e3o<\/strong> nas redes sociais, In\u00eas Aires Pereira n\u00e3o hesitou em mostrar aos f\u00e3s este momento de tens\u00e3o, revelando a sua preocupa\u00e7\u00e3o como m\u00e3e. At\u00e9 ao momento, n\u00e3o foram obtidas respostas conclusivas sobre a origem das manchas, deixando ainda algum mist\u00e9rio sobre a situa\u00e7\u00e3o.<\/p>\n<p data-end=\"1311\" data-start=\"997\"><img loading=\"lazy\" decoding=\"async\" alt=\"\" height=\"178\" src=\"https:\/\/www.europesays.com\/pt\/wp-content\/uploads\/2025\/11\/6908c730d34e2bd5c6d39130.webp\" width=\"100\"\/><\/p>\n<p data-end=\"1541\" data-start=\"1313\">A atriz tem utilizado frequentemente as redes para partilhar tanto momentos felizes da maternidade como pequenos desafios do dia a dia, refor\u00e7ando a sua liga\u00e7\u00e3o pr\u00f3xima com os seguidores e o seu lado <strong data-end=\"1538\" data-start=\"1513\">transparente e humano<\/strong>.<\/p>\n<p data-end=\"1541\" data-start=\"1313\">Reveja aqui todos os acontecimentos marcantes na vida da atriz: o regresso ao ex-namorado e pai dos seus filhos, acompanhado de uma gravidez que tem emocionado f\u00e3s e seguidores.<\/p>\n<p data-end=\"1718\" data-start=\"1543\">Enquanto espera a chegada do terceiro filho, In\u00eas Aires Pereira continua a partilhar a sua rotina, mantendo os f\u00e3s atentos aos acontecimentos na sua vida pessoal e familiar.<\/p>\n<p data-end=\"1718\" data-start=\"1543\">Veja tamb\u00e9m:\u00a0<\/p>\n<p data-end=\"1718\" data-start=\"1543\"><a href=\"https:\/\/tvi.iol.pt\/novelas\/rita-pereira\/maria-de-fatima\/o-coracao-confirmou-rita-pereira-explode-de-emocao-com-vitoria-historica\" rel=\"nofollow noopener\" target=\"_blank\">\u00abO cora\u00e7\u00e3o confirmou\u00bb: Rita Pereira explode de emo\u00e7\u00e3o com vit\u00f3ria hist\u00f3rica &#8211; Novelas &#8211; TVI<\/a><\/p>\n<p data-end=\"1718\" data-start=\"1543\"><a href=\"https:\/\/tvi.iol.pt\/novelas\/sara-prata\/rita-pereira\/nao-tenho-palavras-sara-prata-larga-tudo-para-abracar-uma-missao-comovente-que-promete-mudar-a-vida-de-muitas-criancas\" rel=\"nofollow noopener\" target=\"_blank\">\u00abN\u00e3o tenho palavras\u00bb: Sara Prata larga tudo para abra\u00e7ar uma miss\u00e3o comovente, que promete mudar a vida de muitas crian\u00e7as &#8211; Novelas &#8211; TVI<\/a><\/p>\n","protected":false},"excerpt":{"rendered":"In\u00eas Aires Pereira, atriz de 36 anos, m\u00e3e de Alice e Joaquim, fruto da rela\u00e7\u00e3o com David Ferreira&hellip;\n","protected":false},"author":2,"featured_media":138616,"comment_status":"","ping_status":"","sticky":false,"template":"","format":"standard","meta":{"footnotes":""},"categories":[145],"tags":[160,211,210,166,4805,114,115,157,167,1210,17411,164,161,158,165,159,12559,32,33,156,117,163,162],"class_list":{"0":"post-138615","1":"post","2":"type-post","3":"status-publish","4":"format-standard","5":"has-post-thumbnail","7":"category-celebridades","8":"tag-ana-guiomar","9":"tag-celebridades","10":"tag-celebrities","11":"tag-cristina-ferreira","12":"tag-dermatologia","13":"tag-entertainment","14":"tag-entretenimento","15":"tag-festa-e-festa","16":"tag-ficcao","17":"tag-ines-aires-pereira","18":"tag-joaquim","19":"tag-jose-fidalgo","20":"tag-novelas","21":"tag-para-sempre","22":"tag-pedro-sousa","23":"tag-pedro-teixeira","24":"tag-pele","25":"tag-portugal","26":"tag-pt","27":"tag-queridos-papas","28":"tag-saude","29":"tag-tiago-teotonio-pereira","30":"tag-tvi"},"share_on_mastodon":{"url":"https:\/\/pubeurope.com\/@pt\/115488636620511132","error":""},"_links":{"self":[{"href":"https:\/\/www.europesays.com\/pt\/wp-json\/wp\/v2\/posts\/138615","targetHints":{"allow":["GET"]}}],"collection":[{"href":"https:\/\/www.europesays.com\/pt\/wp-json\/wp\/v2\/posts"}],"about":[{"href":"https:\/\/www.europesays.com\/pt\/wp-json\/wp\/v2\/types\/post"}],"author":[{"embeddable":true,"href":"https:\/\/www.europesays.com\/pt\/wp-json\/wp\/v2\/users\/2"}],"replies":[{"embeddable":true,"href":"https:\/\/www.europesays.com\/pt\/wp-json\/wp\/v2\/comments?post=138615"}],"version-history":[{"count":0,"href":"https:\/\/www.europesays.com\/pt\/wp-json\/wp\/v2\/posts\/138615\/revisions"}],"wp:featuredmedia":[{"embeddable":true,"href":"https:\/\/www.europesays.com\/pt\/wp-json\/wp\/v2\/media\/138616"}],"wp:attachment":[{"href":"https:\/\/www.europesays.com\/pt\/wp-json\/wp\/v2\/media?parent=138615"}],"wp:term":[{"taxonomy":"category","embeddable":true,"href":"https:\/\/www.europesays.com\/pt\/wp-json\/wp\/v2\/categories?post=138615"},{"taxonomy":"post_tag","embeddable":true,"href":"https:\/\/www.europesays.com\/pt\/wp-json\/wp\/v2\/tags?post=138615"}],"curies":[{"name":"wp","href":"https:\/\/api.w.org\/{rel}","templated":true}]}}