{"id":138617,"date":"2025-11-04T00:40:13","date_gmt":"2025-11-04T00:40:13","guid":{"rendered":"https:\/\/www.europesays.com\/pt\/138617\/"},"modified":"2025-11-04T00:40:13","modified_gmt":"2025-11-04T00:40:13","slug":"apos-expulsao-mariana-falou-com-uma-ex-concorrente-do-secret-story-e-foi-surpreendida-secret-story","status":"publish","type":"post","link":"https:\/\/www.europesays.com\/pt\/138617\/","title":{"rendered":"Ap\u00f3s expuls\u00e3o, Mariana falou com uma ex-concorrente do Secret Story. E foi surpreendida &#8211; Secret Story"},"content":{"rendered":"<p>Mariana foi a \u00faltima concorrente expulsa do Secret Story 9. Esta manh\u00e3 no programa &#8216;Dois \u00e0s 10&#8217;, a ex-concorrente fez revela\u00e7\u00f5es in\u00e9ditas sobre o p\u00f3s-expuls\u00e3o.\u00a0<\/p>\n<p>A jovem a\u00e7oriana contou que conversou com uma colega da mesma edi\u00e7\u00e3o, Vera, e ficou surpreendida com as revela\u00e7\u00f5es que ela fez.\u00a0<\/p>\n<p>\u00abFalei com ela ao telem\u00f3vel, e ela contou-me algumas coisas. Eu disse: \u2018Uau, n\u00e3o tinha essa no\u00e7\u00e3o&#8217;\u00bb, disse, Mariana em conversa com Cristina Ferreira e Cl\u00e1udio Ramos.\u00a0<\/p>\n<p>Mariana n\u00e3o revelou o conte\u00fado da conversa, mas deu a entender que tinha sido algo surpreendente, tal como foi o momento em que soube que Marisa e Pedro Jorge s\u00e3o um casal. Recorde em baixo:\u00a0<\/p>\n<p>\u00a0<\/p>\n<p>\u00a0<\/p>\n","protected":false},"excerpt":{"rendered":"Mariana foi a \u00faltima concorrente expulsa do Secret Story 9. Esta manh\u00e3 no programa &#8216;Dois \u00e0s 10&#8217;, a&hellip;\n","protected":false},"author":2,"featured_media":138618,"comment_status":"","ping_status":"","sticky":false,"template":"","format":"standard","meta":{"footnotes":""},"categories":[142],"tags":[18706,114,115,18705,884,32,33,151,11841,18704],"class_list":{"0":"post-138617","1":"post","2":"type-post","3":"status-publish","4":"format-standard","5":"has-post-thumbnail","7":"category-tv","8":"tag-bastidores-secret-story","9":"tag-entertainment","10":"tag-entretenimento","11":"tag-entrevistas-concorrentes-tvi","12":"tag-mariana","13":"tag-portugal","14":"tag-pt","15":"tag-tv","16":"tag-vera","17":"tag-vida-fora-da-casa"},"share_on_mastodon":{"url":"https:\/\/pubeurope.com\/@pt\/115488648256110705","error":""},"_links":{"self":[{"href":"https:\/\/www.europesays.com\/pt\/wp-json\/wp\/v2\/posts\/138617","targetHints":{"allow":["GET"]}}],"collection":[{"href":"https:\/\/www.europesays.com\/pt\/wp-json\/wp\/v2\/posts"}],"about":[{"href":"https:\/\/www.europesays.com\/pt\/wp-json\/wp\/v2\/types\/post"}],"author":[{"embeddable":true,"href":"https:\/\/www.europesays.com\/pt\/wp-json\/wp\/v2\/users\/2"}],"replies":[{"embeddable":true,"href":"https:\/\/www.europesays.com\/pt\/wp-json\/wp\/v2\/comments?post=138617"}],"version-history":[{"count":0,"href":"https:\/\/www.europesays.com\/pt\/wp-json\/wp\/v2\/posts\/138617\/revisions"}],"wp:featuredmedia":[{"embeddable":true,"href":"https:\/\/www.europesays.com\/pt\/wp-json\/wp\/v2\/media\/138618"}],"wp:attachment":[{"href":"https:\/\/www.europesays.com\/pt\/wp-json\/wp\/v2\/media?parent=138617"}],"wp:term":[{"taxonomy":"category","embeddable":true,"href":"https:\/\/www.europesays.com\/pt\/wp-json\/wp\/v2\/categories?post=138617"},{"taxonomy":"post_tag","embeddable":true,"href":"https:\/\/www.europesays.com\/pt\/wp-json\/wp\/v2\/tags?post=138617"}],"curies":[{"name":"wp","href":"https:\/\/api.w.org\/{rel}","templated":true}]}}