{"id":138621,"date":"2025-11-04T00:43:08","date_gmt":"2025-11-04T00:43:08","guid":{"rendered":"https:\/\/www.europesays.com\/pt\/138621\/"},"modified":"2025-11-04T00:43:08","modified_gmt":"2025-11-04T00:43:08","slug":"arbitro-acusa-fc-porto-de-tentativa-de-intimidacao-no-intervalo-frente-ao-sp-braga-futebol","status":"publish","type":"post","link":"https:\/\/www.europesays.com\/pt\/138621\/","title":{"rendered":"\u00c1rbitro acusa FC Porto de tentativa de intimida\u00e7\u00e3o no intervalo frente ao Sp. Braga | Futebol"},"content":{"rendered":"<p>F\u00e1bio Ver\u00edssimo, \u00e1rbitro do jogo entre o FC Porto e o Sp. Braga (2-1) deste domingo, acusou os portistas de terem colocado, no balne\u00e1rio da arbitragem durante o intervalo, televisores que n\u00e3o podiam ser desligados e que estariam a transmitir lances controversos, avan\u00e7a o Correio da Manh\u00e3. O \u00e1rbitro interpretou a ac\u00e7\u00e3o como uma tentativa de intimida\u00e7\u00e3o.<\/p>\n<p>Durante a primeira metade do jogo, o \u00e1rbitro de 42 anos recorreu ao VAR para anular um golo de Victor Frohold por uma falta do \u201cdrag\u00e3o\u201d Bednarek sobre o guarda-redes do Sp. Braga, Luk\u00e1s Horn\u00edcek. Este ter\u00e1 sido um dos lances transmitidos nos televisores do balne\u00e1rio de Ver\u00edssimo durante o intervalo do jogo.<\/p>\n<p>Os televisores tamb\u00e9m ter\u00e3o, segundo alega o \u00e1rbitro no relat\u00f3rio redigido ap\u00f3s o jogo, transmitido o golo do Benfica na final do Torneio da Pontinha, frente ao FC Porto. Este <a href=\"https:\/\/www.publico.pt\/2025\/11\/03\/desporto\/analise\/analise-arbitragem-faltou-expulsao-diomande-2153137\" target=\"_blank\" rel=\"nofollow noopener\">lance<\/a>, semelhante, foi validado por F\u00e1bio Ver\u00edssimo.<\/p>\n<p>Para al\u00e9m do relat\u00f3rio, o \u00e1rbitro comunicou a tentativa de press\u00e3o aos delegados da Liga presentes no Est\u00e1dio do Drag\u00e3o, avan\u00e7a o <a href=\"https:\/\/www.cmjornal.pt\/desporto\/futebol\/detalhe\/fabio-verissimo-queixa-se-de-tentativa-de-pressao-feita-pelo-fc-porto\" target=\"_blank\" rel=\"nofollow noopener\">mesmo jornal.<\/a><\/p>\n<p>Os \u201cdrag\u00f5es\u201d ainda n\u00e3o reagiram ao incidente. Contudo, o Benfica emitiu uma nota oficial. \u201cO SL Benfica exige que a Liga, o Conselho de Arbitragem e o Conselho de Disciplina actuem com urg\u00eancia em face das informa\u00e7\u00f5es tornadas p\u00fablicas sobre uma grave coa\u00e7\u00e3o ao \u00e1rbitro da partida FC Porto-Sp. Braga\u201d, l\u00ea-se na comunica\u00e7\u00e3o.<\/p>\n<p>As \u201c\u00e1guias\u201d pedem que se imponha \u201cuma reac\u00e7\u00e3o r\u00e1pida das autoridades competentes e uma clarifica\u00e7\u00e3o quanto aos desenvolvimentos deste epis\u00f3dio que em nada dignifica o futebol portugu\u00eas, pelo que \u00e9 imperativo que haja consequ\u00eancias exemplares\u201d.<\/p>\n<p>O<a href=\"https:\/\/www.publico.pt\/2025\/11\/02\/desporto\/cronica_de_jogo\/fc-porto-leva-pontos-sp-braga-leva-intenso-sabor-nada-2153105\" target=\"_blank\" rel=\"nofollow noopener\"> FC Porto venceu o Sp. Braga<\/a> defendendo, desta forma, a sua lideran\u00e7a na I Liga, com 28 pontos e sem derrotas na \u00e9poca. Segue-se o Sporting CP com menos tr\u00eas pontos que os portistas, mas com mais quatro que o Benfica.<\/p>\n","protected":false},"excerpt":{"rendered":"F\u00e1bio Ver\u00edssimo, \u00e1rbitro do jogo entre o FC Porto e o Sp. Braga (2-1) deste domingo, acusou os&hellip;\n","protected":false},"author":2,"featured_media":138622,"comment_status":"","ping_status":"","sticky":false,"template":"","format":"standard","meta":{"footnotes":""},"categories":[87],"tags":[135,282,524,281,32,33,1233,30923,134],"class_list":{"0":"post-138621","1":"post","2":"type-post","3":"status-publish","4":"format-standard","5":"has-post-thumbnail","7":"category-desporto","8":"tag-desporto","9":"tag-fc-porto","10":"tag-futebol","11":"tag-i-liga","12":"tag-portugal","13":"tag-pt","14":"tag-sp-braga","15":"tag-sport-lisboa-e-benfica","16":"tag-sports"},"share_on_mastodon":{"url":"https:\/\/pubeurope.com\/@pt\/115488660320789029","error":""},"_links":{"self":[{"href":"https:\/\/www.europesays.com\/pt\/wp-json\/wp\/v2\/posts\/138621","targetHints":{"allow":["GET"]}}],"collection":[{"href":"https:\/\/www.europesays.com\/pt\/wp-json\/wp\/v2\/posts"}],"about":[{"href":"https:\/\/www.europesays.com\/pt\/wp-json\/wp\/v2\/types\/post"}],"author":[{"embeddable":true,"href":"https:\/\/www.europesays.com\/pt\/wp-json\/wp\/v2\/users\/2"}],"replies":[{"embeddable":true,"href":"https:\/\/www.europesays.com\/pt\/wp-json\/wp\/v2\/comments?post=138621"}],"version-history":[{"count":0,"href":"https:\/\/www.europesays.com\/pt\/wp-json\/wp\/v2\/posts\/138621\/revisions"}],"wp:featuredmedia":[{"embeddable":true,"href":"https:\/\/www.europesays.com\/pt\/wp-json\/wp\/v2\/media\/138622"}],"wp:attachment":[{"href":"https:\/\/www.europesays.com\/pt\/wp-json\/wp\/v2\/media?parent=138621"}],"wp:term":[{"taxonomy":"category","embeddable":true,"href":"https:\/\/www.europesays.com\/pt\/wp-json\/wp\/v2\/categories?post=138621"},{"taxonomy":"post_tag","embeddable":true,"href":"https:\/\/www.europesays.com\/pt\/wp-json\/wp\/v2\/tags?post=138621"}],"curies":[{"name":"wp","href":"https:\/\/api.w.org\/{rel}","templated":true}]}}