{"id":138664,"date":"2025-11-04T01:22:17","date_gmt":"2025-11-04T01:22:17","guid":{"rendered":"https:\/\/www.europesays.com\/pt\/138664\/"},"modified":"2025-11-04T01:22:17","modified_gmt":"2025-11-04T01:22:17","slug":"a-luciana-gimenez-a-alice-wegmann-o-eike-batista-o-rodrigo-pacheco-e-os-aniversariantes-de-segunda","status":"publish","type":"post","link":"https:\/\/www.europesays.com\/pt\/138664\/","title":{"rendered":"A Luciana Gimenez. A Alice Wegmann. O Eike Batista. O Rodrigo Pacheco e os Aniversariantes de Segunda"},"content":{"rendered":"<p>Trocando de idade nesta segunda-feira, 03, Luciana Gimenez, Alice Wegmann, Eike Batista e Rodrigo Pacheco. empres\u00e1rio teuto-brasileiro Eike Batista, registrado Eike Fuhrken Batista da Silva, completando hoje 69 anos, nasceu em Governador Valadares (MG) no dia 3 de novembro de 1956. \u00a0<\/p>\n<p>O cantor e compositor Vinny, registrado Vin\u00edcius Bonotto Conrado, hoje fazendo 59 anos, nasceu na cidade de Leme (SP) no dia 3 de novembro de 1966. O senador Rodrigo Pacheco, registrado Rodrigo Otavio Soares Pacheco, que hoje muda de idade para 49 anos, nasceu em Porto Velho ( RO), no dia 3 de novembro de 1976.<\/p>\n<p>A apresentadora, empres\u00e1ria e modelo Luciana Gimenez Morad, nasceu em S\u00e3o Paulo, no dia 3 de novembro de 1969. A atriz Alice Wegmann Corr\u00eaa nasceu no Rio de Janeiro, no dia 3 de novembro de 1995.<\/p>\n","protected":false},"excerpt":{"rendered":"Trocando de idade nesta segunda-feira, 03, Luciana Gimenez, Alice Wegmann, Eike Batista e Rodrigo Pacheco. empres\u00e1rio teuto-brasileiro Eike&hellip;\n","protected":false},"author":2,"featured_media":138665,"comment_status":"","ping_status":"","sticky":false,"template":"","format":"standard","meta":{"footnotes":""},"categories":[142],"tags":[6542,30934,1661,5574,30935,114,115,1854,5575,32,33,30936,151],"class_list":{"0":"post-138664","1":"post","2":"type-post","3":"status-publish","4":"format-standard","5":"has-post-thumbnail","7":"category-tv","8":"tag-alice-wegmann","9":"tag-aniversariantes","10":"tag-destaque","11":"tag-destaques-semana","12":"tag-eike-batista","13":"tag-entertainment","14":"tag-entretenimento","15":"tag-luciana-gimenez","16":"tag-o-antagonico","17":"tag-portugal","18":"tag-pt","19":"tag-rodrigo-pacheco","20":"tag-tv"},"share_on_mastodon":{"url":"https:\/\/pubeurope.com\/@pt\/115488813443263144","error":""},"_links":{"self":[{"href":"https:\/\/www.europesays.com\/pt\/wp-json\/wp\/v2\/posts\/138664","targetHints":{"allow":["GET"]}}],"collection":[{"href":"https:\/\/www.europesays.com\/pt\/wp-json\/wp\/v2\/posts"}],"about":[{"href":"https:\/\/www.europesays.com\/pt\/wp-json\/wp\/v2\/types\/post"}],"author":[{"embeddable":true,"href":"https:\/\/www.europesays.com\/pt\/wp-json\/wp\/v2\/users\/2"}],"replies":[{"embeddable":true,"href":"https:\/\/www.europesays.com\/pt\/wp-json\/wp\/v2\/comments?post=138664"}],"version-history":[{"count":0,"href":"https:\/\/www.europesays.com\/pt\/wp-json\/wp\/v2\/posts\/138664\/revisions"}],"wp:featuredmedia":[{"embeddable":true,"href":"https:\/\/www.europesays.com\/pt\/wp-json\/wp\/v2\/media\/138665"}],"wp:attachment":[{"href":"https:\/\/www.europesays.com\/pt\/wp-json\/wp\/v2\/media?parent=138664"}],"wp:term":[{"taxonomy":"category","embeddable":true,"href":"https:\/\/www.europesays.com\/pt\/wp-json\/wp\/v2\/categories?post=138664"},{"taxonomy":"post_tag","embeddable":true,"href":"https:\/\/www.europesays.com\/pt\/wp-json\/wp\/v2\/tags?post=138664"}],"curies":[{"name":"wp","href":"https:\/\/api.w.org\/{rel}","templated":true}]}}