{"id":138687,"date":"2025-11-04T01:50:17","date_gmt":"2025-11-04T01:50:17","guid":{"rendered":"https:\/\/www.europesays.com\/pt\/138687\/"},"modified":"2025-11-04T01:50:17","modified_gmt":"2025-11-04T01:50:17","slug":"pedro-e-capaz-de-ultrapassar-limites-com-bruna-e-ana-cristina-concorrente-avisa-nao-me-responsabilizo-pelas-minhas-atitudes-tviplayer-iol-pt","status":"publish","type":"post","link":"https:\/\/www.europesays.com\/pt\/138687\/","title":{"rendered":"Pedro \u00e9 capaz de ultrapassar limites com Bruna e Ana Cristina? Concorrente avisa: \u00abN\u00e3o me responsabilizo pelas minhas atitudes &#8211; tviplayer.iol.pt"},"content":{"rendered":"<ol>\n<li><a href=\"https:\/\/news.google.com\/rss\/articles\/CBMipAFBVV95cUxPbnlEUWNPWW1odzdnSWlyenVGTTNscHFQeWhuZVgtMFItRF9MRVd3MW9NTkhUek1KaUhNLUNkMTNPbW1EUUVYa1hNSG1oOHJ1VzJLeXQ4UXhmWkl3QllUV0xqTVVCZEJ2REQ0d2J6RnVFV2FWLVk0Ql9HX19reVN5Zmw3ZkVXRTVUa2RBMThId2diWmwzOEFGR1Jidk9NaWlYUU9XUQ?oc=5\" target=\"_blank\" rel=\"nofollow noopener\">Pedro \u00e9 capaz de ultrapassar limites com Bruna e Ana Cristina? Concorrente avisa: \u00abN\u00e3o me responsabilizo pelas minhas atitudes<\/a>&nbsp;&nbsp;tviplayer.iol.pt<\/li>\n<li><a href=\"https:\/\/news.google.com\/rss\/articles\/CBMirwFBVV95cUxNWTdOQWN0S2hYNklPWmpuRW45UDYzbkdXU2hhMjJpczhYSlBHS1VhWWRiY3JncHVrdklBZUlUeWVsRVEyOHlRVXJkMTFtUmVhSl9JSjhGWmlERWRMeHBVMVJuU3BJTFo0R3A0d19MZjZUVHN3am1UdGRLdHJ0UTJrNFdsdWZsU0JkYzVaMm11NVlTbmdONjNFQlhFRVgtOUxLTG5TVV9za04zUDZhaFpZ?oc=5\" target=\"_blank\" rel=\"nofollow noopener\">Ana Cristina e Bruna &#8216;massacram&#8217; Pedro Jorge e recebem s\u00e9rio aviso: &#8220;Voc\u00eas n\u00e3o t\u00eam o direito&#8230;&#8221;<\/a>&nbsp;&nbsp;Hiper Fm<\/li>\n<li><a href=\"https:\/\/news.google.com\/rss\/articles\/CBMixAFBVV95cUxOcmR3MzFCWVM1QzlKdXRBU083UUc3VVhPTkhFYldHS19DOXFJTjdVdjRidHY3M0k4YS1pMDM0YS1KekVPdnVPQzVpcFphakQ4Ty1rbEJkdUVQRS1YMXFpLXgteFBhWk91b1c2QTZHam5pZFRveTJsLVZXS1p4UFo3SE5rcDFSTU5vdlhaSjRMdERUeFg4T2wySzRaOGY4Q0lVNXR5SFF4SVU4Y2JWUjFqOVhlSFlwcHNhblJQMzRNcDhmaUR3?oc=5\" target=\"_blank\" rel=\"nofollow noopener\">Casa dos Segredos da TVI! Raquel acusa Pedro de \u201cterror psicol\u00f3gico\u201d e \u00e9 ele e arrasado pelos comentadores<\/a>&nbsp;&nbsp;Dioguinho<\/li>\n<li><a href=\"https:\/\/news.google.com\/rss\/articles\/CBMivwFBVV95cUxOMF8xUDB1dXRoTFlxeGk4RjBwZk1ESlJJRTNpTDJxVEQtY1dzM1U0eE5JUEtaYnFhWFkyYmpWUGJSZ19za1Bob0JkMFI2NjhLUWRXQ3VJMmhjU192SktQNDVxWVdFbWNVTTZLd1hEb0huVjRtMjdaTnE1Q3B5ZHpLNXZlRzZEZjlSOFVFS01OeGprX1ZHMUVFd3BMTk1XaGhJZEZIOTl3VnpIdEZabVVmMnFkTHNFaTlkZXlDRHdTcw?oc=5\" target=\"_blank\" rel=\"nofollow noopener\">Casa dos Segredos: Pedro Jorge perde a paci\u00eancia e confronta Ana Cristina e Bruna \u2014 \u201cN\u00e3o tens que me tocar!\u201d<\/a>&nbsp;&nbsp;infocul.pt<\/li>\n<\/ol>\n","protected":false},"excerpt":{"rendered":"Pedro \u00e9 capaz de ultrapassar limites com Bruna e Ana Cristina? Concorrente avisa: \u00abN\u00e3o me responsabilizo pelas minhas&hellip;\n","protected":false},"author":2,"featured_media":138688,"comment_status":"","ping_status":"","sticky":false,"template":"","format":"standard","meta":{"footnotes":""},"categories":[142],"tags":[19725,1997,114,115,21416,32,33,151],"class_list":{"0":"post-138687","1":"post","2":"type-post","3":"status-publish","4":"format-standard","5":"has-post-thumbnail","7":"category-tv","8":"tag-ana-cristina","9":"tag-bruna","10":"tag-entertainment","11":"tag-entretenimento","12":"tag-pedro-jorge","13":"tag-portugal","14":"tag-pt","15":"tag-tv"},"share_on_mastodon":{"url":"https:\/\/pubeurope.com\/@pt\/115488923512653939","error":""},"_links":{"self":[{"href":"https:\/\/www.europesays.com\/pt\/wp-json\/wp\/v2\/posts\/138687","targetHints":{"allow":["GET"]}}],"collection":[{"href":"https:\/\/www.europesays.com\/pt\/wp-json\/wp\/v2\/posts"}],"about":[{"href":"https:\/\/www.europesays.com\/pt\/wp-json\/wp\/v2\/types\/post"}],"author":[{"embeddable":true,"href":"https:\/\/www.europesays.com\/pt\/wp-json\/wp\/v2\/users\/2"}],"replies":[{"embeddable":true,"href":"https:\/\/www.europesays.com\/pt\/wp-json\/wp\/v2\/comments?post=138687"}],"version-history":[{"count":0,"href":"https:\/\/www.europesays.com\/pt\/wp-json\/wp\/v2\/posts\/138687\/revisions"}],"wp:featuredmedia":[{"embeddable":true,"href":"https:\/\/www.europesays.com\/pt\/wp-json\/wp\/v2\/media\/138688"}],"wp:attachment":[{"href":"https:\/\/www.europesays.com\/pt\/wp-json\/wp\/v2\/media?parent=138687"}],"wp:term":[{"taxonomy":"category","embeddable":true,"href":"https:\/\/www.europesays.com\/pt\/wp-json\/wp\/v2\/categories?post=138687"},{"taxonomy":"post_tag","embeddable":true,"href":"https:\/\/www.europesays.com\/pt\/wp-json\/wp\/v2\/tags?post=138687"}],"curies":[{"name":"wp","href":"https:\/\/api.w.org\/{rel}","templated":true}]}}