{"id":138757,"date":"2025-11-04T03:24:57","date_gmt":"2025-11-04T03:24:57","guid":{"rendered":"https:\/\/www.europesays.com\/pt\/138757\/"},"modified":"2025-11-04T03:24:57","modified_gmt":"2025-11-04T03:24:57","slug":"leo-se-decepciona-com-samuel-e-recusa-casamento","status":"publish","type":"post","link":"https:\/\/www.europesays.com\/pt\/138757\/","title":{"rendered":"Leo se decepciona com Samuel e recusa casamento"},"content":{"rendered":"<p>                        <img width=\"944\" height=\"531\" src=\"https:\/\/www.europesays.com\/pt\/wp-content\/uploads\/2025\/11\/Resumo-Dona-de-Mim-0411-Leo-se-decepciona-com-Samuel-e-recusa-casamento-944x531.jpg\" class=\"attachment-custom-large size-custom-large article-featured-image\" alt=\"Resumo Dona de Mim (0411) Leo se decepciona com Samuel e recusa casamento\" fetchpriority=\"high\" decoding=\"async\"  \/><\/p>\n<p>Leo (Clara Moneke) se decepciona com Samuel (Juan Paiva) no cap\u00edtulo de ter\u00e7a-feira (4\/11) (Foto: Divulga\u00e7\u00e3o, TV Globo)<\/p>\n<p>Os resumos de \u201cDona de Mim\u201d cobrem a semana de 3 a 8 de novembro. O ponto central desta semana \u00e9 a decis\u00e3o de <strong>Leo (Clara Moneke)<\/strong> de dizer \u201cn\u00e3o\u201d a <strong>Samuel (Juan Paiva)<\/strong>, priorizando seu amor e cuidado por <strong>Sofia (Elis Cabral)<\/strong>. No cap\u00edtulo de ter\u00e7a-feira, 4 de novembro, essa decis\u00e3o se consolida ap\u00f3s Leo presenciar uma atitude surpreendente de Samuel.<\/p>\n<p>Continua depois da publicidade<\/p>\n<p>Destaques da Ter\u00e7a-Feira (04\/11) na novela \u2018Dona de Mim\u2019<\/p>\n<p>O dia \u00e9 marcado por um grande conflito amoroso, a continuidade da sabotagem de <strong>Jaques (Marcello Novaes)<\/strong> e um momento de alta tens\u00e3o na Barreira:<\/p>\n<ul class=\"wp-block-list\">\n<li>Leo <strong>se decepciona com Samuel<\/strong> e reafirma que continuar\u00e1 no cargo de bab\u00e1 de Sofia.<\/li>\n<li>Marlon se emociona ao comentar que <strong>Leo nasceu para ser m\u00e3e<\/strong>.<\/li>\n<li>Jaques <strong>sabota os rem\u00e9dios de Filipa<\/strong> (Cl\u00e1udia Abreu) novamente.<\/li>\n<li>Samuel pede que Filipa <strong>lhe passe a guarda de Sofia<\/strong>, e Leo <strong>ouve<\/strong> o pedido.<\/li>\n<li>Ryan e Azzy iniciam a grava\u00e7\u00e3o de seu clipe na Barreira, quando o <strong>barulho de um tiro ecoa<\/strong>.<\/li>\n<\/ul>\n<p>Conhe\u00e7a o elenco inteiro da novela Dona de Mim1<\/p>\n<p>VoltarAvan\u00e7ar<\/p>\n<p><img fetchpriority=\"high\" decoding=\"async\" width=\"1200\" height=\"675\" data-id=\"7712855\" src=\"https:\/\/www.europesays.com\/pt\/wp-content\/uploads\/2025\/11\/Resumo-Dona-de-Mim-0411-Leo-se-decepciona-com-Samuel-e-recusa-casamento-1.jpg\" alt=\"\" class=\"wp-image-7712855\"  \/><\/p>\n<p>Clara Moneke \u00e9 Leo (Foto: Reprodu\u00e7\u00e3o, TV Globo)<\/p>\n<p><img loading=\"lazy\" decoding=\"async\" width=\"1200\" height=\"675\" data-id=\"7484134\" src=\"https:\/\/www.europesays.com\/pt\/wp-content\/uploads\/2025\/10\/Elenco-Dona-de-Mim-29.jpg\" alt=\"Texto da novela Dona de MimSofia (Elis Cabral).Globo\/ Manoella Mello\" class=\"wp-image-7484134\"  \/><\/p>\n<p>Sofia (Elis Cabral) (Foto: Globo, Manoella Mello)<\/p>\n<p><img loading=\"lazy\" decoding=\"async\" width=\"1200\" height=\"675\" data-id=\"7484159\" src=\"https:\/\/www.europesays.com\/pt\/wp-content\/uploads\/2025\/10\/Elenco-Dona-de-Mim-24.jpg\" alt=\"Texto da novela Dona de MimAbel (Tony Ramos)Globo\/ L\u00e9o Rosario\" class=\"wp-image-7484159\"  \/><\/p>\n<p>Abel (Tony Ramos) (Foto: Globo, L\u00e9o Rosario)<\/p>\n<p><img loading=\"lazy\" decoding=\"async\" width=\"1200\" height=\"675\" data-id=\"7484137\" src=\"https:\/\/www.europesays.com\/pt\/wp-content\/uploads\/2025\/10\/Elenco-Dona-de-Mim-32.jpg\" alt=\"Texto da novela Dona de MimFilipa (Claudia Abreu)Globo\/ L\u00e9o Rosario\" class=\"wp-image-7484137\"  \/><\/p>\n<p>Filipa (Claudia Abreu) (Foto: Globo, L\u00e9o Rosario)<\/p>\n<p><img loading=\"lazy\" decoding=\"async\" width=\"1200\" height=\"675\" data-id=\"7484133\" src=\"https:\/\/www.europesays.com\/pt\/wp-content\/uploads\/2025\/10\/Elenco-Dona-de-Mim-28.jpg\" alt=\"Texto da novela Dona de MimRosa (Suely Franco)Globo\/ L\u00e9o Rosario\" class=\"wp-image-7484133\"  \/><\/p>\n<p>Rosa (Suely Franco) (Foto: Globo, L\u00e9o Rosario)<\/p>\n<p><img loading=\"lazy\" decoding=\"async\" width=\"1200\" height=\"675\" data-id=\"7484158\" src=\"https:\/\/www.europesays.com\/pt\/wp-content\/uploads\/2025\/10\/Elenco-Dona-de-Mim-23.jpg\" alt=\"Texto da novela Dona de MimSamuel (Juan Paiva).Globo\/ L\u00e9o Rosario\" class=\"wp-image-7484158\"  \/><\/p>\n<p>Samuel (Juan Paiva) (Foto: Globo, L\u00e9o Rosario)<\/p>\n<p><img loading=\"lazy\" decoding=\"async\" width=\"1200\" height=\"675\" data-id=\"7484168\" src=\"https:\/\/www.europesays.com\/pt\/wp-content\/uploads\/2025\/10\/Elenco-Dona-de-Mim-4.jpg\" alt=\"Davi (Rafa Vitti)Globo\/ L\u00e9o Rosario\" class=\"wp-image-7484168\"  \/><\/p>\n<p>Davi (Rafa Vitti) (Foto: Globo, L\u00e9o Rosario)<\/p>\n<p><img loading=\"lazy\" decoding=\"async\" width=\"1200\" height=\"675\" data-id=\"7484171\" src=\"https:\/\/www.europesays.com\/pt\/wp-content\/uploads\/2025\/10\/Elenco-Dona-de-Mim-7.jpg\" alt=\"Texto da novela Dona de MimMarlon (Humberto Moraes).Globo\/ Manoella Mello\" class=\"wp-image-7484171\"  \/><\/p>\n<p>Marlon (Humberto Moraes) (Foto: Globo, Manoella Mello)<\/p>\n<p><img loading=\"lazy\" decoding=\"async\" width=\"1200\" height=\"675\" data-id=\"7484141\" src=\"https:\/\/www.europesays.com\/pt\/wp-content\/uploads\/2025\/10\/Elenco-Dona-de-Mim-35.jpg\" alt=\"\" class=\"wp-image-7484141\"  \/><\/p>\n<p>Barbara (Giovana Cordeiro) (Foto: Globo, Manoella Mello)<\/p>\n<p><img loading=\"lazy\" decoding=\"async\" width=\"1200\" height=\"675\" data-id=\"7484156\" src=\"https:\/\/www.europesays.com\/pt\/wp-content\/uploads\/2025\/10\/Elenco-Dona-de-Mim-21.jpg\" alt=\"\" class=\"wp-image-7484156\"  \/><\/p>\n<p>Ellen (Camila Pitanga) (Foto: Globo, Manoella Mello)<\/p>\n<p><img loading=\"lazy\" decoding=\"async\" width=\"1200\" height=\"675\" data-id=\"7484139\" src=\"https:\/\/www.europesays.com\/pt\/wp-content\/uploads\/2025\/10\/Elenco-Dona-de-Mim-34.jpg\" alt=\"\" class=\"wp-image-7484139\"  \/><\/p>\n<p>Jussara (Vilma Melo) (Foto: Globo, Manoella Mello)<\/p>\n<p><img loading=\"lazy\" decoding=\"async\" width=\"1200\" height=\"675\" data-id=\"7484132\" src=\"https:\/\/www.europesays.com\/pt\/wp-content\/uploads\/2025\/10\/Elenco-Dona-de-Mim-27.jpg\" alt=\"\" class=\"wp-image-7484132\"  \/><\/p>\n<p>Stephany (Nikolly Fernandes) (Foto: Globo, Manoella Mello)<\/p>\n<p><img loading=\"lazy\" decoding=\"async\" width=\"1200\" height=\"675\" data-id=\"7484154\" src=\"https:\/\/www.europesays.com\/pt\/wp-content\/uploads\/2025\/11\/Elenco-Dona-de-Mim-19.jpg\" alt=\"Texto da novela Dona de MimJaques (Marcello Novaes)Globo\/ L\u00e9o Rosario\" class=\"wp-image-7484154\"  \/><\/p>\n<p>Jaques (Marcello Novaes) (Foto: Globo, L\u00e9o Rosario)<\/p>\n<p><img loading=\"lazy\" decoding=\"async\" width=\"1200\" height=\"675\" data-id=\"7484153\" src=\"https:\/\/www.europesays.com\/pt\/wp-content\/uploads\/2025\/10\/Elenco-Dona-de-Mim-18.jpg\" alt=\"Texto da novela Dona de MimT\u00e2nia (Aline Borges)Globo\/ L\u00e9o Rosario\" class=\"wp-image-7484153\"  \/><\/p>\n<p>T\u00e2nia (Aline Borges) (Foto: Globo, L\u00e9o Rosario)<\/p>\n<p><img loading=\"lazy\" decoding=\"async\" width=\"1200\" height=\"675\" data-id=\"7484155\" src=\"https:\/\/www.europesays.com\/pt\/wp-content\/uploads\/2025\/10\/Elenco-Dona-de-Mim-20.jpg\" alt=\"\" class=\"wp-image-7484155\"  \/><\/p>\n<p>Danilo (Felipe Simas) (Foto: Globo, Manoella Mello)<\/p>\n<p><img loading=\"lazy\" decoding=\"async\" width=\"1200\" height=\"675\" data-id=\"7484149\" src=\"https:\/\/www.europesays.com\/pt\/wp-content\/uploads\/2025\/10\/Elenco-Dona-de-Mim-16.jpg\" alt=\" Ricardo (Marcos Pasquim).Globo\/ Manoella Mello Globo\/ Man\" class=\"wp-image-7484149\"  \/><\/p>\n<p> Ricardo (Marcos Pasquim) (Foto: Globo, Manoella Mello)<\/p>\n<p><img loading=\"lazy\" decoding=\"async\" width=\"1200\" height=\"675\" data-id=\"7484157\" src=\"https:\/\/www.europesays.com\/pt\/wp-content\/uploads\/2025\/10\/Elenco-Dona-de-Mim-22.jpg\" alt=\"Texto da novela Dona de MimVanderson (Armando Babaioff).Globo\/ Manoella Mello\" class=\"wp-image-7484157\"  \/><\/p>\n<p>Vanderson (Armando Babaioff) (Foto: Globo, Manoella Mello)<\/p>\n<p><img loading=\"lazy\" decoding=\"async\" width=\"1200\" height=\"675\" data-id=\"7484135\" src=\"https:\/\/www.europesays.com\/pt\/wp-content\/uploads\/2025\/10\/Elenco-Dona-de-Mim-30.jpg\" alt=\"\" class=\"wp-image-7484135\"  \/><\/p>\n<p>Isabela (Sylvia Bandeira) (Foto: Globo, Manoella Mello)<\/p>\n<p><img loading=\"lazy\" decoding=\"async\" width=\"1200\" height=\"675\" data-id=\"7484169\" src=\"https:\/\/www.europesays.com\/pt\/wp-content\/uploads\/2025\/10\/Elenco-Dona-de-Mim-5.jpg\" alt=\"Texto da novela Dona de MimAyla (Bel Lima).Globo\/ L\u00e9o Rosario\" class=\"wp-image-7484169\"  \/><\/p>\n<p>Ayla (Bel Lima) (Foto: Globo, L\u00e9o Rosario)<\/p>\n<p><img loading=\"lazy\" decoding=\"async\" width=\"1200\" height=\"675\" data-id=\"7484173\" src=\"https:\/\/www.europesays.com\/pt\/wp-content\/uploads\/2025\/10\/Elenco-Dona-de-Mim-9.jpg\" alt=\"\" class=\"wp-image-7484173\"  \/><\/p>\n<p>Kami (Giovanna Lancellotti) (Foto: Globo, Manoella Mello)<\/p>\n<p><img loading=\"lazy\" decoding=\"async\" width=\"1200\" height=\"675\" data-id=\"7484138\" src=\"https:\/\/www.europesays.com\/pt\/wp-content\/uploads\/2025\/10\/Elenco-Dona-de-Mim-33.jpg\" alt=\"\" class=\"wp-image-7484138\"  \/><\/p>\n<p>Pam (Haon\u00ea Thinar) Globo\/ Manoella Mello<\/p>\n<p><img loading=\"lazy\" decoding=\"async\" width=\"1200\" height=\"675\" data-id=\"7484176\" src=\"https:\/\/www.europesays.com\/pt\/wp-content\/uploads\/2025\/10\/Elenco-Dona-de-Mim-11.jpg\" alt=\"\" class=\"wp-image-7484176\"  \/><\/p>\n<p>Dara (Cecilia Chancez) Globo\/ Manoella Mello<\/p>\n<p><img loading=\"lazy\" decoding=\"async\" width=\"1200\" height=\"675\" data-id=\"7484172\" src=\"https:\/\/www.europesays.com\/pt\/wp-content\/uploads\/2025\/10\/Elenco-Dona-de-Mim-8.jpg\" alt=\"Texto da novela Dona de MimYara (Cyda Moreno).Globo\/ Manoella Mello\" class=\"wp-image-7484172\"  \/><\/p>\n<p>Yara (Cyda Moreno) (Foto: Globo, Manoella Mello)<\/p>\n<p><img loading=\"lazy\" decoding=\"async\" width=\"1200\" height=\"675\" data-id=\"7484143\" src=\"https:\/\/www.europesays.com\/pt\/wp-content\/uploads\/2025\/10\/Elenco-Dona-de-Mim-37.jpg\" alt=\"\" class=\"wp-image-7484143\"  \/><\/p>\n<p>Caco (Pedro Alves) (Foto: Globo, Manoella Mello)<\/p>\n<p><img loading=\"lazy\" decoding=\"async\" width=\"1200\" height=\"675\" data-id=\"7484161\" src=\"https:\/\/www.europesays.com\/pt\/wp-content\/uploads\/2025\/10\/Elenco-Dona-de-Mim-25.jpg\" alt=\"Texto da novela Dona de MimRyan (L7).Globo\/ Manoella Mello\" class=\"wp-image-7484161\"  \/><\/p>\n<p>Ryan (L7) (Foto: Globo, Manoella Mello)<\/p>\n<p><img loading=\"lazy\" decoding=\"async\" width=\"1200\" height=\"675\" data-id=\"7484142\" src=\"https:\/\/www.europesays.com\/pt\/wp-content\/uploads\/2025\/10\/Elenco-Dona-de-Mim-36.jpg\" alt=\"\" class=\"wp-image-7484142\"  \/><\/p>\n<p>Lucas (Pedro Henrique Ferreira) (Foto: Globo, L\u00e9o Rosario)<\/p>\n<p><img loading=\"lazy\" decoding=\"async\" width=\"1200\" height=\"675\" data-id=\"7484146\" src=\"https:\/\/www.europesays.com\/pt\/wp-content\/uploads\/2025\/10\/Elenco-Dona-de-Mim-14.jpg\" alt=\"\" class=\"wp-image-7484146\"  \/><\/p>\n<p>Jeff (Fa\u00edska Alves) (Foto: Globo, L\u00e9o Rosario)<\/p>\n<p><img loading=\"lazy\" decoding=\"async\" width=\"1200\" height=\"675\" data-id=\"7484148\" src=\"https:\/\/www.europesays.com\/pt\/wp-content\/uploads\/2025\/10\/Elenco-Dona-de-Mim-15.jpg\" alt=\"\" class=\"wp-image-7484148\"  \/><\/p>\n<p>Manuel (Ernani Moraes) (Foto: Globo, Manoella Mello)<\/p>\n<p><img loading=\"lazy\" decoding=\"async\" width=\"1200\" height=\"675\" data-id=\"7484136\" src=\"https:\/\/www.europesays.com\/pt\/wp-content\/uploads\/2025\/10\/Elenco-Dona-de-Mim-31.jpg\" alt=\"\" class=\"wp-image-7484136\"  \/><\/p>\n<p>Luis\u00e3o (Ad\u00e9lio Lima) (Foto: Globo, Manoella Mello)<\/p>\n<p><img loading=\"lazy\" decoding=\"async\" width=\"1200\" height=\"675\" data-id=\"7484145\" src=\"https:\/\/www.europesays.com\/pt\/wp-content\/uploads\/2025\/10\/Elenco-Dona-de-Mim-13.jpg\" alt=\"Texto da novela Dona de MimPeter (Pedro Fernandes).Globo\/ Manoella Mello\" class=\"wp-image-7484145\"  \/><\/p>\n<p>Peter (Pedro Fernandes) (Foto: Globo, Manoella Mello)<\/p>\n<p><img loading=\"lazy\" decoding=\"async\" width=\"1200\" height=\"675\" data-id=\"7484150\" src=\"https:\/\/www.europesays.com\/pt\/wp-content\/uploads\/2025\/10\/Elenco-Dona-de-Mim-17.jpg\" alt=\"\" class=\"wp-image-7484150\"  \/><\/p>\n<p>Denise (Cris Larin) (Foto: Globo, L\u00e9o Rosario)<\/p>\n<p><img loading=\"lazy\" decoding=\"async\" width=\"1200\" height=\"675\" data-id=\"7484163\" src=\"https:\/\/www.europesays.com\/pt\/wp-content\/uploads\/2025\/10\/Elenco-Dona-de-Mim-2.jpg\" alt=\"\" class=\"wp-image-7484163\"  \/><\/p>\n<p>Natara (Carol Marra) (Foto: Globo, L\u00e9o Rosario)<\/p>\n<p><img loading=\"lazy\" decoding=\"async\" width=\"1200\" height=\"675\" data-id=\"7484164\" src=\"https:\/\/www.europesays.com\/pt\/wp-content\/uploads\/2025\/10\/Elenco-Dona-de-Mim-3.jpg\" alt=\"\" class=\"wp-image-7484164\"  \/><\/p>\n<p>Alan (Hugo Resende) (Foto: Globo, Manoella Mello)<\/p>\n<p><img loading=\"lazy\" decoding=\"async\" width=\"1200\" height=\"675\" data-id=\"7484170\" src=\"https:\/\/www.europesays.com\/pt\/wp-content\/uploads\/2025\/10\/Elenco-Dona-de-Mim-6.jpg\" alt=\"\" class=\"wp-image-7484170\"  \/><\/p>\n<p>Breno (Gabriel Sanches) (Foto: Globo, L\u00e9o Rosario)<\/p>\n<p><img loading=\"lazy\" decoding=\"async\" width=\"1200\" height=\"675\" data-id=\"7484179\" src=\"https:\/\/www.europesays.com\/pt\/wp-content\/uploads\/2025\/10\/Elenco-Dona-de-Mim-12.jpg\" alt=\"Texto da novela Dona de MimGisele (Luana Tanaka).Globo\/ F\u00e1bio Rocha\" class=\"wp-image-7484179\"  \/><\/p>\n<p>Gisele (Luana Tanaka) (Foto: Globo, F\u00e1bio Rocha)<\/p>\n<p><img loading=\"lazy\" decoding=\"async\" width=\"1200\" height=\"675\" data-id=\"7484174\" src=\"https:\/\/www.europesays.com\/pt\/wp-content\/uploads\/2025\/10\/Elenco-Dona-de-Mim-10.jpg\" alt=\"\" class=\"wp-image-7484174\"  \/><\/p>\n<p> Ded\u00e9 (Lorenzo Reis) (Foto: Globo, Manoella Mello)<\/p>\n<p>Resumo completo: conflitos pessoais e perigos na comunidade<\/p>\n<p>Na ter\u00e7a-feira, 4 de novembro, <strong>Leo se decepciona com Samuel<\/strong> e declara que manter\u00e1 sua posi\u00e7\u00e3o como bab\u00e1 de Sofia. Vale lembrar que no dia anterior, Samuel havia pedido Leo em casamento, mas ela respondeu que seguiria como cuidadora da menina.<\/p>\n<p>Continua depois da publicidade<\/p>\n<p>Em um momento de ternura, <strong>Marlon (Humberto Morais) se emociona<\/strong> e afirma a Leo que ela \u201cnasceu para ser m\u00e3e\u201d. Enquanto isso, Yara e Stephany lamentam o fato de Leo ter interrompido a sua cole\u00e7\u00e3o de moda.<\/p>\n<p>A tens\u00e3o familiar segue intensa. <strong>Davi (Lu\u00eds Navarro)<\/strong> luta com B\u00e1rbara (Julia Mendes), que demonstra irrita\u00e7\u00e3o com o rapaz. Leo tamb\u00e9m manifesta preocupa\u00e7\u00e3o com a situa\u00e7\u00e3o de <strong>Filipa<\/strong>. A sa\u00fade de Filipa, que j\u00e1 havia reclamado para Jaques que os rem\u00e9dios estavam lhe fazendo mal no dia anterior, piora quando <strong>Jaques sabota seus rem\u00e9dios novamente<\/strong>.<\/p>\n<p>O \u00e1pice do drama rom\u00e2ntico ocorre quando <strong>Samuel pede a Filipa que ela lhe passe a guarda de Sofia<\/strong>, e, crucialmente, <strong>Leo ouve toda a conversa<\/strong>. Esta a\u00e7\u00e3o de Samuel levar\u00e1 Leo a dizer, no dia seguinte, que deseja terminar o relacionamento dos dois.<\/p>\n<p>Continua depois da publicidade<\/p>\n<p>Paralelamente, na comunidade, a <strong>festa de Ryan (Diogo Soares) e Azzy (Maria Gal)<\/strong> come\u00e7a na barreira. Marlon e a pol\u00edcia monitoram o movimento local. Durval (Eduardo Estrela) orienta Vespa a cancelar uma entrega de mercadoria. Ryan e Azzy iniciam a grava\u00e7\u00e3o de seu clipe, mas a festa \u00e9 interrompida pelo <strong>barulho de um tiro que ecoa na barreira<\/strong>. Diante do perigo, Marlon e Pompeu (J\u00falio Rocha) v\u00e3o atr\u00e1s de Dinho.<\/p>\n<p><strong><a href=\"https:\/\/www.nsctotal.com.br\/noticias\/dona-de-mim-personagem-que-nao-morreu-volta-para-a-vida-sofia\" target=\"_blank\" rel=\"noreferrer noopener nofollow\">Dona de Mim: personagem que n\u00e3o morreu volta para a vida de Sofia<\/a><\/strong><\/p>\n<p>O que esperar na quarta-feira (05\/11)<\/p>\n<p>Ap\u00f3s ouvir Samuel pedindo a guarda de Sofia, <strong>Leo diz a Samuel que deseja terminar o relacionamento dos dois<\/strong>. Na Barreira, Marlon pedir\u00e1 refor\u00e7o ap\u00f3s o tiro.<\/p>\n<p>Esta publica\u00e7\u00e3o foi criada a partir dos resumos da novela \u2018Dona de Mim\u2019 para a semana de 3 a 8 de novembro, divulgados pela <strong><a href=\"https:\/\/gshow.globo.com\/novelas\/dona-de-mim\/\" target=\"_blank\" rel=\"noreferrer noopener nofollow\">TV Globo<\/a><\/strong>.<\/p>\n<p>Continua depois da publicidade<\/p>\n","protected":false},"excerpt":{"rendered":"Leo (Clara Moneke) se decepciona com Samuel (Juan Paiva) no cap\u00edtulo de ter\u00e7a-feira (4\/11) (Foto: Divulga\u00e7\u00e3o, TV Globo)&hellip;\n","protected":false},"author":2,"featured_media":138758,"comment_status":"","ping_status":"","sticky":false,"template":"","format":"standard","meta":{"footnotes":""},"categories":[142],"tags":[114,115,32,33,151,543],"class_list":{"0":"post-138757","1":"post","2":"type-post","3":"status-publish","4":"format-standard","5":"has-post-thumbnail","7":"category-tv","8":"tag-entertainment","9":"tag-entretenimento","10":"tag-portugal","11":"tag-pt","12":"tag-tv","13":"tag-ver-ouvir-ler"},"share_on_mastodon":{"url":"https:\/\/pubeurope.com\/@pt\/115489297838957151","error":""},"_links":{"self":[{"href":"https:\/\/www.europesays.com\/pt\/wp-json\/wp\/v2\/posts\/138757","targetHints":{"allow":["GET"]}}],"collection":[{"href":"https:\/\/www.europesays.com\/pt\/wp-json\/wp\/v2\/posts"}],"about":[{"href":"https:\/\/www.europesays.com\/pt\/wp-json\/wp\/v2\/types\/post"}],"author":[{"embeddable":true,"href":"https:\/\/www.europesays.com\/pt\/wp-json\/wp\/v2\/users\/2"}],"replies":[{"embeddable":true,"href":"https:\/\/www.europesays.com\/pt\/wp-json\/wp\/v2\/comments?post=138757"}],"version-history":[{"count":0,"href":"https:\/\/www.europesays.com\/pt\/wp-json\/wp\/v2\/posts\/138757\/revisions"}],"wp:featuredmedia":[{"embeddable":true,"href":"https:\/\/www.europesays.com\/pt\/wp-json\/wp\/v2\/media\/138758"}],"wp:attachment":[{"href":"https:\/\/www.europesays.com\/pt\/wp-json\/wp\/v2\/media?parent=138757"}],"wp:term":[{"taxonomy":"category","embeddable":true,"href":"https:\/\/www.europesays.com\/pt\/wp-json\/wp\/v2\/categories?post=138757"},{"taxonomy":"post_tag","embeddable":true,"href":"https:\/\/www.europesays.com\/pt\/wp-json\/wp\/v2\/tags?post=138757"}],"curies":[{"name":"wp","href":"https:\/\/api.w.org\/{rel}","templated":true}]}}