{"id":138775,"date":"2025-11-04T03:57:21","date_gmt":"2025-11-04T03:57:21","guid":{"rendered":"https:\/\/www.europesays.com\/pt\/138775\/"},"modified":"2025-11-04T03:57:21","modified_gmt":"2025-11-04T03:57:21","slug":"roda-de-dialogo-sobre-a-prevencao-ao-cancer-de-mama","status":"publish","type":"post","link":"https:\/\/www.europesays.com\/pt\/138775\/","title":{"rendered":"Roda de Di\u00e1logo sobre a preven\u00e7\u00e3o ao c\u00e2ncer de mama\u00a0"},"content":{"rendered":"<p>Na tarde da \u00faltima sexta-feira, 31 de outubro, o Sintepe promoveu um momento especial de troca, conscientiza\u00e7\u00e3o e autocuidado. A Roda de Di\u00e1logo sobre a preven\u00e7\u00e3o ao c\u00e2ncer de mama reuniu professoras, professores e convidados em uma conversa inspiradora sobre sa\u00fade, bem-estar e preven\u00e7\u00e3o.<\/p>\n<p>O encontro contou com a participa\u00e7\u00e3o de Evelyn Lins (enfermeira obstetra), Veronica Freitas (personal trainer) e M\u00e1rcia Silva (diretora do Sintepe), que compartilharam saberes e reflex\u00f5es valiosas. <\/p>\n<p>Organizada pelas diretoras Camila Silva e Vera Pessoa, a atividade fez parte das a\u00e7\u00f5es do Outubro Rosa, refor\u00e7ando a import\u00e2ncia do cuidado com a sa\u00fade da mulher. <\/p>\n<p>Porque cuidar de si \u00e9 um ato de resist\u00eancia, amor e luta \u2014 e o Sintepe segue junto nessa caminhada por uma vida mais saud\u00e1vel!\u00a0<\/p>\n","protected":false},"excerpt":{"rendered":"Na tarde da \u00faltima sexta-feira, 31 de outubro, o Sintepe promoveu um momento especial de troca, conscientiza\u00e7\u00e3o e&hellip;\n","protected":false},"author":2,"featured_media":138776,"comment_status":"","ping_status":"","sticky":false,"template":"","format":"standard","meta":{"footnotes":""},"categories":[86],"tags":[30964,5960,21560,5833,539,116,30965,32,33,30966,117,21562,21563],"class_list":{"0":"post-138775","1":"post","2":"type-post","3":"status-publish","4":"format-standard","5":"has-post-thumbnail","7":"category-saude","8":"tag-cancer-de","9":"tag-cancer-de-mama","10":"tag-cnte","11":"tag-dialogo","12":"tag-educacao","13":"tag-health","14":"tag-ma","15":"tag-portugal","16":"tag-pt","17":"tag-roda","18":"tag-saude","19":"tag-sintepe","20":"tag-trabalhadores-em-educacao"},"share_on_mastodon":{"url":"https:\/\/pubeurope.com\/@pt\/115489422920487136","error":""},"_links":{"self":[{"href":"https:\/\/www.europesays.com\/pt\/wp-json\/wp\/v2\/posts\/138775","targetHints":{"allow":["GET"]}}],"collection":[{"href":"https:\/\/www.europesays.com\/pt\/wp-json\/wp\/v2\/posts"}],"about":[{"href":"https:\/\/www.europesays.com\/pt\/wp-json\/wp\/v2\/types\/post"}],"author":[{"embeddable":true,"href":"https:\/\/www.europesays.com\/pt\/wp-json\/wp\/v2\/users\/2"}],"replies":[{"embeddable":true,"href":"https:\/\/www.europesays.com\/pt\/wp-json\/wp\/v2\/comments?post=138775"}],"version-history":[{"count":0,"href":"https:\/\/www.europesays.com\/pt\/wp-json\/wp\/v2\/posts\/138775\/revisions"}],"wp:featuredmedia":[{"embeddable":true,"href":"https:\/\/www.europesays.com\/pt\/wp-json\/wp\/v2\/media\/138776"}],"wp:attachment":[{"href":"https:\/\/www.europesays.com\/pt\/wp-json\/wp\/v2\/media?parent=138775"}],"wp:term":[{"taxonomy":"category","embeddable":true,"href":"https:\/\/www.europesays.com\/pt\/wp-json\/wp\/v2\/categories?post=138775"},{"taxonomy":"post_tag","embeddable":true,"href":"https:\/\/www.europesays.com\/pt\/wp-json\/wp\/v2\/tags?post=138775"}],"curies":[{"name":"wp","href":"https:\/\/api.w.org\/{rel}","templated":true}]}}