{"id":138791,"date":"2025-11-04T04:25:18","date_gmt":"2025-11-04T04:25:18","guid":{"rendered":"https:\/\/www.europesays.com\/pt\/138791\/"},"modified":"2025-11-04T04:25:18","modified_gmt":"2025-11-04T04:25:18","slug":"prefeitura-municipal-de-ribeirao-preto-9","status":"publish","type":"post","link":"https:\/\/www.europesays.com\/pt\/138791\/","title":{"rendered":"Prefeitura Municipal de Ribeir\u00e3o Preto"},"content":{"rendered":"<p>03\/11\/2025 15:37 &#8211; Sa\u00fade<\/p>\n<p>            Ribeir\u00e3o Preto promove Dia D de Vacina\u00e7\u00e3o contra a dengue e HPV neste s\u00e1bado, dia 8<\/p>\n<p>            Vacinas s\u00e3o destinadas a crian\u00e7as e adolescentes entre 10 a 19 anos que ainda n\u00e3o foram imunizados<\/p>\n<p>Foto:Fernando Gonzaga<\/p>\n<p>&#13;<br \/>\n&#13;<\/p>\n<p><img decoding=\"async\" src=\"https:\/\/www.europesays.com\/pt\/wp-content\/uploads\/2025\/11\/vacinacao_h1n1_-_foto_fernando_gonzaga_1.jpg\" width=\"500\"\/><\/p>\n<p>&#13;<br \/>\n&#13;<\/p>\n<p>\u00a0<\/p>\n<p>&#13;<br \/>\n&#13;<\/p>\n<p style=\"text-align:justify\">Ribeir\u00e3o Preto promove neste s\u00e1bado, 8, o Dia D de Vacina\u00e7\u00e3o Contra a Dengue e o HPV, voltado a crian\u00e7as e adolescentes. A a\u00e7\u00e3o acontece em todas as 38 salas de vacina do munic\u00edpio, das 8h \u00e0s 16h30, e integra a estrat\u00e9gia da Secretaria Municipal da Sa\u00fade para ampliar a cobertura vacinal, em um momento em que o in\u00edcio do per\u00edodo de chuvas aumenta o risco de prolifera\u00e7\u00e3o do mosquito Aedes aegypti, al\u00e9m de refor\u00e7ar a prote\u00e7\u00e3o contra doen\u00e7as que podem causar c\u00e2ncer, como o HPV.<\/p>\n<p>&#13;<br \/>\n&#13;<\/p>\n<p style=\"text-align:justify\">\u00a0<\/p>\n<p>&#13;<br \/>\n&#13;<\/p>\n<p style=\"text-align:justify\">A vacina\u00e7\u00e3o ser\u00e1 destinada a quem ainda n\u00e3o recebeu as doses. A vacina contra a dengue \u00e9 indicada para crian\u00e7as e adolescentes de 10 a 14 anos, enquanto o imunizante contra o HPV ser\u00e1 aplicado em jovens de 15 a 19 anos.<\/p>\n<p>&#13;<br \/>\n&#13;<\/p>\n<p style=\"text-align:justify\">\u00a0<\/p>\n<p>&#13;<br \/>\n&#13;<\/p>\n<p style=\"text-align:justify\">Com a tend\u00eancia de aumento da circula\u00e7\u00e3o do Aedes aegypti nos pr\u00f3ximos meses, a pasta refor\u00e7a que a imuniza\u00e7\u00e3o \u00e9 essencial para reduzir casos graves e interna\u00e7\u00f5es por dengue. A cobertura vacinal da doen\u00e7a \u00e9 de 77,3% para a primeira dose, e 31,3% para a segunda dose. Para garantir a prote\u00e7\u00e3o, \u00e9 necess\u00e1rio que as duas doses sejam aplicadas.<\/p>\n<p>&#13;<br \/>\n&#13;<\/p>\n<p style=\"text-align:justify\">\u00a0<\/p>\n<p>&#13;<br \/>\n&#13;<\/p>\n<p style=\"text-align:justify\">Desde o in\u00edcio do ano, foram confirmados 21.470 casos da doen\u00e7a. A secretaria alerta ainda para a necessidade de manter medidas de preven\u00e7\u00e3o, como eliminar recipientes que acumulem \u00e1gua.<\/p>\n<p>&#13;<br \/>\n&#13;<\/p>\n<p style=\"text-align:justify\">\u00a0<\/p>\n<p>&#13;<br \/>\n&#13;<\/p>\n<p style=\"text-align:justify\"><strong>HPV<\/strong><\/p>\n<p>&#13;<br \/>\n&#13;<\/p>\n<p style=\"text-align:justify\">Al\u00e9m disso, o munic\u00edpio tamb\u00e9m refor\u00e7a a import\u00e2ncia da vacina contra o HPV, v\u00edrus associado ao desenvolvimento de diferentes tipos de c\u00e2ncer, incluindo colo de \u00fatero, garganta e p\u00eanis. Embora o imunizante esteja dispon\u00edvel na rotina do calend\u00e1rio vacinal, a ades\u00e3o entre adolescentes tem sido um desafio em diversas regi\u00f5es do pa\u00eds. Atualmente, a cobertura vacinal do HPV \u00e9 de 73,8% entre as meninas, e 61,4% entre os meninos.<\/p>\n<p>&#13;<br \/>\n&#13;<\/p>\n<p style=\"text-align:justify\">\u00a0<\/p>\n<p>&#13;<br \/>\n&#13;<\/p>\n<p style=\"text-align:justify\">O\u00a0HPV \u00e9 respons\u00e1vel por 99,7% dos casos de c\u00e2ncer do colo do \u00fatero e \u00e9 o terceiro tipo mais incidente entre mulheres, atr\u00e1s dos tumores de mama e de c\u00f3lon e reto. <\/p>\n<p>&#13;<br \/>\n&#13;<\/p>\n<p style=\"text-align:justify\">\u00a0\u00a0\u00a0\u00a0 <\/p>\n<p>&#13;<br \/>\n&#13;<\/p>\n<p style=\"text-align:justify\">Para a vacina\u00e7\u00e3o, basta apresentar documento com foto e caderneta de vacina\u00e7\u00e3o, se houver. <\/p>\n<p>&#13;<br \/>\n&#13;<\/p>\n<p style=\"text-align:justify\">\u00a0<\/p>\n<p>&#13;<br \/>\n&#13;<\/p>\n<p style=\"text-align:justify\">\u201cA\u00e7\u00f5es como o Dia D buscam facilitar o acesso e incentivar as fam\u00edlias a regularizarem a situa\u00e7\u00e3o vacinal, especialmente aquelas que encontram dificuldade para comparecer \u00e0s unidades de sa\u00fade durante a semana. Nosso objetivo \u00e9 ampliar a prote\u00e7\u00e3o e reduzir riscos \u00e0 sa\u00fade da popula\u00e7\u00e3o jovem\u201d, afirmou Luzia M\u00e1rcia Romanholi Passos, subsecret\u00e1ria de Vigil\u00e2ncia em Sa\u00fade. <\/p>\n<p>&#13;<br \/>\n&#13;<\/p>\n<p style=\"text-align:justify\">\u00a0<\/p>\n<p>&#13;<br \/>\n&#13;<\/p>\n<p style=\"text-align:justify\"><strong>SERVI\u00c7O<\/strong><\/p>\n<p>&#13;<br \/>\n&#13;<\/p>\n<p style=\"text-align:justify\">Dia D de Vacina\u00e7\u00e3o Contra a Dengue e o HPV<\/p>\n<p>&#13;<br \/>\n&#13;<\/p>\n<p style=\"text-align:justify\">Data: 08\/11 (s\u00e1bado)<\/p>\n<p>&#13;<br \/>\n&#13;<\/p>\n<p style=\"text-align:justify\">Hor\u00e1rio: 8h \u00e0s 16h30<\/p>\n<p>&#13;<br \/>\n&#13;<\/p>\n<p style=\"text-align:left\">Local: Todas as salas de vacina. Endere\u00e7os: <a href=\"https:\/\/www.ribeiraopreto.sp.gov.br\/portal\/saude\/salas-vacinas\" style=\"color:#0563c1; text-decoration:underline\" rel=\"nofollow noopener\" target=\"_blank\">https:\/\/www.ribeiraopreto.sp.gov.br\/portal\/saude\/salas-vacinas<\/a> <\/p>\n<p>&#13;<br \/>\n&#13;<\/p>\n<p style=\"text-align:justify\">\u00a0<\/p>\n<p>&#13;<br \/>\n&#13;<\/p>\n<p>\u00a0<\/p>\n<p>&#13;<\/p>\n","protected":false},"excerpt":{"rendered":"03\/11\/2025 15:37 &#8211; Sa\u00fade Ribeir\u00e3o Preto promove Dia D de Vacina\u00e7\u00e3o contra a dengue e HPV neste s\u00e1bado,&hellip;\n","protected":false},"author":2,"featured_media":138792,"comment_status":"","ping_status":"","sticky":false,"template":"","format":"standard","meta":{"footnotes":""},"categories":[86],"tags":[116,9509,32,9508,33,3550,117,9510],"class_list":{"0":"post-138791","1":"post","2":"type-post","3":"status-publish","4":"format-standard","5":"has-post-thumbnail","7":"category-saude","8":"tag-health","9":"tag-noticias-ribeirao-preto","10":"tag-portugal","11":"tag-prefeitura-ribeirao-preto","12":"tag-pt","13":"tag-ribeirao-preto","14":"tag-saude","15":"tag-servicos-ribeirao-preto"},"share_on_mastodon":{"url":"https:\/\/pubeurope.com\/@pt\/115489533123376747","error":""},"_links":{"self":[{"href":"https:\/\/www.europesays.com\/pt\/wp-json\/wp\/v2\/posts\/138791","targetHints":{"allow":["GET"]}}],"collection":[{"href":"https:\/\/www.europesays.com\/pt\/wp-json\/wp\/v2\/posts"}],"about":[{"href":"https:\/\/www.europesays.com\/pt\/wp-json\/wp\/v2\/types\/post"}],"author":[{"embeddable":true,"href":"https:\/\/www.europesays.com\/pt\/wp-json\/wp\/v2\/users\/2"}],"replies":[{"embeddable":true,"href":"https:\/\/www.europesays.com\/pt\/wp-json\/wp\/v2\/comments?post=138791"}],"version-history":[{"count":0,"href":"https:\/\/www.europesays.com\/pt\/wp-json\/wp\/v2\/posts\/138791\/revisions"}],"wp:featuredmedia":[{"embeddable":true,"href":"https:\/\/www.europesays.com\/pt\/wp-json\/wp\/v2\/media\/138792"}],"wp:attachment":[{"href":"https:\/\/www.europesays.com\/pt\/wp-json\/wp\/v2\/media?parent=138791"}],"wp:term":[{"taxonomy":"category","embeddable":true,"href":"https:\/\/www.europesays.com\/pt\/wp-json\/wp\/v2\/categories?post=138791"},{"taxonomy":"post_tag","embeddable":true,"href":"https:\/\/www.europesays.com\/pt\/wp-json\/wp\/v2\/tags?post=138791"}],"curies":[{"name":"wp","href":"https:\/\/api.w.org\/{rel}","templated":true}]}}