{"id":13880,"date":"2025-08-03T07:14:11","date_gmt":"2025-08-03T07:14:11","guid":{"rendered":"https:\/\/www.europesays.com\/pt\/13880\/"},"modified":"2025-08-03T07:14:11","modified_gmt":"2025-08-03T07:14:11","slug":"sbt-tv-joao-kleber-celebra-68-anos-com-recado-inspirador-a-vitalidade-esta-na-alma","status":"publish","type":"post","link":"https:\/\/www.europesays.com\/pt\/13880\/","title":{"rendered":"SBT TV | Jo\u00e3o Kl\u00e9ber celebra 68 anos com recado inspirador: \\&#8221;A vitalidade est\u00e1 na alma\\&#8221;"},"content":{"rendered":"<p><strong>Jo\u00e3o Kl\u00e9ber<\/strong> est\u00e1 em clima de festa neste s\u00e1bado (02), celebrando seus 68 anos com a energia de quem ainda tem muito para entregar \u00e0 televis\u00e3o. Em entrevista ao portal <strong>LeoDias<\/strong>, o apresentador revelou o segredo para manter a juventude: &#8220;A idade est\u00e1 no RG, mas a vitalidade est\u00e1 na alma e no cora\u00e7\u00e3o.&#8221;<\/p>\n<p>No ar com o programa <strong>&#8220;Para Aqui&#8221;, na RedeTV!<\/strong>, Jo\u00e3o credita sua disposi\u00e7\u00e3o \u00e0 paix\u00e3o pelo trabalho, bom humor e ao amor da fam\u00edlia. &#8220;Subir no palco, encarar a c\u00e2mera, conversar com o povo &#8211; isso me energiza!&#8221;, disse. Ele tamb\u00e9m refor\u00e7ou a import\u00e2ncia de rir de si mesmo, cuidar da sa\u00fade f\u00edsica e mental e manter por perto quem o faz bem.<\/p>\n<p>Com quase 40 anos de carreira, Jo\u00e3o Kl\u00e9ber segue firme como uma das figuras mais irreverentes da TV brasileira.<\/p>\n<p><strong><a href=\"https:\/\/tv.sbt.com.br\/programas\/jornalismo\/fofocalizando\/noticia\/284046-treta-no-feed-poliana-alfineta-funcionaria-de-virginia-por-esquecer-ze-felipe\" class=\"link_sbttv\" rel=\"nofollow noopener\" target=\"_blank\">+ Treta no feed! Poliana alfineta funcion\u00e1ria de Virginia por &#8220;esquecer&#8221; Z\u00e9 Felipe<\/a><\/strong><\/p>\n<p><a href=\"https:\/\/tv.sbt.com.br\/programas\/jornalismo\/fofocalizando\/noticia\/284045-virginia-fonseca-exibe-corpo-definido-e-impressiona-com-veias-saltadas-em-dubai\" class=\"link_sbttv\" rel=\"nofollow noopener\" target=\"_blank\"><strong>+ Virginia Fonseca exibe corpo definido e impressiona com veias saltadas em Dubai<\/strong><\/a><\/p>\n","protected":false},"excerpt":{"rendered":"Jo\u00e3o Kl\u00e9ber est\u00e1 em clima de festa neste s\u00e1bado (02), celebrando seus 68 anos com a energia de&hellip;\n","protected":false},"author":2,"featured_media":13881,"comment_status":"","ping_status":"","sticky":false,"template":"","format":"standard","meta":{"footnotes":""},"categories":[145],"tags":[211,210,114,115,972,1475,3455,32,33,936],"class_list":{"0":"post-13880","1":"post","2":"type-post","3":"status-publish","4":"format-standard","5":"has-post-thumbnail","7":"category-celebridades","8":"tag-celebridades","9":"tag-celebrities","10":"tag-entertainment","11":"tag-entretenimento","12":"tag-fofocalizando","13":"tag-joao","14":"tag-kleber","15":"tag-portugal","16":"tag-pt","17":"tag-sbt"},"share_on_mastodon":{"url":"","error":""},"_links":{"self":[{"href":"https:\/\/www.europesays.com\/pt\/wp-json\/wp\/v2\/posts\/13880","targetHints":{"allow":["GET"]}}],"collection":[{"href":"https:\/\/www.europesays.com\/pt\/wp-json\/wp\/v2\/posts"}],"about":[{"href":"https:\/\/www.europesays.com\/pt\/wp-json\/wp\/v2\/types\/post"}],"author":[{"embeddable":true,"href":"https:\/\/www.europesays.com\/pt\/wp-json\/wp\/v2\/users\/2"}],"replies":[{"embeddable":true,"href":"https:\/\/www.europesays.com\/pt\/wp-json\/wp\/v2\/comments?post=13880"}],"version-history":[{"count":0,"href":"https:\/\/www.europesays.com\/pt\/wp-json\/wp\/v2\/posts\/13880\/revisions"}],"wp:featuredmedia":[{"embeddable":true,"href":"https:\/\/www.europesays.com\/pt\/wp-json\/wp\/v2\/media\/13881"}],"wp:attachment":[{"href":"https:\/\/www.europesays.com\/pt\/wp-json\/wp\/v2\/media?parent=13880"}],"wp:term":[{"taxonomy":"category","embeddable":true,"href":"https:\/\/www.europesays.com\/pt\/wp-json\/wp\/v2\/categories?post=13880"},{"taxonomy":"post_tag","embeddable":true,"href":"https:\/\/www.europesays.com\/pt\/wp-json\/wp\/v2\/tags?post=13880"}],"curies":[{"name":"wp","href":"https:\/\/api.w.org\/{rel}","templated":true}]}}