{"id":138815,"date":"2025-11-04T04:53:44","date_gmt":"2025-11-04T04:53:44","guid":{"rendered":"https:\/\/www.europesays.com\/pt\/138815\/"},"modified":"2025-11-04T04:53:44","modified_gmt":"2025-11-04T04:53:44","slug":"estudo-mostra-anticorpo-para-combater-cancer-de-pancreas-03-11-2025-equilibrio-e-saude","status":"publish","type":"post","link":"https:\/\/www.europesays.com\/pt\/138815\/","title":{"rendered":"Estudo mostra anticorpo para combater c\u00e2ncer de p\u00e2ncreas &#8211; 03\/11\/2025 &#8211; Equil\u00edbrio e Sa\u00fade"},"content":{"rendered":"<p>Pesquisadores da Universidade Northwestern, nos <a href=\"https:\/\/www1.folha.uol.com.br\/folha-topicos\/estados-unidos\/\" rel=\"nofollow noopener\" target=\"_blank\">Estados Unidos<\/a>, desenvolveram um anticorpo que pode ajudar no tratamento de tumores de <a href=\"https:\/\/www1.folha.uol.com.br\/folha-topicos\/cancer\/\" rel=\"nofollow noopener\" target=\"_blank\">c\u00e2ncer<\/a> de p\u00e2ncreas. O estudo combinou dados de pacientes humanos e ensaios em laborat\u00f3rio com c\u00e9lulas humanas, al\u00e9m de testes em camundongos para validar a efic\u00e1cia do tratamento em organismos vivos.<\/p>\n<p>O <a href=\"https:\/\/www1.folha.uol.com.br\/ilustrada\/2025\/10\/tony-bellotto-vitorioso-no-jabuti-fala-de-carreira-nos-livros-e-tratamento-de-cancer.shtml\" rel=\"nofollow noopener\" target=\"\">c\u00e2ncer de p\u00e2ncreas<\/a> cresce de forma silenciosa, explica o m\u00e9dico oncologista Felipe Coimbra, l\u00edder do Centro de Refer\u00eancia em Tumores do Aparelho Digestivo Alto do A.C.Camargo Cancer Center.<\/p>\n<p>Os pesquisadores identificaram a presen\u00e7a de uma prote\u00edna chamada Siglec-10 em c\u00e9lulas de defesa dentro dos <a href=\"https:\/\/www1.folha.uol.com.br\/equilibrio\/2025\/10\/autora-de-comer-rezar-amar-faz-retrato-intimo-da-perda-de-um-amor-para-o-cancer.shtml\" rel=\"nofollow noopener\" target=\"\">tumores pancre\u00e1ticos<\/a>. Na busca por entender como essa mol\u00e9cula ajuda o c\u00e2ncer a se esconder, eles descobriram que ela se liga a outra prote\u00edna presente na superf\u00edcie das c\u00e9lulas cancer\u00edgenas, a Integrina \u03b13\u03b21.<\/p>\n<p>Essa liga\u00e7\u00e3o &#8220;engana&#8221; as c\u00e9lulas de defesa, que param de atacar o tumor. Quando os cientistas bloquearam essa intera\u00e7\u00e3o com um anticorpo desenvolvido para isso, as c\u00e9lulas do sistema imunol\u00f3gico voltaram a reconhecer e destruir o c\u00e2ncer com efic\u00e1cia.<\/p>\n<p>L\u00edder da pesquisa, o cientista e imunologista Mohamed Abdel-Mohsen, explica que essa descoberta \u00e9 importante porque mostra que o mesmo mecanismo que ajuda o c\u00e2ncer a se espalhar tamb\u00e9m o ajuda a se esconder do sistema imunol\u00f3gico.<\/p>\n<p>&#8220;Ao remover esse sinal de \u2018n\u00e3o ataque\u2019, conseguimos reativar essas c\u00e9lulas e fortalecer todo o sistema imunol\u00f3gico&#8221;, diz.<\/p>\n<p>Mesmo com detec\u00e7\u00e3o precoce, o tratamento ainda enfrenta grandes barreiras. Segundo ele, o p\u00e2ncreas fica em uma regi\u00e3o profunda do abdome, pr\u00f3xima de vasos, nervos e outras estruturas, o que favorece a invas\u00e3o precoce do tumor.<\/p>\n<p>&#8220;Al\u00e9m disso, as muta\u00e7\u00f5es s\u00e3o muito frequentes, em mais de 90% dos casos&#8221;, diz ele. Outro fator \u00e9 que o tumor cria um &#8220;ambiente hostil&#8221;, com tecido fibroso ao redor e pouca penetra\u00e7\u00e3o de c\u00e9lulas de defesa, o que reduz a efic\u00e1cia dos medicamentos.<\/p>\n<p>Esse recente estudo Northwestern, por exemplo, indica que, embora a <a href=\"https:\/\/www1.folha.uol.com.br\/equilibrioesaude\/2025\/08\/vacina-experimental-pode-inibir-avanco-de-cancer-de-pancreas-e-de-intestino.shtml\" rel=\"nofollow noopener\" target=\"_blank\">muta\u00e7\u00e3o Kras <\/a>seja um alvo conhecido, o uso isolado de medicamentos que bloqueiam essa muta\u00e7\u00e3o n\u00e3o \u00e9 suficiente, explica o oncologista.<\/p>\n<p>Abdel-Mohsen conta que a equipe agora est\u00e1 trabalhando para levar essa nova classe de imunoterapia ao ambiente cl\u00ednico. &#8220;Nosso plano \u00e9 concluir testes adicionais em laborat\u00f3rio, garantir a produ\u00e7\u00e3o do anticorpo em qualidade cl\u00ednica e avan\u00e7ar para discuss\u00f5es com \u00f3rg\u00e3os reguladores sobre os primeiros estudos em humanos&#8221;, explica o pesquisador.<\/p>\n<p>O <a href=\"https:\/\/www1.folha.uol.com.br\/equilibrioesaude\/2025\/10\/como-ultrassom-inaugura-nova-era-de-tratamento-de-cancer-sem-cirurgias.shtml\" rel=\"nofollow noopener\" target=\"\">tratamento do c\u00e2ncer de p\u00e2ncreas <\/a>\u00e9 definido por uma avalia\u00e7\u00e3o que considera o est\u00e1gio da doen\u00e7a, as condi\u00e7\u00f5es do paciente e as caracter\u00edsticas do tumor. Quando detectado precocemente, a cirurgia \u00e9 a principal chance de cura, frequentemente combinada com quimioterapia antes ou depois do procedimento.<\/p>\n<p>Para a maioria dos casos, diagnosticados em est\u00e1gio avan\u00e7ado, a quimioterapia e a radioterapia continuam sendo as principais op\u00e7\u00f5es, mas h\u00e1 tamb\u00e9m novas abordagens, como imunoterapias e medicamentos que agem sobre alvos espec\u00edficos.<\/p>\n<p>Abdel-Mohsen destaca que uma das pr\u00f3ximas etapas \u00e9 testar a combina\u00e7\u00e3o do novo anticorpo com quimioterapia ou imunoterapias j\u00e1 existentes. &#8220;Essa estrat\u00e9gia pode gerar uma resposta mais robusta do que qualquer tratamento isolado&#8221;, afirma.<\/p>\n<p>    Cuide-se<\/p>\n<p class=\"c-newsletter__subtitle\">Ci\u00eancia, h\u00e1bitos e preven\u00e7\u00e3o numa newsletter para a sua sa\u00fade e bem-estar<\/p>\n<p>O oncologista Felipe Coimbra refor\u00e7a que o <a href=\"https:\/\/www1.folha.uol.com.br\/equilibrioesaude\/2025\/10\/mapeamento-genetico-identifica-risco-hereditario-de-cancer-de-mama-em-ate-10-dos-casos.shtml\" rel=\"nofollow noopener\" target=\"\">c\u00e2ncer de p\u00e2ncreas<\/a> costuma ser descoberto tardiamente porque, em sua fase inicial, apresenta poucos ou nenhum sintoma. Desconforto abdominal leve ou perda de apetite dificilmente levam o paciente a investigar. Quando surgem sinais como icter\u00edcia, dor nas costas ou perda de peso inexplic\u00e1vel, geralmente a doen\u00e7a j\u00e1 est\u00e1 em est\u00e1gio avan\u00e7ado, completa.<\/p>\n","protected":false},"excerpt":{"rendered":"Pesquisadores da Universidade Northwestern, nos Estados Unidos, desenvolveram um anticorpo que pode ajudar no tratamento de tumores de&hellip;\n","protected":false},"author":2,"featured_media":138816,"comment_status":"","ping_status":"","sticky":false,"template":"","format":"standard","meta":{"footnotes":""},"categories":[86],"tags":[1776,11292,235,236,116,2196,1208,32,33,2197,2198,117],"class_list":{"0":"post-138815","1":"post","2":"type-post","3":"status-publish","4":"format-standard","5":"has-post-thumbnail","7":"category-saude","8":"tag-cancer","9":"tag-cancer-de-pancreas","10":"tag-estados-unidos","11":"tag-folha","12":"tag-health","13":"tag-leucemia","14":"tag-medicina","15":"tag-portugal","16":"tag-pt","17":"tag-quimioterapia","18":"tag-radioterapia","19":"tag-saude"},"share_on_mastodon":{"url":"https:\/\/pubeurope.com\/@pt\/115489643114396264","error":""},"_links":{"self":[{"href":"https:\/\/www.europesays.com\/pt\/wp-json\/wp\/v2\/posts\/138815","targetHints":{"allow":["GET"]}}],"collection":[{"href":"https:\/\/www.europesays.com\/pt\/wp-json\/wp\/v2\/posts"}],"about":[{"href":"https:\/\/www.europesays.com\/pt\/wp-json\/wp\/v2\/types\/post"}],"author":[{"embeddable":true,"href":"https:\/\/www.europesays.com\/pt\/wp-json\/wp\/v2\/users\/2"}],"replies":[{"embeddable":true,"href":"https:\/\/www.europesays.com\/pt\/wp-json\/wp\/v2\/comments?post=138815"}],"version-history":[{"count":0,"href":"https:\/\/www.europesays.com\/pt\/wp-json\/wp\/v2\/posts\/138815\/revisions"}],"wp:featuredmedia":[{"embeddable":true,"href":"https:\/\/www.europesays.com\/pt\/wp-json\/wp\/v2\/media\/138816"}],"wp:attachment":[{"href":"https:\/\/www.europesays.com\/pt\/wp-json\/wp\/v2\/media?parent=138815"}],"wp:term":[{"taxonomy":"category","embeddable":true,"href":"https:\/\/www.europesays.com\/pt\/wp-json\/wp\/v2\/categories?post=138815"},{"taxonomy":"post_tag","embeddable":true,"href":"https:\/\/www.europesays.com\/pt\/wp-json\/wp\/v2\/tags?post=138815"}],"curies":[{"name":"wp","href":"https:\/\/api.w.org\/{rel}","templated":true}]}}