{"id":138829,"date":"2025-11-04T05:10:08","date_gmt":"2025-11-04T05:10:08","guid":{"rendered":"https:\/\/www.europesays.com\/pt\/138829\/"},"modified":"2025-11-04T05:10:08","modified_gmt":"2025-11-04T05:10:08","slug":"geleira-na-antartida-derrete-em-ritmo-jamais-registrado-e-surpreende-cientistas-2","status":"publish","type":"post","link":"https:\/\/www.europesays.com\/pt\/138829\/","title":{"rendered":"Geleira na Ant\u00e1rtida derrete em ritmo jamais registrado e surpreende cientistas"},"content":{"rendered":"<p>Entre novembro e dezembro de 2022, a geleira Hektoria, localizada na Pen\u00ednsula Ant\u00e1rtica Ocidental, surpreendeu a comunidade cient\u00edfica ao apresentar um derretimento sem precedentes. Em apenas dois meses, a massa de gelo recuou <strong>oito quil\u00f4metros<\/strong>, registrando a maior velocidade j\u00e1 observada para uma geleira ainda presa ao continente \u2013 cerca de dez vezes superior a outros eventos semelhantes.<\/p>\n<p>&#13;<\/p>\n<p>Segundo estudo publicado na revista <strong>Nature Geoscience<\/strong>, o fen\u00f4meno foi provocado por uma instabilidade na plan\u00edcie rochosa situada abaixo da geleira. \u00c0 medida que o gelo se torna mais fino, parte dele passa a ter contato direto com a \u00e1gua do mar, tornando sua estrutura mais vulner\u00e1vel.<\/p>\n<p>&#13;<\/p>\n<p>Esse processo desencadeia um ciclo acelerado: a geleira come\u00e7a a desprender icebergs e a se movimentar rapidamente. De acordo com os pesquisadores, o recuo foi impulsionado principalmente por essa instabilidade estrutural, e n\u00e3o por mudan\u00e7as atmosf\u00e9ricas ou oce\u00e2nicas, como aumentos abruptos de temperatura.<\/p>\n<p>&#13;<\/p>\n<p>Os cientistas destacam que a an\u00e1lise, baseada em dados geof\u00edsicos e imagens de sat\u00e9lite, demonstra que geleiras ancoradas em terra, mas que terminam no mar, podem ser facilmente desestabilizadas, contribuindo para a eleva\u00e7\u00e3o do n\u00edvel dos oceanos.<\/p>\n<p>&#13;<\/p>\n<p>No total, entre janeiro de 2022 e mar\u00e7o de 2023, a geleira Hektoria recuou <strong>25 quil\u00f4metros<\/strong>. O estudo ressalta que compreender e prever a instabilidade dessas geleiras representa um dos maiores desafios para estimar o aumento futuro do n\u00edvel do mar.<\/p>\n<p>Foto: <a href=\"https:\/\/depositphotos.com\/\" rel=\"nofollow noopener\" target=\"_blank\">https:\/\/depositphotos.com\/<\/a><\/p>\n","protected":false},"excerpt":{"rendered":"Entre novembro e dezembro de 2022, a geleira Hektoria, localizada na Pen\u00ednsula Ant\u00e1rtica Ocidental, surpreendeu a comunidade cient\u00edfica&hellip;\n","protected":false},"author":2,"featured_media":138830,"comment_status":"","ping_status":"","sticky":false,"template":"","format":"standard","meta":{"footnotes":""},"categories":[84],"tags":[15048,9012,15039,726,15045,211,109,107,108,315,15041,15046,476,1062,15044,15043,3276,15040,3177,62,15038,52,32,33,15042,105,103,104,15047,106,110],"class_list":{"0":"post-138829","1":"post","2":"type-post","3":"status-publish","4":"format-standard","5":"has-post-thumbnail","7":"category-ciencia-e-tecnologia","8":"tag-agreste","9":"tag-alagoas","10":"tag-arapiraca","11":"tag-brasil","12":"tag-cacimbinhas","13":"tag-celebridades","14":"tag-ciencia","15":"tag-ciencia-e-tecnologia","16":"tag-cienciaetecnologia","17":"tag-cultura","18":"tag-delmiro-gouveia","19":"tag-dois-riachos","20":"tag-economia","21":"tag-esportes","22":"tag-estrela-de-alagoas","23":"tag-igaci","24":"tag-litoral","25":"tag-maceio","26":"tag-meio-ambiente","27":"tag-mundo","28":"tag-palmeira-dos-indios","29":"tag-politica","30":"tag-portugal","31":"tag-pt","32":"tag-santana-do-ipanema","33":"tag-science","34":"tag-science-and-technology","35":"tag-scienceandtechnology","36":"tag-sertao","37":"tag-technology","38":"tag-tecnologia"},"share_on_mastodon":{"url":"https:\/\/pubeurope.com\/@pt\/115489709930694731","error":""},"_links":{"self":[{"href":"https:\/\/www.europesays.com\/pt\/wp-json\/wp\/v2\/posts\/138829","targetHints":{"allow":["GET"]}}],"collection":[{"href":"https:\/\/www.europesays.com\/pt\/wp-json\/wp\/v2\/posts"}],"about":[{"href":"https:\/\/www.europesays.com\/pt\/wp-json\/wp\/v2\/types\/post"}],"author":[{"embeddable":true,"href":"https:\/\/www.europesays.com\/pt\/wp-json\/wp\/v2\/users\/2"}],"replies":[{"embeddable":true,"href":"https:\/\/www.europesays.com\/pt\/wp-json\/wp\/v2\/comments?post=138829"}],"version-history":[{"count":0,"href":"https:\/\/www.europesays.com\/pt\/wp-json\/wp\/v2\/posts\/138829\/revisions"}],"wp:featuredmedia":[{"embeddable":true,"href":"https:\/\/www.europesays.com\/pt\/wp-json\/wp\/v2\/media\/138830"}],"wp:attachment":[{"href":"https:\/\/www.europesays.com\/pt\/wp-json\/wp\/v2\/media?parent=138829"}],"wp:term":[{"taxonomy":"category","embeddable":true,"href":"https:\/\/www.europesays.com\/pt\/wp-json\/wp\/v2\/categories?post=138829"},{"taxonomy":"post_tag","embeddable":true,"href":"https:\/\/www.europesays.com\/pt\/wp-json\/wp\/v2\/tags?post=138829"}],"curies":[{"name":"wp","href":"https:\/\/api.w.org\/{rel}","templated":true}]}}