{"id":138844,"date":"2025-11-04T05:32:34","date_gmt":"2025-11-04T05:32:34","guid":{"rendered":"https:\/\/www.europesays.com\/pt\/138844\/"},"modified":"2025-11-04T05:32:34","modified_gmt":"2025-11-04T05:32:34","slug":"pedro-jorge-com-inveja-de-dylan-concorrentes-acreditam-que-sim-a-ines-e-a-proxima-vitima","status":"publish","type":"post","link":"https:\/\/www.europesays.com\/pt\/138844\/","title":{"rendered":"Pedro Jorge com \u00abinveja\u00bb de Dylan? Concorrentes acreditam que sim: \u00abA In\u00eas \u00e9 a pr\u00f3xima v\u00edtima\u00bb"},"content":{"rendered":"<p>\t\t\t\t\t\t\t\t\t\t<img decoding=\"async\" src=\"https:\/\/www.europesays.com\/pt\/wp-content\/uploads\/2025\/11\/1762234354_747_320.webp\" alt=\"Lavada em l\u00e1grimas, Marisa \u00absofre\u00bb por Pedro: \u00abS\u00f3 sinto raiva, n\u00e3o mere\u00e7o (\u2026) est\u00e1 a enxovalhar-me, \" width=\"320\" height=\"180\" loading=\"lazy\"\/><\/p>\n<p>\t\t\t\t\t\t\t\t\t\t\t\t\t00:02:18<\/p>\n<p>\t\t\t\t\t\t\t\t\t\t\tLavada em l\u00e1grimas, Marisa \u00absofre\u00bb por Pedro: \u00abS\u00f3 sinto raiva, n\u00e3o mere\u00e7o (\u2026) est\u00e1 a enxovalhar-me, desrespeitar-me\u00bb<\/p>\n<p>\t\t\t\t\t\t\t\t\t\t\tOntem<\/p>\n<p>\t\t\t\t\t\t\t\t\t<a href=\"https:\/\/tviplayer.iol.pt\/programa\/secret-story\/66d83c2dd34ea1acf26df8b7\/video\/690924350cf28fe430485420\" aria-label=\"Lavada em l\u00e1grimas, Marisa \u00absofre\u00bb por Pedro: \u00abS\u00f3 sinto raiva, n\u00e3o mere\u00e7o (\u2026) est\u00e1 a enxovalhar-me, desrespeitar-me\u00bb\" title=\"Lavada em l\u00e1grimas, Marisa \u00absofre\u00bb por Pedro: \u00abS\u00f3 sinto raiva, n\u00e3o mere\u00e7o (\u2026) est\u00e1 a enxovalhar-me, desrespeitar-me\u00bb\" rel=\"nofollow noopener\" target=\"_blank\"><\/p>\n","protected":false},"excerpt":{"rendered":"00:02:18 Lavada em l\u00e1grimas, Marisa \u00absofre\u00bb por Pedro: \u00abS\u00f3 sinto raiva, n\u00e3o mere\u00e7o (\u2026) est\u00e1 a enxovalhar-me, desrespeitar-me\u00bb&hellip;\n","protected":false},"author":2,"featured_media":138845,"comment_status":"","ping_status":"","sticky":false,"template":"","format":"standard","meta":{"footnotes":""},"categories":[142],"tags":[19105,114,115,21416,32,33,151],"class_list":{"0":"post-138844","1":"post","2":"type-post","3":"status-publish","4":"format-standard","5":"has-post-thumbnail","7":"category-tv","8":"tag-dylan","9":"tag-entertainment","10":"tag-entretenimento","11":"tag-pedro-jorge","12":"tag-portugal","13":"tag-pt","14":"tag-tv"},"share_on_mastodon":{"url":"https:\/\/pubeurope.com\/@pt\/115489796648046817","error":""},"_links":{"self":[{"href":"https:\/\/www.europesays.com\/pt\/wp-json\/wp\/v2\/posts\/138844","targetHints":{"allow":["GET"]}}],"collection":[{"href":"https:\/\/www.europesays.com\/pt\/wp-json\/wp\/v2\/posts"}],"about":[{"href":"https:\/\/www.europesays.com\/pt\/wp-json\/wp\/v2\/types\/post"}],"author":[{"embeddable":true,"href":"https:\/\/www.europesays.com\/pt\/wp-json\/wp\/v2\/users\/2"}],"replies":[{"embeddable":true,"href":"https:\/\/www.europesays.com\/pt\/wp-json\/wp\/v2\/comments?post=138844"}],"version-history":[{"count":0,"href":"https:\/\/www.europesays.com\/pt\/wp-json\/wp\/v2\/posts\/138844\/revisions"}],"wp:featuredmedia":[{"embeddable":true,"href":"https:\/\/www.europesays.com\/pt\/wp-json\/wp\/v2\/media\/138845"}],"wp:attachment":[{"href":"https:\/\/www.europesays.com\/pt\/wp-json\/wp\/v2\/media?parent=138844"}],"wp:term":[{"taxonomy":"category","embeddable":true,"href":"https:\/\/www.europesays.com\/pt\/wp-json\/wp\/v2\/categories?post=138844"},{"taxonomy":"post_tag","embeddable":true,"href":"https:\/\/www.europesays.com\/pt\/wp-json\/wp\/v2\/tags?post=138844"}],"curies":[{"name":"wp","href":"https:\/\/api.w.org\/{rel}","templated":true}]}}