{"id":138846,"date":"2025-11-04T05:35:12","date_gmt":"2025-11-04T05:35:12","guid":{"rendered":"https:\/\/www.europesays.com\/pt\/138846\/"},"modified":"2025-11-04T05:35:12","modified_gmt":"2025-11-04T05:35:12","slug":"mundial-sub-17-nova-caledonia-ainda-assustou-mas-portugal-entra-a-golear","status":"publish","type":"post","link":"https:\/\/www.europesays.com\/pt\/138846\/","title":{"rendered":"Mundial sub-17: Nova Caled\u00f3nia ainda assustou, mas Portugal entra a golear"},"content":{"rendered":"<p data-end=\"419\" data-start=\"203\">Arranque em grande para a sele\u00e7\u00e3o portuguesa no Mundial de sub-17, que decorre no Qatar. A equipa das Quinas goleou esta segunda-feira a Nova Caled\u00f3nia por 6-1, a maior vit\u00f3ria portuguesa em Campeonatos do Mundo da categoria.<\/p>\n<p data-end=\"715\" data-start=\"421\">Em Doha, <a href=\"https:\/\/maisfutebol.iol.pt\/sub-17\/selecao\/portugal-vence-franca-e-e-campeao-europeu-sub-17\" target=\"_blank\" rel=\"nofollow noopener\">os campe\u00f5es europeus do escal\u00e3o<\/a> viram-se surpreendidos aos 11 minutos, quando Ezekiel Wamowe inaugurou o marcador de grande penalidade. A rea\u00e7\u00e3o, por\u00e9m, foi fulminante. An\u00edsio Cabral empatou aos 22 minutos e bisou j\u00e1 no in\u00edcio da segunda parte (47m), dando o mote para a reviravolta.<\/p>\n<p data-end=\"902\" data-start=\"717\">Seguiram-se os golos de Stevan Manuel (53m), Mateus Mide (59m), Mauro Furtado (85m) e Jos\u00e9 Neto (90+7m), que selaram uma vit\u00f3ria expressiva e colocam Portugal na lideran\u00e7a do Grupo B.<\/p>\n<p data-end=\"1089\" data-start=\"904\">A forma\u00e7\u00e3o orientada por Bino Ma\u00e7\u00e3es soma assim tr\u00eas pontos, os mesmos do Jap\u00e3o, que venceu Marrocos por 2-0.<\/p>\n<p data-end=\"1300\" data-is-last-node=\"\" data-is-only-node=\"\" data-start=\"1091\">Na pr\u00f3xima jornada, Portugal mede for\u00e7as com Marrocos, na quinta-feira, \u00e0s 12h30 (hora de Lisboa), voltando a jogar no domingo frente ao Jap\u00e3o, \u00e0s 13h30.<\/p>\n<blockquote class=\"twitter-tweet\">\n<p lang=\"pt\">\u23f9\ufe0f 90+8&#8242; TERMINA A PARTIDA \u23f0<\/p>\n<p>Primeiros tr\u00eas pontos do Mundial Sub-17 est\u00e3o conquistados! \u2714\ufe0f<a href=\"https:\/\/twitter.com\/hashtag\/FazHist%C3%B3ria?src=hash&amp;ref_src=twsrc%5Etfw\" rel=\"nofollow noopener\" target=\"_blank\">#FazHist\u00f3ria<\/a> | <a href=\"https:\/\/twitter.com\/hashtag\/U17WC?src=hash&amp;ref_src=twsrc%5Etfw\" rel=\"nofollow noopener\" target=\"_blank\">#U17WC<\/a> <a href=\"https:\/\/t.co\/1i3QTM5fa8\" rel=\"nofollow\">pic.twitter.com\/1i3QTM5fa8<\/a><\/p>\n<p> \u2014 Portugal (@selecaoportugal)<br \/>\n   <a href=\"https:\/\/twitter.com\/selecaoportugal\/status\/1985395949103976684?ref_src=twsrc%5Etfw\" rel=\"nofollow noopener\" target=\"_blank\">November 3, 2025<\/a>\n  <\/p><\/blockquote>\n<p>                                <script async src=\"https:\/\/platform.twitter.com\/widgets.js\" charset=\"utf-8\"><\/script><\/p>\n","protected":false},"excerpt":{"rendered":"Arranque em grande para a sele\u00e7\u00e3o portuguesa no Mundial de sub-17, que decorre no Qatar. A equipa das&hellip;\n","protected":false},"author":2,"featured_media":138847,"comment_status":"","ping_status":"","sticky":false,"template":"","format":"standard","meta":{"footnotes":""},"categories":[87],"tags":[6026,135,46,30972,30973,32,33,47,134],"class_list":{"0":"post-138846","1":"post","2":"type-post","3":"status-publish","4":"format-standard","5":"has-post-thumbnail","7":"category-desporto","8":"tag-campeonato-do-mundo","9":"tag-desporto","10":"tag-maisfutebol","11":"tag-mundial-sub-17","12":"tag-nova-caledonia","13":"tag-portugal","14":"tag-pt","15":"tag-pura-paixao","16":"tag-sports"},"share_on_mastodon":{"url":"https:\/\/pubeurope.com\/@pt\/115489808384243954","error":""},"_links":{"self":[{"href":"https:\/\/www.europesays.com\/pt\/wp-json\/wp\/v2\/posts\/138846","targetHints":{"allow":["GET"]}}],"collection":[{"href":"https:\/\/www.europesays.com\/pt\/wp-json\/wp\/v2\/posts"}],"about":[{"href":"https:\/\/www.europesays.com\/pt\/wp-json\/wp\/v2\/types\/post"}],"author":[{"embeddable":true,"href":"https:\/\/www.europesays.com\/pt\/wp-json\/wp\/v2\/users\/2"}],"replies":[{"embeddable":true,"href":"https:\/\/www.europesays.com\/pt\/wp-json\/wp\/v2\/comments?post=138846"}],"version-history":[{"count":0,"href":"https:\/\/www.europesays.com\/pt\/wp-json\/wp\/v2\/posts\/138846\/revisions"}],"wp:featuredmedia":[{"embeddable":true,"href":"https:\/\/www.europesays.com\/pt\/wp-json\/wp\/v2\/media\/138847"}],"wp:attachment":[{"href":"https:\/\/www.europesays.com\/pt\/wp-json\/wp\/v2\/media?parent=138846"}],"wp:term":[{"taxonomy":"category","embeddable":true,"href":"https:\/\/www.europesays.com\/pt\/wp-json\/wp\/v2\/categories?post=138846"},{"taxonomy":"post_tag","embeddable":true,"href":"https:\/\/www.europesays.com\/pt\/wp-json\/wp\/v2\/tags?post=138846"}],"curies":[{"name":"wp","href":"https:\/\/api.w.org\/{rel}","templated":true}]}}