{"id":138848,"date":"2025-11-04T05:36:13","date_gmt":"2025-11-04T05:36:13","guid":{"rendered":"https:\/\/www.europesays.com\/pt\/138848\/"},"modified":"2025-11-04T05:36:13","modified_gmt":"2025-11-04T05:36:13","slug":"rs-esta-entre-os-cinco-estados-com-mais-casos-provaveis-de-dengue-no-brasil","status":"publish","type":"post","link":"https:\/\/www.europesays.com\/pt\/138848\/","title":{"rendered":"RS est\u00e1 entre os cinco Estados com mais casos prov\u00e1veis de dengue no Brasil"},"content":{"rendered":"<p><img fetchpriority=\"high\" decoding=\"async\" class=\"w-fit lg:w-full\" loading=\"eager\" src=\"https:\/\/www.europesays.com\/pt\/wp-content\/uploads\/2025\/11\/5271082_a4cddffb9acf98f.jpg\" title=\"Mateus Bruxel \/ Agencia RBS\" alt=\"Mateus Bruxel \/ Agencia RBS\" width=\"700\" height=\"477\"\/>Porto Alegre \u00e9 a cidade com mais notifica\u00e7\u00f5es no RS.Mateus Bruxel \/ Agencia RBS<\/p>\n<p>O Rio Grande do Sul ocupa a <strong>quinta posi\u00e7\u00e3o<\/strong> no ranking nacional de casos de <a href=\"https:\/\/gauchazh.clicrbs.com.br\/ultimas-noticias\/tag\/dengue\/\" rel=\"nofollow noopener\" target=\"_blank\"><strong>dengue<\/strong><\/a>. O dado foi divulgado pelo Minist\u00e9rio da Sa\u00fade nesta segunda-feira (3).<\/p>\n<p>S\u00e3o <strong>84.767 casos prov\u00e1veis<\/strong> de dengue. O n\u00famero inclui confirma\u00e7\u00f5es, investiga\u00e7\u00f5es e casos com exames inconclusivos. O Estado fica atr\u00e1s de S\u00e3o Paulo, Minas Gerais, Paran\u00e1 e Goi\u00e1s.<\/p>\n<p>De acordo com o painel de monitoramento da Secretaria Estadual da Sa\u00fade (SES), 41.895 notifica\u00e7\u00f5es foram confirmadas e <strong>51 pessoas morreram<\/strong> em raz\u00e3o da doen\u00e7a neste ano. Ainda h\u00e1 outros 1.389 casos em investiga\u00e7\u00e3o.<\/p>\n<p>Conforme o diretor adjunto do Centro Estadual de Vigil\u00e2ncia em Sa\u00fade (Cevs), Marcelo Vallandro, atualmente, o Estado vive um momento de <strong>menor incid\u00eancia<\/strong> da doen\u00e7a, mas o cen\u00e1rio continua sendo de alerta:<\/p>\n<p>\u2014 Chama aten\u00e7\u00e3o que o RS registrou casos de dengue mesmo no per\u00edodo de frio, isso aponta uma mudan\u00e7a no cen\u00e1rio da doen\u00e7a. Agora, come\u00e7amos a prepara\u00e7\u00e3o para o ver\u00e3o, per\u00edodo de maior incid\u00eancia. \u00c9 necess\u00e1rio eliminar o mosquito e contamos com o aux\u00edlio da popula\u00e7\u00e3o.<\/p>\n<p>Situa\u00e7\u00e3o nos munic\u00edpios<\/p>\n<p>Porto Alegre \u00e9 a cidade com mais notifica\u00e7\u00f5es. Das mais de 53 mil, a Capital confirmou cerca de 12 mil. Na sequ\u00eancia, est\u00e3o oito munic\u00edpios da Regi\u00e3o Metropolitana:<\/p>\n<ul>\n<li class=\"unordered-list-item\"><strong>Porto Alegre: <\/strong>12,1 mil<\/li>\n<li class=\"unordered-list-item\"><strong>Viam\u00e3o:<\/strong> 6,5 mil<\/li>\n<li class=\"unordered-list-item\"><strong>Alvorada: <\/strong>4,7 mil<\/li>\n<li class=\"unordered-list-item\"><strong>Novo Hamburgo: <\/strong>3,2 mil<\/li>\n<li class=\"unordered-list-item\"><strong>Cachoeira do Sul: <\/strong>3 mil<\/li>\n<li class=\"unordered-list-item\"><strong>Sapucaia do Sul: <\/strong>2,1 mil<\/li>\n<li class=\"unordered-list-item\"><strong>Gravata\u00ed: <\/strong>967<\/li>\n<li class=\"unordered-list-item\"><strong>Cachoeirinha: <\/strong>896<\/li>\n<li class=\"unordered-list-item\"><strong>Canoas: <\/strong>625<\/li>\n<li class=\"unordered-list-item\"><strong>Salto do Jacu\u00ed: <\/strong>465<\/li>\n<\/ul>\n<p>\u00a0Cen\u00e1rio nacional\u00a0<\/p>\n<p>O cen\u00e1rio epidemiol\u00f3gico da dengue no Brasil apresentou mudan\u00e7as. Conforme o Minist\u00e9rio da Sa\u00fade, em 2025, j\u00e1 \u00e9 poss\u00edvel identificar redu\u00e7\u00e3o de 70% no n\u00famero de casos e \u00f3bitos.<\/p>\n<p>No entanto, o pa\u00eds contabiliza mais de 1,6 milh\u00e3o de casos prov\u00e1veis. Em rela\u00e7\u00e3o \u00e0s mortes, s\u00e3o 1,6 mil. O Estado de S\u00e3o Paulo concentra a maioria dos \u00f3bitos (64,5%).<\/p>\n<p>Diante da situa\u00e7\u00e3o, o governo federal anunciou refor\u00e7o no atendimento aos pacientes e destacou a expectativa para o uso da vacina produzida pelo Instituto Butantan, que deve estar dispon\u00edvel a partir do ano que vem. Atualmente, a imuniza\u00e7\u00e3o contra a dengue ocorre com insumo japon\u00eas, em crian\u00e7as e adolescentes de 10 a 14 anos.<\/p>\n<p>Dia D de combate \u00e0 dengue\u00a0<\/p>\n<p>Dia 8 de novembro ser\u00e1 realizado o dia D de combate \u00e0 doen\u00e7a em todo o Brasil. A campanha, que tem como lema <strong>&#8220;Contra o mosquito, todos do mesmo lado&#8221;<\/strong>, mobiliza profissionais de sa\u00fade e a popula\u00e7\u00e3o para eliminar criadouros do mosquito e conscientizar sobre a responsabilidade coletiva.<\/p>\n<p>No Rio Grande do Sul, de acordo com a SES, os munic\u00edpios devem realizar a\u00e7\u00f5es e mutir\u00f5es de limpeza. O objetivo \u00e9 aproveitar o per\u00edodo de menor incid\u00eancia da dengue para realizar o combate.<\/p>\n","protected":false},"excerpt":{"rendered":"Porto Alegre \u00e9 a cidade com mais notifica\u00e7\u00f5es no RS.Mateus Bruxel \/ Agencia RBS O Rio Grande do&hellip;\n","protected":false},"author":2,"featured_media":138849,"comment_status":"","ping_status":"","sticky":false,"template":"","format":"standard","meta":{"footnotes":""},"categories":[86],"tags":[1891,116,32,33,117],"class_list":{"0":"post-138848","1":"post","2":"type-post","3":"status-publish","4":"format-standard","5":"has-post-thumbnail","7":"category-saude","8":"tag-dengue","9":"tag-health","10":"tag-portugal","11":"tag-pt","12":"tag-saude"},"share_on_mastodon":{"url":"https:\/\/pubeurope.com\/@pt\/115489812440760853","error":""},"_links":{"self":[{"href":"https:\/\/www.europesays.com\/pt\/wp-json\/wp\/v2\/posts\/138848","targetHints":{"allow":["GET"]}}],"collection":[{"href":"https:\/\/www.europesays.com\/pt\/wp-json\/wp\/v2\/posts"}],"about":[{"href":"https:\/\/www.europesays.com\/pt\/wp-json\/wp\/v2\/types\/post"}],"author":[{"embeddable":true,"href":"https:\/\/www.europesays.com\/pt\/wp-json\/wp\/v2\/users\/2"}],"replies":[{"embeddable":true,"href":"https:\/\/www.europesays.com\/pt\/wp-json\/wp\/v2\/comments?post=138848"}],"version-history":[{"count":0,"href":"https:\/\/www.europesays.com\/pt\/wp-json\/wp\/v2\/posts\/138848\/revisions"}],"wp:featuredmedia":[{"embeddable":true,"href":"https:\/\/www.europesays.com\/pt\/wp-json\/wp\/v2\/media\/138849"}],"wp:attachment":[{"href":"https:\/\/www.europesays.com\/pt\/wp-json\/wp\/v2\/media?parent=138848"}],"wp:term":[{"taxonomy":"category","embeddable":true,"href":"https:\/\/www.europesays.com\/pt\/wp-json\/wp\/v2\/categories?post=138848"},{"taxonomy":"post_tag","embeddable":true,"href":"https:\/\/www.europesays.com\/pt\/wp-json\/wp\/v2\/tags?post=138848"}],"curies":[{"name":"wp","href":"https:\/\/api.w.org\/{rel}","templated":true}]}}