{"id":138863,"date":"2025-11-04T06:04:23","date_gmt":"2025-11-04T06:04:23","guid":{"rendered":"https:\/\/www.europesays.com\/pt\/138863\/"},"modified":"2025-11-04T06:04:23","modified_gmt":"2025-11-04T06:04:23","slug":"estudos-alertam-inflamacao-gengival-pode-agravar-riscos-cardiacos-h2foz","status":"publish","type":"post","link":"https:\/\/www.europesays.com\/pt\/138863\/","title":{"rendered":"Estudos alertam: inflama\u00e7\u00e3o gengival pode agravar riscos card\u00edacos &#8211; H2FOZ"},"content":{"rendered":"<p>Pouca gente imagina, mas a sa\u00fade da sua boca pode ser a chave para proteger o seu cora\u00e7\u00e3o; estudos associam periodontite a doen\u00e7as cardiovasculares.<\/p>\n<p>A periodontite, aquela inflama\u00e7\u00e3o grave das gengivas que muitos negligenciam como \u201capenas um problema bucal\u201d, mostrou ser muito mais perigosa do que imagin\u00e1vamos. Estudos recentes comprovam que esta condi\u00e7\u00e3o pode dobrar as chances de uma pessoa sofrer um infarto ou acidente vascular cerebral.<\/p>\n<p>A boa not\u00edcia \u00e9 que este processo perigoso pode ser interrompido. Estudos demonstram que o tratamento periodontal adequado, como a raspagem para remover t\u00e1rtaro e bact\u00e9rias, \u00e9 capaz de reduzir significativamente os marcadores de inflama\u00e7\u00e3o no sangue. Isso significa que tratar a gengiva \u00e9, comprovadamente, uma forma eficaz de cuidar do sistema cardiovascular.<\/p>\n<p>\u00c9 aqui que entra a import\u00e2ncia de um acompanhamento especializado. Em metr\u00f3poles, por exemplo, existe uma infinidade de op\u00e7\u00f5es de especialistas. Encontrar um <a href=\"https:\/\/www.avaliamed.com.br\/pesquisa\/dentistas\/sao-paulo\/sao-paulo\" rel=\"nofollow noopener\" target=\"_blank\">dentista em S\u00e3o Paulo<\/a>, Rio de Janeiro, Paran\u00e1 e outros estados que seja especialista em periodontia faz toda a diferen\u00e7a.<\/p>\n<p>Para facilitar essa busca por um profissional qualificado e confi\u00e1vel, plataformas como a AvaliaMed se tornaram ferramentas valiosas, permitindo que os pacientes encontrem especialistas com base em avalia\u00e7\u00f5es de outros pacientes, localiza\u00e7\u00e3o e expertise.<\/p>\n<p>Do sangramento ao risco card\u00edaco<\/p>\n<p>No Brasil, onde as doen\u00e7as cardiovasculares s\u00e3o respons\u00e1veis por mais de 350 mil mortes anuais \u2013 a principal causa de \u00f3bitos no pa\u00eds \u2013 esse alerta se torna ainda mais urgente. Especialistas agora afirmam que negligenciar a sa\u00fade bucal pode representar um perigo equivalente ao colesterol descontrolado ou \u00e0 press\u00e3o arterial elevada.<\/p>\n<p>A jornada dessa amea\u00e7a silenciosa come\u00e7a de forma quase impercept\u00edvel. A gengivite, com seu sangramento discreto e mau h\u00e1lito, \u00e9 apenas o primeiro cap\u00edtulo. Quando n\u00e3o tratada, ela evolui para periodontite. Nesta fase, o osso que sustenta os dentes come\u00e7a a ser destru\u00eddo.<\/p>\n<p>O dente amolece e, nos casos mais avan\u00e7ados, ocorre a perda dent\u00e1ria. Mas o verdadeiro perigo \u00e9 invis\u00edvel: as bact\u00e9rias bucais encontram na gengiva inflamada uma porta aberta para a corrente sangu\u00ednea.<\/p>\n<p>Uma vez na circula\u00e7\u00e3o, bact\u00e9rias como a Porphyromonas gingivalis desencadeiam uma verdadeira guerra dentro do organismo. O sistema imunol\u00f3gico entra em estado de alerta m\u00e1ximo, provocando uma inflama\u00e7\u00e3o generalizada. Essa inflama\u00e7\u00e3o cr\u00f4nica \u00e9 o elo fatal com as doen\u00e7as card\u00edacas.<\/p>\n<p>Ela contribui para a forma\u00e7\u00e3o de placas de gordura nas art\u00e9rias (aterosclerose), que podem obstruir e levar a um infarto ou AVC. N\u00e3o se trata de teoria: pesquisas j\u00e1 identificaram bact\u00e9rias bucais nessas placas removidas de pacientes card\u00edacos.<\/p>\n<p>A busca por um especialista adequado<\/p>\n<p>A professora <a href=\"https:\/\/jornal.usp.br\/atualidades\/doenca-periodontal-pode-causar-problemas-cardiovasculares\/\" rel=\"nofollow noopener\" target=\"_blank\">Carla Damante<\/a>, da USP de Bauru, explica com clareza: \u201cNossos pacientes com periodontite carregam uma quantidade significativa de bact\u00e9rias nas gengivas. Esses microrganismos n\u00e3o ficam restritos \u00e0 boca \u2013 eles podem viajar pela corrente sangu\u00ednea como passageiros perigosos, atingindo art\u00e9rias e \u00f3rg\u00e3os vitais\u201d.<\/p>\n<p>O que est\u00e1 em jogo vai muito al\u00e9m de preservar um dente: \u00e9 a prote\u00e7\u00e3o de todo o organismo que est\u00e1 em risco.<br \/>Diagn\u00f3stico e tratamento<\/p>\n<p>Muita gente acha que ir ao periodontista \u00e9 s\u00f3 fazer uma limpeza mais caprichada, mas a realidade \u00e9 bem diferente. Na verdade, o que acontece no consult\u00f3rio \u00e9 uma investiga\u00e7\u00e3o profunda \u2013 quase como um detetive procurando pistas escondidas.<\/p>\n<p>O dentista usa uma sonda milim\u00e9trica para medir aquele espa\u00e7o entre a gengiva e o dente, que \u00e9 onde o problema costuma se esconder. Essas \u201cbolsas\u201d, quando muito profundas, s\u00e3o como esconderijos perfeitos para as bact\u00e9rias. E, dependendo do caso, pode ser necess\u00e1rio at\u00e9 mesmo fazer radiografias para verificar se j\u00e1 houve perda do osso que sustenta os dentes.<\/p>\n<p>A Dra. Fernanda Skupien refor\u00e7a: \u201cO controle da inflama\u00e7\u00e3o periodontal n\u00e3o s\u00f3 preserva os dentes, mas tamb\u00e9m reduz riscos sist\u00eamicos\u201d.<\/p>\n<p>Para pessoas que j\u00e1 enfrentam problemas card\u00edacos, o cuidado deve ser redobrado. A professora Carla Damante \u00e9 direta: \u201cPacientes diagnosticados com doen\u00e7a cardiovascular, hipertens\u00e3o ou AVC devem procurar um periodontista para acompanhamento frequente\u201d.<\/p>\n<p>Uma \u00fanica sa\u00fade<\/p>\n<p>Esta compreens\u00e3o muda completamente nossa perspectiva sobre a sa\u00fade bucal. Cuidar das gengivas, manter uma <a href=\"https:\/\/www.colgate.com.br\/oral-health\/adult-oral-care\/what-is-good-oral-hygiene\" rel=\"nofollow noopener\" target=\"_blank\">higiene bucal adequada<\/a> e visitar regularmente o dentista deixaram de ser quest\u00f5es meramente est\u00e9ticas ou relacionadas apenas \u00e0 preserva\u00e7\u00e3o dent\u00e1ria. Tornaram-se medidas essenciais para proteger um dos \u00f3rg\u00e3os mais vitais: o cora\u00e7\u00e3o.<\/p>\n<p>Os avan\u00e7os da medicina deixaram claro que a verdadeira longevidade come\u00e7a na preven\u00e7\u00e3o integrada. Um sangramento gengival durante a escova\u00e7\u00e3o nunca deve ser ignorado \u2013 esse simples cuidado pode definir um futuro com sa\u00fade ou o caminho para complica\u00e7\u00f5es graves.<\/p>\n<p>Diante dessas evid\u00eancias, especialistas defendem uma mudan\u00e7a urgente de paradigma. \u00c9 preciso alertar a popula\u00e7\u00e3o sobre essa conex\u00e3o vital e criar pol\u00edticas p\u00fablicas que incluam a sa\u00fade bucal como parte fundamental do combate \u00e0s doen\u00e7as card\u00edacas.<\/p>\n<p>Esta \u00e9 uma daquelas raras situa\u00e7\u00f5es em que um cuidado simples \u2013 como escovar os dentes adequadamente e fazer visitas regulares ao dentista \u2013 pode se transformar em um ato de prote\u00e7\u00e3o cardiovascular. Afinal, como estamos aprendendo, a sa\u00fade come\u00e7a pela boca, mas seu impacto ecoa em todo o corpo, especialmente no cora\u00e7\u00e3o.<\/p>\n","protected":false},"excerpt":{"rendered":"Pouca gente imagina, mas a sa\u00fade da sua boca pode ser a chave para proteger o seu cora\u00e7\u00e3o;&hellip;\n","protected":false},"author":2,"featured_media":138864,"comment_status":"","ping_status":"","sticky":false,"template":"","format":"standard","meta":{"footnotes":""},"categories":[86],"tags":[116,834,32,33,117],"class_list":{"0":"post-138863","1":"post","2":"type-post","3":"status-publish","4":"format-standard","5":"has-post-thumbnail","7":"category-saude","8":"tag-health","9":"tag-negocios","10":"tag-portugal","11":"tag-pt","12":"tag-saude"},"share_on_mastodon":{"url":"https:\/\/pubeurope.com\/@pt\/115489922308334093","error":""},"_links":{"self":[{"href":"https:\/\/www.europesays.com\/pt\/wp-json\/wp\/v2\/posts\/138863","targetHints":{"allow":["GET"]}}],"collection":[{"href":"https:\/\/www.europesays.com\/pt\/wp-json\/wp\/v2\/posts"}],"about":[{"href":"https:\/\/www.europesays.com\/pt\/wp-json\/wp\/v2\/types\/post"}],"author":[{"embeddable":true,"href":"https:\/\/www.europesays.com\/pt\/wp-json\/wp\/v2\/users\/2"}],"replies":[{"embeddable":true,"href":"https:\/\/www.europesays.com\/pt\/wp-json\/wp\/v2\/comments?post=138863"}],"version-history":[{"count":0,"href":"https:\/\/www.europesays.com\/pt\/wp-json\/wp\/v2\/posts\/138863\/revisions"}],"wp:featuredmedia":[{"embeddable":true,"href":"https:\/\/www.europesays.com\/pt\/wp-json\/wp\/v2\/media\/138864"}],"wp:attachment":[{"href":"https:\/\/www.europesays.com\/pt\/wp-json\/wp\/v2\/media?parent=138863"}],"wp:term":[{"taxonomy":"category","embeddable":true,"href":"https:\/\/www.europesays.com\/pt\/wp-json\/wp\/v2\/categories?post=138863"},{"taxonomy":"post_tag","embeddable":true,"href":"https:\/\/www.europesays.com\/pt\/wp-json\/wp\/v2\/tags?post=138863"}],"curies":[{"name":"wp","href":"https:\/\/api.w.org\/{rel}","templated":true}]}}