{"id":138867,"date":"2025-11-04T06:14:37","date_gmt":"2025-11-04T06:14:37","guid":{"rendered":"https:\/\/www.europesays.com\/pt\/138867\/"},"modified":"2025-11-04T06:14:37","modified_gmt":"2025-11-04T06:14:37","slug":"bruna-anuncia-desejo-para-ana-e-liliana-lanca-farpa-historinha-da-carochinha-secret-story","status":"publish","type":"post","link":"https:\/\/www.europesays.com\/pt\/138867\/","title":{"rendered":"Bruna anuncia desejo para Ana e Liliana lan\u00e7a farpa: \u00abHistorinha da carochinha\u00bb &#8211; Secret Story"},"content":{"rendered":"<p>No Secret Story 9, Bruna anuncia o desejo que pediu para Ana e que se vai realizar. Liliana n\u00e3o perde a oportunidade de lan\u00e7ar uma farpa a esta amizade.\u00a0<\/p>\n<p>Isto acontece na <a href=\"https:\/\/tvi.iol.pt\/secretstory\/cristina-ferreira\/gala\/o-encontro-a-sos-mais-aguardado-numa-gala-de-cortar-a-respiracao-isto-e-tudo-o-que-pode-esperar\" rel=\"nofollow noopener\" target=\"_blank\">grande gala do Secret Story 9 <\/a>que conta com muitas emo\u00e7\u00f5es e surpresas \u00abde cortar a respira\u00e7\u00e3o\u00bb. Esta noite os concorrentes t\u00eam acesso a uma l\u00e2mpada m\u00e1gica capaz de realizar os desejos mais ambicionados. Para al\u00e9m disso, hoje o expulso tem um \u00faltimo valioso poder em m\u00e3os.<\/p>\n<p>A dois meses da Grande Final, os concorrentes dizem quem n\u00e3o merece estar na corrida \u00e0 vit\u00f3ria. Todas as decis\u00f5es t\u00eam consequ\u00eancias e, por \u00faltimo, mas n\u00e3o menos importante, \u00abesta noite, Pedro e Marisa voltam a reencontrar-se a s\u00f3s!<\/p>\n<p><a href=\"https:\/\/tvi.iol.pt\/secretstory\/aominuto\" rel=\"nofollow noopener\" target=\"_blank\">Acompanhe aqui tudo o que se passa na casa ao minuto!<\/a><\/p>\n","protected":false},"excerpt":{"rendered":"No Secret Story 9, Bruna anuncia o desejo que pediu para Ana e que se vai realizar. Liliana&hellip;\n","protected":false},"author":2,"featured_media":138868,"comment_status":"","ping_status":"","sticky":false,"template":"","format":"standard","meta":{"footnotes":""},"categories":[142],"tags":[6340,1997,114,115,19033,19016,19034,32,33,151,19032],"class_list":{"0":"post-138867","1":"post","2":"type-post","3":"status-publish","4":"format-standard","5":"has-post-thumbnail","7":"category-tv","8":"tag-ana","9":"tag-bruna","10":"tag-entertainment","11":"tag-entretenimento","12":"tag-galas-em-video","13":"tag-liliana","14":"tag-melhores-momentos-casa-dos-segredos","15":"tag-portugal","16":"tag-pt","17":"tag-tv","18":"tag-videos-secret-story-tvi"},"share_on_mastodon":{"url":"https:\/\/pubeurope.com\/@pt\/115489961591115321","error":""},"_links":{"self":[{"href":"https:\/\/www.europesays.com\/pt\/wp-json\/wp\/v2\/posts\/138867","targetHints":{"allow":["GET"]}}],"collection":[{"href":"https:\/\/www.europesays.com\/pt\/wp-json\/wp\/v2\/posts"}],"about":[{"href":"https:\/\/www.europesays.com\/pt\/wp-json\/wp\/v2\/types\/post"}],"author":[{"embeddable":true,"href":"https:\/\/www.europesays.com\/pt\/wp-json\/wp\/v2\/users\/2"}],"replies":[{"embeddable":true,"href":"https:\/\/www.europesays.com\/pt\/wp-json\/wp\/v2\/comments?post=138867"}],"version-history":[{"count":0,"href":"https:\/\/www.europesays.com\/pt\/wp-json\/wp\/v2\/posts\/138867\/revisions"}],"wp:featuredmedia":[{"embeddable":true,"href":"https:\/\/www.europesays.com\/pt\/wp-json\/wp\/v2\/media\/138868"}],"wp:attachment":[{"href":"https:\/\/www.europesays.com\/pt\/wp-json\/wp\/v2\/media?parent=138867"}],"wp:term":[{"taxonomy":"category","embeddable":true,"href":"https:\/\/www.europesays.com\/pt\/wp-json\/wp\/v2\/categories?post=138867"},{"taxonomy":"post_tag","embeddable":true,"href":"https:\/\/www.europesays.com\/pt\/wp-json\/wp\/v2\/tags?post=138867"}],"curies":[{"name":"wp","href":"https:\/\/api.w.org\/{rel}","templated":true}]}}