{"id":138875,"date":"2025-11-04T06:28:22","date_gmt":"2025-11-04T06:28:22","guid":{"rendered":"https:\/\/www.europesays.com\/pt\/138875\/"},"modified":"2025-11-04T06:28:22","modified_gmt":"2025-11-04T06:28:22","slug":"ja-tinha-desconfiado-estao-muito-a-vontade","status":"publish","type":"post","link":"https:\/\/www.europesays.com\/pt\/138875\/","title":{"rendered":"\u201cJ\u00e1 tinha desconfiado\u2026 Est\u00e3o muito \u00e0 vontade\u201d"},"content":{"rendered":"<p>Mariana reage em choque ap\u00f3s expuls\u00e3o do \u201c<a href=\"https:\/\/tvi.iol.pt\/secretstory\" rel=\"nofollow noopener\" target=\"_blank\">Secret Story<\/a>\u201d: \u201cJ\u00e1 tinha desconfiado\u2026 Est\u00e3o muito \u00e0 vontade\u201d, disse.<\/p>\n<p>Cristina Ferreira revelou segredo que surpreendeu a ex-concorrente<\/p>\n<p>A mais recente gala do <strong>\u201cSecret Story \u2013 Casa dos Segredos 9\u201d<\/strong>, transmitida este domingo, <strong>2 de novembro<\/strong>, terminou com a expuls\u00e3o de <strong>Mariana<\/strong>.<br \/>Instantes depois de deixar a casa mais vigiada do pa\u00eds, a a\u00e7oriana foi recebida em est\u00fadio por <strong>Cristina Ferreira<\/strong> e acabou por descobrir alguns dos segredos que marcaram a edi\u00e7\u00e3o.<\/p>\n<p>Entre as revela\u00e7\u00f5es, houve uma que a deixou especialmente surpreendida.<\/p>\n<p>\u201cJ\u00e1 tinha desconfiado ontem\u2026 Est\u00e3o muito \u00e0 vontade\u201d<\/p>\n<p>Durante a conversa, <strong>Cristina Ferreira<\/strong> contou-lhe que <strong>Pedro Jorge e Marisa<\/strong> s\u00e3o, afinal, <strong>casados<\/strong> \u2014 um dos segredos mais comentados desta temporada.<br \/>A rea\u00e7\u00e3o de <strong>Mariana<\/strong> foi imediata e acompanhada de espanto, mas tamb\u00e9m de alguma intui\u00e7\u00e3o confirmada.<br \/><strong>\u201cJ\u00e1 tinha desconfiado ontem\u2026 Est\u00e3o muito \u00e0 vontade\u201d<\/strong>, afirmou, explicando que o comportamento c\u00famplice entre os dois concorrentes a tinha feito suspeitar da liga\u00e7\u00e3o.<\/p>\n<p>Leia tamb\u00e9m: <a href=\"https:\/\/infocul.pt\/secret-story-recorde-o-segredo-de-mariana-expulsa-ontem\/\" rel=\"nofollow noopener\" target=\"_blank\">Secret Story: Recorde o segredo de Mariana, expulsa ontem<\/a><\/p>\n<p><a href=\"https:\/\/news.google.com\/publications\/CAAqBwgKMKfIoAswtNK4Aw\" target=\"_blank\" rel=\"noopener noreferrer nofollow\"><img loading=\"lazy\" data-lazyloaded=\"1\" width=\"481\" height=\"161\" decoding=\"async\" src=\"\/wp-content\/uploads\/2024\/02\/GN_siganos.png\" alt=\"Siga-nos no Google News\" style=\"margin-top:20px;\"\/><\/a><\/p>\n","protected":false},"excerpt":{"rendered":"Mariana reage em choque ap\u00f3s expuls\u00e3o do \u201cSecret Story\u201d: \u201cJ\u00e1 tinha desconfiado\u2026 Est\u00e3o muito \u00e0 vontade\u201d, disse. Cristina&hellip;\n","protected":false},"author":2,"featured_media":99409,"comment_status":"","ping_status":"","sticky":false,"template":"","format":"standard","meta":{"footnotes":""},"categories":[142],"tags":[2632,114,115,32,33,151],"class_list":{"0":"post-138875","1":"post","2":"type-post","3":"status-publish","4":"format-standard","5":"has-post-thumbnail","7":"category-tv","8":"tag-casa-dos-segredos","9":"tag-entertainment","10":"tag-entretenimento","11":"tag-portugal","12":"tag-pt","13":"tag-tv"},"share_on_mastodon":{"url":"https:\/\/pubeurope.com\/@pt\/115490016881420167","error":""},"_links":{"self":[{"href":"https:\/\/www.europesays.com\/pt\/wp-json\/wp\/v2\/posts\/138875","targetHints":{"allow":["GET"]}}],"collection":[{"href":"https:\/\/www.europesays.com\/pt\/wp-json\/wp\/v2\/posts"}],"about":[{"href":"https:\/\/www.europesays.com\/pt\/wp-json\/wp\/v2\/types\/post"}],"author":[{"embeddable":true,"href":"https:\/\/www.europesays.com\/pt\/wp-json\/wp\/v2\/users\/2"}],"replies":[{"embeddable":true,"href":"https:\/\/www.europesays.com\/pt\/wp-json\/wp\/v2\/comments?post=138875"}],"version-history":[{"count":0,"href":"https:\/\/www.europesays.com\/pt\/wp-json\/wp\/v2\/posts\/138875\/revisions"}],"wp:featuredmedia":[{"embeddable":true,"href":"https:\/\/www.europesays.com\/pt\/wp-json\/wp\/v2\/media\/99409"}],"wp:attachment":[{"href":"https:\/\/www.europesays.com\/pt\/wp-json\/wp\/v2\/media?parent=138875"}],"wp:term":[{"taxonomy":"category","embeddable":true,"href":"https:\/\/www.europesays.com\/pt\/wp-json\/wp\/v2\/categories?post=138875"},{"taxonomy":"post_tag","embeddable":true,"href":"https:\/\/www.europesays.com\/pt\/wp-json\/wp\/v2\/tags?post=138875"}],"curies":[{"name":"wp","href":"https:\/\/api.w.org\/{rel}","templated":true}]}}