{"id":138877,"date":"2025-11-04T06:39:19","date_gmt":"2025-11-04T06:39:19","guid":{"rendered":"https:\/\/www.europesays.com\/pt\/138877\/"},"modified":"2025-11-04T06:39:19","modified_gmt":"2025-11-04T06:39:19","slug":"fernanda-serrano-impoe-se-a-seguidora-e-reage-contra-criticas-ao-filho-novelas","status":"publish","type":"post","link":"https:\/\/www.europesays.com\/pt\/138877\/","title":{"rendered":"Fernanda Serrano imp\u00f5e-se a seguidora e reage contra cr\u00edticas ao filho &#8211; Novelas"},"content":{"rendered":"<p data-end=\"466\" data-start=\"253\"><strong>A atriz <a href=\"https:\/\/tvi.iol.pt\/novelas\/fotos\/nao-imaginam-o-quanto-sonhamos-o-momento-inesquecivel-de-fernanda-serrano-que-fez-o-seu-coracao-disparar\/69038492d34e3caad84ab9ae\" rel=\"nofollow noopener\" target=\"_blank\">Fernanda Serrano<\/a>, de 51 anos,<\/strong> continua a demonstrar que \u00e9 uma <strong data-end=\"329\" data-start=\"315\">m\u00e3e babada<\/strong>, orgulhosa dos seus quatro filhos e n\u00e3o hesita em partilhar nas redes sociais os momentos de carinho e orgulho que sente pela fam\u00edlia.<\/p>\n<p data-end=\"749\" data-start=\"468\">Recentemente, a atriz publicou uma mensagem carregada de <strong data-end=\"601\" data-start=\"525\">orgulho e afeto pelo percurso profissional do filho mais velho, Santiago<\/strong>. No entanto, nem todas as rea\u00e7\u00f5es foram positivas. Entre os muitos coment\u00e1rios de apoio e elogio, surgiu uma cr\u00edtica que n\u00e3o passou despercebida. Uma internauta questionou o motivo do orgulho de Fernanda, perguntando publicamente:\u00a0<strong data-end=\"951\" data-start=\"867\">\u201cMas, afinal, orgulho em qu\u00ea? Ele \u00e9 m\u00e9dico, pol\u00edcia, engenheiro ou cientista???\u201d<\/strong><\/p>\n<p data-end=\"749\" data-start=\"468\"><strong data-end=\"951\" data-start=\"867\"><img loading=\"lazy\" decoding=\"async\" alt=\"\" height=\"178\" src=\"https:\/\/www.europesays.com\/pt\/wp-content\/uploads\/2025\/11\/6908c3b6d34e2bd5c6d390ce.webp\" width=\"100\"\/><\/strong><\/p>\n<p data-end=\"1327\" data-start=\"955\">Esta pergunta, embora simples, revelou-se provocadora, levando a atriz a responder sem filtros. Nas suas redes sociais, Fernanda Serrano reagiu com firmeza:\u00a0<strong data-end=\"1153\" data-start=\"1114\">\u201cH\u00e1 gente que tem tempo para tudo\u2026\u201d\u00a0<\/strong>uma frase que evidencia n\u00e3o s\u00f3 a sua <strong data-end=\"1230\" data-start=\"1193\">prote\u00e7\u00e3o incondicional pelo filho<\/strong>, mas tamb\u00e9m a sua atitude perante coment\u00e1rios mal-intencionados ou julgamentos sem fundamento.<\/p>\n<p data-end=\"1895\" data-start=\"1604\">Fernanda Serrano continua a demonstrar que o <strong data-end=\"1708\" data-start=\"1649\">orgulho de uma m\u00e3e n\u00e3o depende de profiss\u00f5es ou t\u00edtulos<\/strong>, mas sim do esfor\u00e7o, car\u00e1ter e felicidade dos filhos. A sua rea\u00e7\u00e3o mostra uma postura clara: <strong data-end=\"1892\" data-start=\"1802\">n\u00e3o se deixa abalar por cr\u00edticas superficiais e valoriza acima de tudo o amor familiar<\/strong>.<\/p>\n<p data-end=\"2145\" data-start=\"1897\">Em tempos em que as redes sociais est\u00e3o repletas de opini\u00f5es de todo o tipo, a atitude da atriz serve de <strong data-end=\"2058\" data-start=\"2002\">exemplo de prote\u00e7\u00e3o, orgulho e autenticidade materna<\/strong>, lembrando que, muitas vezes, a felicidade de uma fam\u00edlia \u00e9 o que realmente importa.<\/p>\n<p data-end=\"2145\" data-start=\"1897\">Reveja aqui uma conversa entre <strong>Fernanda Serrano e Cristina Ferreira<\/strong> em que falam do mais recente tratamento \u00edntimo da atriz que foi alvo de milhares de cr\u00edticas.<\/p>\n<p>Veja tamb\u00e9m:\u00a0<\/p>\n<p><a href=\"https:\/\/tvi.iol.pt\/novelas\/fotos\/emocoes-a-flor-da-pele-rosa-bela-viveu-um-mes-muito-intenso-e-decidiu-revelar-o-que-se-passou\/6908b707d34e3caad84ad6ff\" rel=\"nofollow noopener\" target=\"_blank\">\u00abEmo\u00e7\u00f5es \u00e0 flor da pele\u00bb: Rosa Bela viveu um m\u00eas muito intenso e decidiu revelar o que se passou &#8211; Novelas &#8211; TVI<\/a><\/p>\n<p><a href=\"https:\/\/tvi.iol.pt\/novelas\/rita-pereira\/maria-de-fatima\/o-coracao-confirmou-rita-pereira-explode-de-emocao-com-vitoria-historica\" rel=\"nofollow noopener\" target=\"_blank\">\u00abO cora\u00e7\u00e3o confirmou\u00bb: Rita Pereira explode de emo\u00e7\u00e3o com vit\u00f3ria hist\u00f3rica &#8211; Novelas &#8211; TVI<\/a>\u00a0<\/p>\n","protected":false},"excerpt":{"rendered":"A atriz Fernanda Serrano, de 51 anos, continua a demonstrar que \u00e9 uma m\u00e3e babada, orgulhosa dos seus&hellip;\n","protected":false},"author":2,"featured_media":138878,"comment_status":"","ping_status":"","sticky":false,"template":"","format":"standard","meta":{"footnotes":""},"categories":[145],"tags":[160,211,210,166,955,114,115,1408,157,167,164,161,158,165,159,32,33,156,548,12049,163,162],"class_list":{"0":"post-138877","1":"post","2":"type-post","3":"status-publish","4":"format-standard","5":"has-post-thumbnail","7":"category-celebridades","8":"tag-ana-guiomar","9":"tag-celebridades","10":"tag-celebrities","11":"tag-cristina-ferreira","12":"tag-critica","13":"tag-entertainment","14":"tag-entretenimento","15":"tag-fernanda-serrano","16":"tag-festa-e-festa","17":"tag-ficcao","18":"tag-jose-fidalgo","19":"tag-novelas","20":"tag-para-sempre","21":"tag-pedro-sousa","22":"tag-pedro-teixeira","23":"tag-portugal","24":"tag-pt","25":"tag-queridos-papas","26":"tag-redes-sociais","27":"tag-santiago","28":"tag-tiago-teotonio-pereira","29":"tag-tvi"},"share_on_mastodon":{"url":"https:\/\/pubeurope.com\/@pt\/115490060070040102","error":""},"_links":{"self":[{"href":"https:\/\/www.europesays.com\/pt\/wp-json\/wp\/v2\/posts\/138877","targetHints":{"allow":["GET"]}}],"collection":[{"href":"https:\/\/www.europesays.com\/pt\/wp-json\/wp\/v2\/posts"}],"about":[{"href":"https:\/\/www.europesays.com\/pt\/wp-json\/wp\/v2\/types\/post"}],"author":[{"embeddable":true,"href":"https:\/\/www.europesays.com\/pt\/wp-json\/wp\/v2\/users\/2"}],"replies":[{"embeddable":true,"href":"https:\/\/www.europesays.com\/pt\/wp-json\/wp\/v2\/comments?post=138877"}],"version-history":[{"count":0,"href":"https:\/\/www.europesays.com\/pt\/wp-json\/wp\/v2\/posts\/138877\/revisions"}],"wp:featuredmedia":[{"embeddable":true,"href":"https:\/\/www.europesays.com\/pt\/wp-json\/wp\/v2\/media\/138878"}],"wp:attachment":[{"href":"https:\/\/www.europesays.com\/pt\/wp-json\/wp\/v2\/media?parent=138877"}],"wp:term":[{"taxonomy":"category","embeddable":true,"href":"https:\/\/www.europesays.com\/pt\/wp-json\/wp\/v2\/categories?post=138877"},{"taxonomy":"post_tag","embeddable":true,"href":"https:\/\/www.europesays.com\/pt\/wp-json\/wp\/v2\/tags?post=138877"}],"curies":[{"name":"wp","href":"https:\/\/api.w.org\/{rel}","templated":true}]}}