{"id":138879,"date":"2025-11-04T06:42:25","date_gmt":"2025-11-04T06:42:25","guid":{"rendered":"https:\/\/www.europesays.com\/pt\/138879\/"},"modified":"2025-11-04T06:42:25","modified_gmt":"2025-11-04T06:42:25","slug":"claro-nao-se-rejeita-uma-viagem-a-las-vegas","status":"publish","type":"post","link":"https:\/\/www.europesays.com\/pt\/138879\/","title":{"rendered":"\u201cClaro, n\u00e3o se rejeita uma viagem a Las Vegas\u201d"},"content":{"rendered":"<p>No <a href=\"https:\/\/tvi.iol.pt\/secretstory\" rel=\"nofollow noopener\" target=\"_blank\">Secret Story<\/a>, Dylan ganha viagem a Las Vegas e convida In\u00eas: \u201cClaro, n\u00e3o se rejeita uma viagem a Las Vegas\u201d, disse.<\/p>\n<p>Dylan vence prova e conquista pr\u00e9mio especial<\/p>\n<p>Ontem, a  <strong>\u201cCasa dos Segredos 9\u201d<\/strong> trouxe uma reviravolta inesperada e divertida.<br \/><strong>Dylan Fonte<\/strong>, o concorrente de 29 anos, natural de <strong>Viana do Castelo<\/strong>, conquistou uma <strong>viagem para duas pessoas a Las Vegas<\/strong>, pr\u00e9mio atribu\u00eddo numa prova promovida por um dos patrocinadores do reality show da <strong>TVI<\/strong>.<\/p>\n<p>Conhecido pelo seu sentido de humor e estilo descontra\u00eddo, o filho de milion\u00e1rios n\u00e3o hesitou em escolher a sua companhia para a aventura.<\/p>\n<p>In\u00eas aceita o convite sem hesitar<\/p>\n<p>Entre os sorrisos e a curiosidade dos colegas, <strong>Dylan<\/strong> decidiu convidar <strong>In\u00eas Gama<\/strong>, a concorrente do Montijo, com quem tem demonstrado uma clara cumplicidade ao longo das \u00faltimas semanas.<br \/>Ao ouvir o convite, In\u00eas respondeu prontamente: <strong>\u201cClaro, n\u00e3o se rejeita uma viagem a Las Vegas\u201d<\/strong>, deixando o colega visivelmente satisfeito.<\/p>\n<p>O momento n\u00e3o passou despercebido a <strong>Cristina Ferreira<\/strong>, que, em tom divertido, quis saber se o <strong>namorado misterioso de In\u00eas<\/strong>, que a espera fora da casa, aprovaria a escapadela.<br \/>A concorrente reagiu com confian\u00e7a: <strong>\u201cVou de viagem, qual \u00e9 o problema?\u201d<\/strong>, respondeu, sem mostrar qualquer receio da pergunta.<\/p>\n<p>\u201cO que se passa em Vegas, fica em Vegas\u201d<\/p>\n<p>Sempre pronto a brincar, Dylan n\u00e3o resistiu a acrescentar uma das frases mais ic\u00f3nicas associadas ao destino americano:<br \/><strong>\u201cO que se passa em Vegas, fica em Vegas\u201d<\/strong>, atirou o concorrente, provocando risos no est\u00fadio e algum desconforto vis\u00edvel em In\u00eas \u2014 que, ainda assim, manteve o sorriso.<\/p>\n<p>Apesar do ambiente leve, In\u00eas tem sido coerente quanto \u00e0 sua postura no jogo.<br \/>Ao longo da temporada, a concorrente reafirmou que <strong>n\u00e3o pretende envolver-se em romances dentro da casa<\/strong>, garantindo que mant\u00e9m uma rela\u00e7\u00e3o fora do programa.<\/p>\n<p>Como recordou em v\u00e1rias ocasi\u00f5es, o seu objetivo \u00e9 <strong>sair do reality show e retomar a hist\u00f3ria de amor que deixou em pausa<\/strong>, mostrando-se firme na decis\u00e3o.<\/p>\n<p><a href=\"https:\/\/news.google.com\/publications\/CAAqBwgKMKfIoAswtNK4Aw\" target=\"_blank\" rel=\"noopener noreferrer nofollow\"><img loading=\"lazy\" data-lazyloaded=\"1\" width=\"481\" height=\"161\" decoding=\"async\" src=\"\/wp-content\/uploads\/2024\/02\/GN_siganos.png\" alt=\"Siga-nos no Google News\" style=\"margin-top:20px;\"\/><\/a><\/p>\n","protected":false},"excerpt":{"rendered":"No Secret Story, Dylan ganha viagem a Las Vegas e convida In\u00eas: \u201cClaro, n\u00e3o se rejeita uma viagem&hellip;\n","protected":false},"author":2,"featured_media":80965,"comment_status":"","ping_status":"","sticky":false,"template":"","format":"standard","meta":{"footnotes":""},"categories":[142],"tags":[2632,21040,114,115,32,33,151],"class_list":{"0":"post-138879","1":"post","2":"type-post","3":"status-publish","4":"format-standard","5":"has-post-thumbnail","7":"category-tv","8":"tag-casa-dos-segredos","9":"tag-dylan-fonte","10":"tag-entertainment","11":"tag-entretenimento","12":"tag-portugal","13":"tag-pt","14":"tag-tv"},"share_on_mastodon":{"url":"https:\/\/pubeurope.com\/@pt\/115490071851566186","error":""},"_links":{"self":[{"href":"https:\/\/www.europesays.com\/pt\/wp-json\/wp\/v2\/posts\/138879","targetHints":{"allow":["GET"]}}],"collection":[{"href":"https:\/\/www.europesays.com\/pt\/wp-json\/wp\/v2\/posts"}],"about":[{"href":"https:\/\/www.europesays.com\/pt\/wp-json\/wp\/v2\/types\/post"}],"author":[{"embeddable":true,"href":"https:\/\/www.europesays.com\/pt\/wp-json\/wp\/v2\/users\/2"}],"replies":[{"embeddable":true,"href":"https:\/\/www.europesays.com\/pt\/wp-json\/wp\/v2\/comments?post=138879"}],"version-history":[{"count":0,"href":"https:\/\/www.europesays.com\/pt\/wp-json\/wp\/v2\/posts\/138879\/revisions"}],"wp:featuredmedia":[{"embeddable":true,"href":"https:\/\/www.europesays.com\/pt\/wp-json\/wp\/v2\/media\/80965"}],"wp:attachment":[{"href":"https:\/\/www.europesays.com\/pt\/wp-json\/wp\/v2\/media?parent=138879"}],"wp:term":[{"taxonomy":"category","embeddable":true,"href":"https:\/\/www.europesays.com\/pt\/wp-json\/wp\/v2\/categories?post=138879"},{"taxonomy":"post_tag","embeddable":true,"href":"https:\/\/www.europesays.com\/pt\/wp-json\/wp\/v2\/tags?post=138879"}],"curies":[{"name":"wp","href":"https:\/\/api.w.org\/{rel}","templated":true}]}}