{"id":138884,"date":"2025-11-04T06:56:32","date_gmt":"2025-11-04T06:56:32","guid":{"rendered":"https:\/\/www.europesays.com\/pt\/138884\/"},"modified":"2025-11-04T06:56:32","modified_gmt":"2025-11-04T06:56:32","slug":"ofendem-nao-sao-justos-e-nao-sao-imparciais","status":"publish","type":"post","link":"https:\/\/www.europesays.com\/pt\/138884\/","title":{"rendered":"\u201cOfendem, n\u00e3o s\u00e3o justos e n\u00e3o s\u00e3o imparciais\u2026\u201d"},"content":{"rendered":"<p>Nuno Brito recorreu este domingo, dia 2 de novembro, \u00e0 rede social Instagram para responder a alguns coment\u00e1rios, depois da troca de mensagens com <a href=\"https:\/\/www.hiper.fm\/vai-acabar-mal-nuno-brito-responde-a-francisco-monteiro-quando-nos-cruzarmos-quero-ver-te-dizer\/\" target=\"_blank\" rel=\"noopener nofollow\">Francisco Monteiro<\/a> e tamb\u00e9m da resposta dada a <a href=\"https:\/\/www.hiper.fm\/ja-me-mandou-mensagem-liliana-fala-de-nuno-brito-e-leva-resposta-alem-de-desavergonhada-e-mentirosa\/\" target=\"_blank\" rel=\"noopener nofollow\">Liliana<\/a> e <a href=\"https:\/\/www.hiper.fm\/nuno-brito-atira-se-a-fabio-apos-afirmacoes-rapazito-dos-dentes-de-piano\/\" target=\"_blank\" rel=\"noopener nofollow\">F\u00e1bio<\/a>, do Secret Story.<\/p>\n<p>O ex-concorrente do Big Brother 2025 come\u00e7ou por dizer: <strong>\u201cDesde ontem que muita gente me est\u00e1 a dizer porque \u00e9 que eu estou a responder a estas pessoas, porque \u00e9 que eu dou import\u00e2ncia. E agora, a minha quest\u00e3o \u00e9: Porque \u00e9 que n\u00e3o vou dar import\u00e2ncia? Porque \u00e9 n\u00e3o vou dar resposta a quem falou o que tinha para falar e n\u00e3o ouviu o que eu tinha para dizer?\u201d<\/strong><\/p>\n<p><strong>\u201cPara mim n\u00e3o faz sentido. A partir do momento em que tu falas o que queres, tens de estar pronto para ouvir o que tu n\u00e3o queres. E esse, muitas vezes, \u00e9 o problema. Come\u00e7ando pelos comentadores. Todos n\u00f3s sabemos que, muitas vezes, estes comentadores dizem o que querem, falam o que querem, como querem, ofendem, n\u00e3o s\u00e3o justos e n\u00e3o s\u00e3o imparciais. N\u00e3o \u00e9 para todos, mas h\u00e1 alguns que tentam ofender, magoar, ferir, denegrir. Tentam tudo\u201d<\/strong>, continuou.<\/p>\n<p>Nuno Brito prosseguiu: <strong>\u201cE, muitas vezes, h\u00e1 muita gente que quer falar, mas n\u00e3o fala. N\u00e3o t\u00eam coragem, t\u00eam medo de ser cancelado, t\u00eam medo dos [f\u00e3s]. Eu n\u00e3o tenho medo disso. Demorou at\u00e9 chegar muita coisa a mim, muitas imagens do que se falou e, claro, n\u00e3o ia deixar de falar o que eu tinha para falar. Por isso, quem falou mal, ouviu o que eu tinha a dizer. Quem falou bem, ouviu tamb\u00e9m o que eu tinha a dizer. Acho que \u00e9 justo, porque dizem \u2018n\u00e3o respondas\u2019\u2026 porque \u00e9 que eu n\u00e3o vou responder? A partir do momento que tu pegas no teu telem\u00f3vel, envias uma mensagem, seja a falar mal, a dar os parab\u00e9ns ou a insultar\u2026 Porque \u00e9 eu n\u00e3o tenho direito a responder tamb\u00e9m?\u201d<\/strong><\/p>\n<p>Nuno Brito deixou ainda uma garantia: <strong>\u201cN\u00e3o estou preocupado com o \u2018Desafio Final\u2019, n\u00e3o me interessa, n\u00e3o tenho interesse em entrar. N\u00e3o me vou esfor\u00e7ar para entrar. Se, eventualmente, me chamassem, tinham de pagar muito porque n\u00e3o tenho mesmo interesse no \u2018Desafio Final\u2019. O \u00fanico interesse \u00e9 dizer o que eu penso, acho e sinto. N\u00e3o me vou calar, n\u00e3o vou ter medo de coment\u00e1rios \u2013 tenho recebido alguns. Isso n\u00e3o me chateia. Se a consci\u00eancia estiver tranquila, vivemos em paz [\u2026]. Agora vou treinar, porque realmente a minha corre com ou sem televis\u00e3o, com ou sem realities, com ou sem \u2018Desafio Final\u2019\u201d<\/strong>.<\/p>\n<p>Veja os stories:<\/p>\n","protected":false},"excerpt":{"rendered":"Nuno Brito recorreu este domingo, dia 2 de novembro, \u00e0 rede social Instagram para responder a alguns coment\u00e1rios,&hellip;\n","protected":false},"author":2,"featured_media":138885,"comment_status":"","ping_status":"","sticky":false,"template":"","format":"standard","meta":{"footnotes":""},"categories":[142],"tags":[6810,1661,114,115,2071,6915,32,33,1315,151],"class_list":{"0":"post-138884","1":"post","2":"type-post","3":"status-publish","4":"format-standard","5":"has-post-thumbnail","7":"category-tv","8":"tag-big-brother-2025","9":"tag-destaque","10":"tag-entertainment","11":"tag-entretenimento","12":"tag-francisco-monteiro","13":"tag-nuno-brito","14":"tag-portugal","15":"tag-pt","16":"tag-secret-story","17":"tag-tv"},"share_on_mastodon":{"url":"https:\/\/pubeurope.com\/@pt\/115490126769121215","error":""},"_links":{"self":[{"href":"https:\/\/www.europesays.com\/pt\/wp-json\/wp\/v2\/posts\/138884","targetHints":{"allow":["GET"]}}],"collection":[{"href":"https:\/\/www.europesays.com\/pt\/wp-json\/wp\/v2\/posts"}],"about":[{"href":"https:\/\/www.europesays.com\/pt\/wp-json\/wp\/v2\/types\/post"}],"author":[{"embeddable":true,"href":"https:\/\/www.europesays.com\/pt\/wp-json\/wp\/v2\/users\/2"}],"replies":[{"embeddable":true,"href":"https:\/\/www.europesays.com\/pt\/wp-json\/wp\/v2\/comments?post=138884"}],"version-history":[{"count":0,"href":"https:\/\/www.europesays.com\/pt\/wp-json\/wp\/v2\/posts\/138884\/revisions"}],"wp:featuredmedia":[{"embeddable":true,"href":"https:\/\/www.europesays.com\/pt\/wp-json\/wp\/v2\/media\/138885"}],"wp:attachment":[{"href":"https:\/\/www.europesays.com\/pt\/wp-json\/wp\/v2\/media?parent=138884"}],"wp:term":[{"taxonomy":"category","embeddable":true,"href":"https:\/\/www.europesays.com\/pt\/wp-json\/wp\/v2\/categories?post=138884"},{"taxonomy":"post_tag","embeddable":true,"href":"https:\/\/www.europesays.com\/pt\/wp-json\/wp\/v2\/tags?post=138884"}],"curies":[{"name":"wp","href":"https:\/\/api.w.org\/{rel}","templated":true}]}}